{"id":2261,"date":"2018-01-01T14:58:51","date_gmt":"2018-01-01T17:58:51","guid":{"rendered":"http:\/\/www.paudalho.pe.gov.br\/portal\/?p=2261"},"modified":"2018-01-01T14:59:12","modified_gmt":"2018-01-01T17:59:12","slug":"com-apoio-da-prefeitura-do-paudalho-bloco-da-bolacha-abre-o-carnaval-em-pe-no-1o-dia-do-ano","status":"publish","type":"post","link":"https:\/\/www.paudalho.pe.gov.br\/portal\/com-apoio-da-prefeitura-do-paudalho-bloco-da-bolacha-abre-o-carnaval-em-pe-no-1o-dia-do-ano\/","title":{"rendered":"Com apoio da Prefeitura do Paudalho, Bloco da Bolacha abre o Carnaval em PE no 1\u00ba dia do ano"},"content":{"rendered":"<p>\u00d3 abre alas que eles v\u00e3o ser os primeiros a passar! Nesta segunda-feira (1) as principais ruas da cidade do Paudalho ser\u00e3o tomadas pelo j\u00e1 tradicional Bloco da Bolacha. O agrupamento carnavalesco ser\u00e1 o primeiro a sair no estado e assim abrir\u00e1 a programa\u00e7\u00e3o momesca em Pernambuco.<\/p>\n<h2><strong>Hist\u00f3ria\u00a0<\/strong><\/h2>\n<p>O Bloco da Bolacha foi criado em 2006, pelo atual presidente, Alexandre Anselmo, o vice-presidente, Celso Valentim e um grupo de amigos. \u201cTudo come\u00e7ou em uma brincadeira de amigos. Alexandre entrou em uma padaria comprou bolacha e saiu distribuindo, no outro dia a mesma coisa. A\u00ed ele disse: \u201cNo pr\u00f3ximo ano a gente vai colocar na rua o Bloco da Bolacha e foi o que aconteceu\u201d, comentou Celso Valentim. Mas, foi em 2008 que o grupo de foli\u00f5es passou a desfilar no primeiro dia do ano. \u201co primeiro ano teve 12 m\u00fasicos e a gente desfilou pelas principais ruas da cidade. J\u00e1 foi um sucesso\u201d, destacou.<\/p>\n<h2><strong>Primeiro bloco carnavalesco a desfilar no estado<\/strong><\/h2>\n<p>Atualmente o Bloco da Bolacha j\u00e1 \u00e9 programa\u00e7\u00e3o confirmada e arrasta uma multid\u00e3o da cidade. Nesta segunda o agrupamento carnavalesco vai sair, com apoio da Prefeitura do Paudalho, \u00e0s 18h em dire\u00e7\u00e3o as principais ruas da cidade. A multid\u00e3o de foli\u00f5es fora de \u00e9poca ser\u00e1 embalada pela Orquestra Luna que conta com 30 m\u00fasicas e a reg\u00eancia do maestro Bob Esponja. O evento ter\u00e1 a cobertura dos meios de comunica\u00e7\u00e3o da regi\u00e3o e da Rede Globo de Televis\u00e3o.<\/p>\n<p><strong>O vice-presidente, Celso Valentim, deixou um convite \u00e0 popula\u00e7\u00e3o:<\/strong><\/p>\n<p>&nbsp;<\/p>\n<!--[if lt IE 9]><script>document.createElement('audio');<\/script><![endif]-->\n<audio class=\"wp-audio-shortcode\" id=\"audio-2261-1\" preload=\"none\" style=\"width: 100%;\" controls=\"controls\"><source type=\"audio\/mpeg\" src=\"http:\/\/www.paudalho.pe.gov.br\/portal\/wp-content\/uploads\/2018\/01\/WhatsApp-Audio-2018-01-01-at-14.27.07-online-audio-converter.com_.mp3?_=1\" \/><a href=\"http:\/\/www.paudalho.pe.gov.br\/portal\/wp-content\/uploads\/2018\/01\/WhatsApp-Audio-2018-01-01-at-14.27.07-online-audio-converter.com_.mp3\">http:\/\/www.paudalho.pe.gov.br\/portal\/wp-content\/uploads\/2018\/01\/WhatsApp-Audio-2018-01-01-at-14.27.07-online-audio-converter.com_.mp3<\/a><\/audio>\n","protected":false},"excerpt":{"rendered":"<p>\u00d3 abre alas que eles v\u00e3o ser os primeiros a passar! Nesta segunda-feira (1) as principais ruas da cidade do Paudalho ser\u00e3o tomadas pelo j\u00e1 tradicional Bloco da Bolacha. O agrupamento carnavalesco ser\u00e1 o primeiro a sair no estado e assim abrir\u00e1 a programa\u00e7\u00e3o momesca em Pernambuco. Hist\u00f3ria\u00a0 O Bloco da Bolacha foi criado em [&hellip;]<\/p>\n","protected":false},"author":4,"featured_media":2270,"comment_status":"open","ping_status":"open","sticky":false,"template":"","format":"standard","meta":{"_jetpack_newsletter_access":"","_jetpack_dont_email_post_to_subs":false,"_jetpack_newsletter_tier_id":0,"_jetpack_memberships_contains_paywalled_content":false,"_jetpack_memberships_contains_paid_content":false,"footnotes":""},"categories":[6,2],"tags":[239,38,22,238],"class_list":["post-2261","post","type-post","status-publish","format-standard","has-post-thumbnail","hentry","category-cultura","category-destaque","tag-bloco-da-bolacha","tag-carnaval","tag-prefeitura-do-paudalho","tag-secretaria-de-cultura-e-turismo"],"jetpack_featured_media_url":"https:\/\/www.paudalho.pe.gov.br\/portal\/wp-content\/uploads\/2018\/01\/BLOCO.png","jetpack_sharing_enabled":true,"jetpack_shortlink":"https:\/\/wp.me\/p98mS2-At","_links":{"self":[{"href":"https:\/\/www.paudalho.pe.gov.br\/portal\/wp-json\/wp\/v2\/posts\/2261","targetHints":{"allow":["GET"]}}],"collection":[{"href":"https:\/\/www.paudalho.pe.gov.br\/portal\/wp-json\/wp\/v2\/posts"}],"about":[{"href":"https:\/\/www.paudalho.pe.gov.br\/portal\/wp-json\/wp\/v2\/types\/post"}],"author":[{"embeddable":true,"href":"https:\/\/www.paudalho.pe.gov.br\/portal\/wp-json\/wp\/v2\/users\/4"}],"replies":[{"embeddable":true,"href":"https:\/\/www.paudalho.pe.gov.br\/portal\/wp-json\/wp\/v2\/comments?post=2261"}],"version-history":[{"count":4,"href":"https:\/\/www.paudalho.pe.gov.br\/portal\/wp-json\/wp\/v2\/posts\/2261\/revisions"}],"predecessor-version":[{"id":2273,"href":"https:\/\/www.paudalho.pe.gov.br\/portal\/wp-json\/wp\/v2\/posts\/2261\/revisions\/2273"}],"wp:featuredmedia":[{"embeddable":true,"href":"https:\/\/www.paudalho.pe.gov.br\/portal\/wp-json\/wp\/v2\/media\/2270"}],"wp:attachment":[{"href":"https:\/\/www.paudalho.pe.gov.br\/portal\/wp-json\/wp\/v2\/media?parent=2261"}],"wp:term":[{"taxonomy":"category","embeddable":true,"href":"https:\/\/www.paudalho.pe.gov.br\/portal\/wp-json\/wp\/v2\/categories?post=2261"},{"taxonomy":"post_tag","embeddable":true,"href":"https:\/\/www.paudalho.pe.gov.br\/portal\/wp-json\/wp\/v2\/tags?post=2261"}],"curies":[{"name":"wp","href":"https:\/\/api.w.org\/{rel}","templated":true}]}}