{"id":22607,"date":"2022-05-30T08:21:39","date_gmt":"2022-05-30T11:21:39","guid":{"rendered":"https:\/\/www.paudalho.pe.gov.br\/portal\/?p=22607"},"modified":"2022-05-30T09:39:18","modified_gmt":"2022-05-30T12:39:18","slug":"paudalho-acolhe-mais-100-familias-em-abrigos-temporarios","status":"publish","type":"post","link":"https:\/\/www.paudalho.pe.gov.br\/portal\/paudalho-acolhe-mais-100-familias-em-abrigos-temporarios\/","title":{"rendered":"Paudalho acolhe mais de 100 fam\u00edlias em abrigos tempor\u00e1rios"},"content":{"rendered":"\n<p>A Prefeitura do Paudalho, por meio da Secretaria de Assist\u00eancia Social, informa que, at\u00e9 a manh\u00e3 desta segunda-feira (30), mais de 100 fam\u00edlias est\u00e3o alojadas em abrigos tempor\u00e1rios disponibilizados para acolher quem perdeu suas casas ou que tiveram que sair de suas resid\u00eancias devido os impactos das fortes chuvas.<\/p>\n\n\n\n<p>Ainda conforme a pasta, a maior quantidade de pessoas desalojadas \u00e9 de Ch\u00e3 de Cruz, na zona rural do munic\u00edpio, por causa dos c\u00f3rregos que transbordaram na regi\u00e3o.<\/p>\n\n\n\n<p>&#8220;A Assist\u00eancia tirou essas pessoas de suas casas e levou para os abrigos. Fornecemos colch\u00f5es e len\u00e7\u00f3is, porque muita gente saiu de sua resid\u00eancia s\u00f3 com a roupa que usava. Al\u00e9m disso, estamos fornecendo caf\u00e9 da manh\u00e3, almo\u00e7o, janta, lanche e dando todo suporte dentro da pol\u00edtica de assist\u00eancia. E seguimos firmes garantido o direito de quem necessita&#8221;, disse Taynara Alves dos Santos, Orientadora Social.<\/p>\n\n\n\n<p>Os abrigos tempor\u00e1rios oferecidos pela Prefeitura do Paudalho s\u00e3o no Col\u00e9gio Maria de F\u00e1tima, situado na Estrada de Aldeia, em Ch\u00e3 de Cruz; Col\u00e9gio Municipal Tancredo Neves, na Rua da Ladeira Preta, s\/n, no Centro de Paudalho; e na Creche M. Leonel Francisco Soares, situado na Rua Pedro de Lima, n\u00b0 42, no Distrito de Guadalajara.<\/p>\n\n\n\n<p><strong>DOA\u00c7\u00d5ES:<\/strong><\/p>\n\n\n\n<p>Todos os abrigos est\u00e3o recebendo doa\u00e7\u00f5es, al\u00e9m da Casa da Sopa e a Secretaria de Assist\u00eancia, no Centro do Paudalho.<\/p>\n\n\n\n<p>&#8220;Essas pessoas abrigadas est\u00e3o precisando de itens de higiene pessoal, len\u00e7ol, fraldas descart\u00e1veis, colch\u00e3o, toalhas, roupas, chinelos, alimentos n\u00e3o perec\u00edveis, lanches, fog\u00e3o, geladeira, tudo. Quatro fam\u00edlias perderam tudo. S\u00f3 deu tempo sair, e a casa caiu.. toda doa\u00e7\u00e3o ser\u00e1 bem-vinda&#8221;, acrescentou Taynara.<\/p>\n\n\n\n<p><\/p>\n\n\n\n<p><\/p>\n","protected":false},"excerpt":{"rendered":"<p>A Prefeitura do Paudalho, por meio da Secretaria de Assist\u00eancia Social, informa que, at\u00e9 a manh\u00e3 desta segunda-feira (30), mais de 100 fam\u00edlias est\u00e3o alojadas em abrigos tempor\u00e1rios disponibilizados para acolher quem perdeu suas casas ou que tiveram que sair de suas resid\u00eancias devido os impactos das fortes chuvas. Ainda conforme a pasta, a maior [&hellip;]<\/p>\n","protected":false},"author":2,"featured_media":22608,"comment_status":"open","ping_status":"open","sticky":false,"template":"","format":"standard","meta":{"_jetpack_newsletter_access":"","_jetpack_dont_email_post_to_subs":false,"_jetpack_newsletter_tier_id":0,"_jetpack_memberships_contains_paywalled_content":false,"_jetpack_memberships_contains_paid_content":false,"footnotes":""},"categories":[850,2],"tags":[980,979,14],"class_list":["post-22607","post","type-post","status-publish","format-standard","has-post-thumbnail","hentry","category-assistencia-social","category-destaque","tag-abrigos","tag-acolhe","tag-paudalho"],"jetpack_featured_media_url":"https:\/\/www.paudalho.pe.gov.br\/portal\/wp-content\/uploads\/2022\/05\/IMG-20220530-WA0063.jpg","jetpack_sharing_enabled":true,"jetpack_shortlink":"https:\/\/wp.me\/p98mS2-5SD","_links":{"self":[{"href":"https:\/\/www.paudalho.pe.gov.br\/portal\/wp-json\/wp\/v2\/posts\/22607","targetHints":{"allow":["GET"]}}],"collection":[{"href":"https:\/\/www.paudalho.pe.gov.br\/portal\/wp-json\/wp\/v2\/posts"}],"about":[{"href":"https:\/\/www.paudalho.pe.gov.br\/portal\/wp-json\/wp\/v2\/types\/post"}],"author":[{"embeddable":true,"href":"https:\/\/www.paudalho.pe.gov.br\/portal\/wp-json\/wp\/v2\/users\/2"}],"replies":[{"embeddable":true,"href":"https:\/\/www.paudalho.pe.gov.br\/portal\/wp-json\/wp\/v2\/comments?post=22607"}],"version-history":[{"count":4,"href":"https:\/\/www.paudalho.pe.gov.br\/portal\/wp-json\/wp\/v2\/posts\/22607\/revisions"}],"predecessor-version":[{"id":22613,"href":"https:\/\/www.paudalho.pe.gov.br\/portal\/wp-json\/wp\/v2\/posts\/22607\/revisions\/22613"}],"wp:featuredmedia":[{"embeddable":true,"href":"https:\/\/www.paudalho.pe.gov.br\/portal\/wp-json\/wp\/v2\/media\/22608"}],"wp:attachment":[{"href":"https:\/\/www.paudalho.pe.gov.br\/portal\/wp-json\/wp\/v2\/media?parent=22607"}],"wp:term":[{"taxonomy":"category","embeddable":true,"href":"https:\/\/www.paudalho.pe.gov.br\/portal\/wp-json\/wp\/v2\/categories?post=22607"},{"taxonomy":"post_tag","embeddable":true,"href":"https:\/\/www.paudalho.pe.gov.br\/portal\/wp-json\/wp\/v2\/tags?post=22607"}],"curies":[{"name":"wp","href":"https:\/\/api.w.org\/{rel}","templated":true}]}}