{"id":22600,"date":"2022-05-29T18:12:40","date_gmt":"2022-05-29T21:12:40","guid":{"rendered":"https:\/\/www.paudalho.pe.gov.br\/portal\/?p=22600"},"modified":"2022-05-30T01:12:40","modified_gmt":"2022-05-30T04:12:40","slug":"prefeitura-do-paudalho-decreta-situacao-de-emergencia-e-cancela-as-festividades-do-sao-joao-2022","status":"publish","type":"post","link":"https:\/\/www.paudalho.pe.gov.br\/portal\/prefeitura-do-paudalho-decreta-situacao-de-emergencia-e-cancela-as-festividades-do-sao-joao-2022\/","title":{"rendered":"Prefeitura do Paudalho decreta situa\u00e7\u00e3o de emerg\u00eancia e cancela as festividades do S\u00e3o Jo\u00e3o 2022"},"content":{"rendered":"\n<p>A Prefeitura do Paudalho decretou, neste domingo (29), situa\u00e7\u00e3o de emerg\u00eancia, devido \u00e0s fortes chuvas que atingem o munic\u00edpio nos \u00faltimos dias, e cancelou as festividades do S\u00e3o Jo\u00e3o 2022.<\/p>\n\n\n\n<p>O Decreto n\u00b0 260\/2022 foi publicado agora pouco e autoriza que a Defesa Civil Municipal e as demais secretarias e \u00f3rg\u00e3os dever\u00e3o atuar de maneira emergencial, tomando as provid\u00eancias que se fizerem necess\u00e1ria para a garantia de todos os direitos da popula\u00e7\u00e3o.<\/p>\n\n\n\n<p>De acordo com a Prefeitura, os recursos que seriam utilizados no S\u00e3o Jo\u00e3o ser\u00e3o destinados \u00e0s obras de infraestrutura na cidade, assim como para apoio \u00e0s fam\u00edlias desabrigadas. <\/p>\n\n\n\n<p>Com o decreto de situa\u00e7\u00e3o de emerg\u00eancia, a Prefeitura do Paudalho tamb\u00e9m autoriza a convoca\u00e7\u00e3o de volunt\u00e1rios para refor\u00e7ar as a\u00e7\u00f5es de resposta aos desastres e a realiza\u00e7\u00e3o de campanhas de arrecada\u00e7\u00e3o de recursos junto \u00e0 comunidade, com o objetivo de facilitar as a\u00e7\u00f5es de assist\u00eancia \u00e0 popula\u00e7\u00e3o afetada.<\/p>\n\n\n\n<p>Essas atividades ser\u00e3o coordenadas pelo Departamento de Defesa Civil Municipal em conjunto com a Secretaria de Desenvolvimento e Assist\u00eancia Social.<\/p>\n\n\n\n<p>Ainda conforme o decreto, considerando a urg\u00eancia da situa\u00e7\u00e3o vigente, ficam dispensados de licita\u00e7\u00e3o os contratos de aquisi\u00e7\u00e3o de bens necess\u00e1rios \u00e0s atividades de resposta ao desastre, de presta\u00e7\u00e3o de servi\u00e7os e de obras relacionadas com a reabilita\u00e7\u00e3o dos cen\u00e1rios dos desastres, desde que possam ser conclu\u00eddas no prazo m\u00e1ximo de cento e oitenta dias consecutivos e ininterruptos, contados a partir da caracteriza\u00e7\u00e3o do desastre, vedada a prorroga\u00e7\u00e3o dos contratos.<\/p>\n\n\n\n<p>Confira o decreto completo no link a seguir: <\/p>\n\n\n\n<div data-wp-interactive=\"core\/file\" class=\"wp-block-file\"><object data-wp-bind--hidden=\"!state.hasPdfPreview\" hidden class=\"wp-block-file__embed\" data=\"https:\/\/www.paudalho.pe.gov.br\/portal\/wp-content\/uploads\/2022\/05\/Decreto-260-2022-Estado-de-Emergencia-Chuvas.pdf\" type=\"application\/pdf\" style=\"width:100%;height:600px\" aria-label=\"Incorporado de Incorporado de Decreto-260-2022-Estado-de-Emergencia-Chuvas..\"><\/object><a id=\"wp-block-file--media-7a4a1124-c31a-4bf3-b900-ea925c7fdc47\" href=\"https:\/\/www.paudalho.pe.gov.br\/portal\/wp-content\/uploads\/2022\/05\/Decreto-260-2022-Estado-de-Emergencia-Chuvas.pdf\">Decreto-260-2022-Estado-de-Emergencia-Chuvas<\/a><a href=\"https:\/\/www.paudalho.pe.gov.br\/portal\/wp-content\/uploads\/2022\/05\/Decreto-260-2022-Estado-de-Emergencia-Chuvas.pdf\" class=\"wp-block-file__button\" download aria-describedby=\"wp-block-file--media-7a4a1124-c31a-4bf3-b900-ea925c7fdc47\">Baixar<\/a><\/div>\n","protected":false},"excerpt":{"rendered":"<p>A Prefeitura do Paudalho decretou, neste domingo (29), situa\u00e7\u00e3o de emerg\u00eancia, devido \u00e0s fortes chuvas que atingem o munic\u00edpio nos \u00faltimos dias, e cancelou as festividades do S\u00e3o Jo\u00e3o 2022. O Decreto n\u00b0 260\/2022 foi publicado agora pouco e autoriza que a Defesa Civil Municipal e as demais secretarias e \u00f3rg\u00e3os dever\u00e3o atuar de maneira [&hellip;]<\/p>\n","protected":false},"author":2,"featured_media":22601,"comment_status":"open","ping_status":"open","sticky":false,"template":"","format":"standard","meta":{"_jetpack_newsletter_access":"","_jetpack_dont_email_post_to_subs":false,"_jetpack_newsletter_tier_id":0,"_jetpack_memberships_contains_paywalled_content":false,"_jetpack_memberships_contains_paid_content":false,"footnotes":""},"categories":[32,2,1],"tags":[978,977,14,294],"class_list":["post-22600","post","type-post","status-publish","format-standard","has-post-thumbnail","hentry","category-comunicado","category-destaque","category-noticias","tag-cancelamento","tag-emergencia","tag-paudalho","tag-sao-joao"],"jetpack_featured_media_url":"https:\/\/www.paudalho.pe.gov.br\/portal\/wp-content\/uploads\/2022\/05\/IMG-20220529-WA03151.jpg","jetpack_sharing_enabled":true,"jetpack_shortlink":"https:\/\/wp.me\/p98mS2-5Sw","_links":{"self":[{"href":"https:\/\/www.paudalho.pe.gov.br\/portal\/wp-json\/wp\/v2\/posts\/22600","targetHints":{"allow":["GET"]}}],"collection":[{"href":"https:\/\/www.paudalho.pe.gov.br\/portal\/wp-json\/wp\/v2\/posts"}],"about":[{"href":"https:\/\/www.paudalho.pe.gov.br\/portal\/wp-json\/wp\/v2\/types\/post"}],"author":[{"embeddable":true,"href":"https:\/\/www.paudalho.pe.gov.br\/portal\/wp-json\/wp\/v2\/users\/2"}],"replies":[{"embeddable":true,"href":"https:\/\/www.paudalho.pe.gov.br\/portal\/wp-json\/wp\/v2\/comments?post=22600"}],"version-history":[{"count":4,"href":"https:\/\/www.paudalho.pe.gov.br\/portal\/wp-json\/wp\/v2\/posts\/22600\/revisions"}],"predecessor-version":[{"id":22606,"href":"https:\/\/www.paudalho.pe.gov.br\/portal\/wp-json\/wp\/v2\/posts\/22600\/revisions\/22606"}],"wp:featuredmedia":[{"embeddable":true,"href":"https:\/\/www.paudalho.pe.gov.br\/portal\/wp-json\/wp\/v2\/media\/22601"}],"wp:attachment":[{"href":"https:\/\/www.paudalho.pe.gov.br\/portal\/wp-json\/wp\/v2\/media?parent=22600"}],"wp:term":[{"taxonomy":"category","embeddable":true,"href":"https:\/\/www.paudalho.pe.gov.br\/portal\/wp-json\/wp\/v2\/categories?post=22600"},{"taxonomy":"post_tag","embeddable":true,"href":"https:\/\/www.paudalho.pe.gov.br\/portal\/wp-json\/wp\/v2\/tags?post=22600"}],"curies":[{"name":"wp","href":"https:\/\/api.w.org\/{rel}","templated":true}]}}