{"id":22597,"date":"2022-05-29T17:14:45","date_gmt":"2022-05-29T20:14:45","guid":{"rendered":"https:\/\/www.paudalho.pe.gov.br\/portal\/?p=22597"},"modified":"2022-05-29T17:14:45","modified_gmt":"2022-05-29T20:14:45","slug":"paudalho-cancela-reuniao-com-colaboradores-comerciais-e-ambulantes-por-causa-das-fortes-chuvas","status":"publish","type":"post","link":"https:\/\/www.paudalho.pe.gov.br\/portal\/paudalho-cancela-reuniao-com-colaboradores-comerciais-e-ambulantes-por-causa-das-fortes-chuvas\/","title":{"rendered":"Paudalho cancela reuni\u00e3o com colaboradores comerciais e ambulantes por causa das fortes chuvas"},"content":{"rendered":"\n<p>Ap\u00f3s os impactos causados pelas fortes chuvas, a Prefeitura Municipal do Paudalho cancelou a reuni\u00e3o com colaboradores comerciais e ambulantes, que seria realizada nesta segunda-feira (30), para tratar de assunto pertinentes ao S\u00e3o Jo\u00e3o 2022.<\/p>\n\n\n\n<p>De acordo com informa\u00e7\u00f5es de representantes da Secretaria de Desenvolvimento Urbano e Meio Ambiente junto \u00e0 Secretaria de Cultura, Turismo, Lazer e Juventude, uma nova data ser\u00e1 divulgada nos pr\u00f3ximos dias.<\/p>\n\n\n\n<p>O encontro seria na sala de reuni\u00f5es do P\u00e1tio da Feira Prefeito Ulisses Roque, no centro da cidade do Paudalho.<\/p>\n","protected":false},"excerpt":{"rendered":"<p>Ap\u00f3s os impactos causados pelas fortes chuvas, a Prefeitura Municipal do Paudalho cancelou a reuni\u00e3o com colaboradores comerciais e ambulantes, que seria realizada nesta segunda-feira (30), para tratar de assunto pertinentes ao S\u00e3o Jo\u00e3o 2022. De acordo com informa\u00e7\u00f5es de representantes da Secretaria de Desenvolvimento Urbano e Meio Ambiente junto \u00e0 Secretaria de Cultura, Turismo, [&hellip;]<\/p>\n","protected":false},"author":2,"featured_media":22598,"comment_status":"open","ping_status":"open","sticky":false,"template":"","format":"standard","meta":{"_jetpack_newsletter_access":"","_jetpack_dont_email_post_to_subs":false,"_jetpack_newsletter_tier_id":0,"_jetpack_memberships_contains_paywalled_content":false,"_jetpack_memberships_contains_paid_content":false,"footnotes":""},"categories":[2,42,1],"tags":[976,14,965],"class_list":["post-22597","post","type-post","status-publish","format-standard","has-post-thumbnail","hentry","category-destaque","category-economia","category-noticias","tag-comerciantes","tag-paudalho","tag-reuniao"],"jetpack_featured_media_url":"https:\/\/www.paudalho.pe.gov.br\/portal\/wp-content\/uploads\/2022\/05\/IMG-20220524-WA0371-1.jpg","jetpack_sharing_enabled":true,"jetpack_shortlink":"https:\/\/wp.me\/p98mS2-5St","_links":{"self":[{"href":"https:\/\/www.paudalho.pe.gov.br\/portal\/wp-json\/wp\/v2\/posts\/22597","targetHints":{"allow":["GET"]}}],"collection":[{"href":"https:\/\/www.paudalho.pe.gov.br\/portal\/wp-json\/wp\/v2\/posts"}],"about":[{"href":"https:\/\/www.paudalho.pe.gov.br\/portal\/wp-json\/wp\/v2\/types\/post"}],"author":[{"embeddable":true,"href":"https:\/\/www.paudalho.pe.gov.br\/portal\/wp-json\/wp\/v2\/users\/2"}],"replies":[{"embeddable":true,"href":"https:\/\/www.paudalho.pe.gov.br\/portal\/wp-json\/wp\/v2\/comments?post=22597"}],"version-history":[{"count":1,"href":"https:\/\/www.paudalho.pe.gov.br\/portal\/wp-json\/wp\/v2\/posts\/22597\/revisions"}],"predecessor-version":[{"id":22599,"href":"https:\/\/www.paudalho.pe.gov.br\/portal\/wp-json\/wp\/v2\/posts\/22597\/revisions\/22599"}],"wp:featuredmedia":[{"embeddable":true,"href":"https:\/\/www.paudalho.pe.gov.br\/portal\/wp-json\/wp\/v2\/media\/22598"}],"wp:attachment":[{"href":"https:\/\/www.paudalho.pe.gov.br\/portal\/wp-json\/wp\/v2\/media?parent=22597"}],"wp:term":[{"taxonomy":"category","embeddable":true,"href":"https:\/\/www.paudalho.pe.gov.br\/portal\/wp-json\/wp\/v2\/categories?post=22597"},{"taxonomy":"post_tag","embeddable":true,"href":"https:\/\/www.paudalho.pe.gov.br\/portal\/wp-json\/wp\/v2\/tags?post=22597"}],"curies":[{"name":"wp","href":"https:\/\/api.w.org\/{rel}","templated":true}]}}