{"id":22537,"date":"2022-05-24T18:36:31","date_gmt":"2022-05-24T21:36:31","guid":{"rendered":"https:\/\/www.paudalho.pe.gov.br\/portal\/?p=22537"},"modified":"2022-05-24T18:36:31","modified_gmt":"2022-05-24T21:36:31","slug":"paudalho-inicia-cadastro-de-ambulantes-interessados-as-em-trabalhar-durante-o-sao-joao-2022","status":"publish","type":"post","link":"https:\/\/www.paudalho.pe.gov.br\/portal\/paudalho-inicia-cadastro-de-ambulantes-interessados-as-em-trabalhar-durante-o-sao-joao-2022\/","title":{"rendered":"Paudalho inicia cadastro de ambulantes interessados (as) em trabalhar durante o S\u00e3o Jo\u00e3o 2022"},"content":{"rendered":"\n<p>A Prefeitura do Paudalho, por meio da Secretaria de Desenvolvimento Urbano e Meio Ambiente, inicia, nesta quarta-feira (25), o cadastramento de ambulantes interessados (as) em trabalhar durante o per\u00edodo junino.<\/p>\n\n\n\n<p>As inscri\u00e7\u00f5es ser\u00e3o realizadas at\u00e9 o dia 27 deste m\u00eas, no Departamento de Controle Urbano e Meio Ambiente, localizado no P\u00e1tio da Feira, a partir das 13h.<\/p>\n\n\n\n<p>\u00c9 necess\u00e1rio que os (as) interessados (as) apresentem carteira de identidade, CPF e comprovante de resid\u00eancia. Ser\u00e3o aceitos ambulantes que desejam comercializar em barracas, quiosques, carro de m\u00e3o e bares.<\/p>\n\n\n\n<p>Os vendedores ambulantes que trabalharam no \u00faltimo S\u00e3o Jo\u00e3o tamb\u00e9m devem atualizar o cadastro. As novas inscri\u00e7\u00f5es v\u00e3o ficar registradas como cadastro de reserva.<\/p>\n","protected":false},"excerpt":{"rendered":"<p>A Prefeitura do Paudalho, por meio da Secretaria de Desenvolvimento Urbano e Meio Ambiente, inicia, nesta quarta-feira (25), o cadastramento de ambulantes interessados (as) em trabalhar durante o per\u00edodo junino. As inscri\u00e7\u00f5es ser\u00e3o realizadas at\u00e9 o dia 27 deste m\u00eas, no Departamento de Controle Urbano e Meio Ambiente, localizado no P\u00e1tio da Feira, a partir [&hellip;]<\/p>\n","protected":false},"author":2,"featured_media":22538,"comment_status":"open","ping_status":"open","sticky":false,"template":"","format":"standard","meta":{"_jetpack_newsletter_access":"","_jetpack_dont_email_post_to_subs":false,"_jetpack_newsletter_tier_id":0,"_jetpack_memberships_contains_paywalled_content":false,"_jetpack_memberships_contains_paid_content":false,"footnotes":""},"categories":[6,2,749],"tags":[251,956,957],"class_list":["post-22537","post","type-post","status-publish","format-standard","has-post-thumbnail","hentry","category-cultura","category-destaque","category-sao-joao","tag-ambulantes","tag-cadastro","tag-sao-joao-2022"],"jetpack_featured_media_url":"https:\/\/www.paudalho.pe.gov.br\/portal\/wp-content\/uploads\/2022\/05\/IMG-20220524-WA0371.jpg","jetpack_sharing_enabled":true,"jetpack_shortlink":"https:\/\/wp.me\/p98mS2-5Rv","_links":{"self":[{"href":"https:\/\/www.paudalho.pe.gov.br\/portal\/wp-json\/wp\/v2\/posts\/22537","targetHints":{"allow":["GET"]}}],"collection":[{"href":"https:\/\/www.paudalho.pe.gov.br\/portal\/wp-json\/wp\/v2\/posts"}],"about":[{"href":"https:\/\/www.paudalho.pe.gov.br\/portal\/wp-json\/wp\/v2\/types\/post"}],"author":[{"embeddable":true,"href":"https:\/\/www.paudalho.pe.gov.br\/portal\/wp-json\/wp\/v2\/users\/2"}],"replies":[{"embeddable":true,"href":"https:\/\/www.paudalho.pe.gov.br\/portal\/wp-json\/wp\/v2\/comments?post=22537"}],"version-history":[{"count":2,"href":"https:\/\/www.paudalho.pe.gov.br\/portal\/wp-json\/wp\/v2\/posts\/22537\/revisions"}],"predecessor-version":[{"id":22540,"href":"https:\/\/www.paudalho.pe.gov.br\/portal\/wp-json\/wp\/v2\/posts\/22537\/revisions\/22540"}],"wp:featuredmedia":[{"embeddable":true,"href":"https:\/\/www.paudalho.pe.gov.br\/portal\/wp-json\/wp\/v2\/media\/22538"}],"wp:attachment":[{"href":"https:\/\/www.paudalho.pe.gov.br\/portal\/wp-json\/wp\/v2\/media?parent=22537"}],"wp:term":[{"taxonomy":"category","embeddable":true,"href":"https:\/\/www.paudalho.pe.gov.br\/portal\/wp-json\/wp\/v2\/categories?post=22537"},{"taxonomy":"post_tag","embeddable":true,"href":"https:\/\/www.paudalho.pe.gov.br\/portal\/wp-json\/wp\/v2\/tags?post=22537"}],"curies":[{"name":"wp","href":"https:\/\/api.w.org\/{rel}","templated":true}]}}