{"id":22513,"date":"2022-05-23T14:04:55","date_gmt":"2022-05-23T17:04:55","guid":{"rendered":"https:\/\/www.paudalho.pe.gov.br\/portal\/?p=22513"},"modified":"2022-05-23T14:25:35","modified_gmt":"2022-05-23T17:25:35","slug":"289-familias-de-guadalajara-no-paudalho-recebem-titulo-de-propriedade-de-imovel-atraves-do-programa1-moradia-legal","status":"publish","type":"post","link":"https:\/\/www.paudalho.pe.gov.br\/portal\/289-familias-de-guadalajara-no-paudalho-recebem-titulo-de-propriedade-de-imovel-atraves-do-programa1-moradia-legal\/","title":{"rendered":"289 fam\u00edlias de Guadalajara, no Paudalho, recebem t\u00edtulo de propriedade de im\u00f3vel atrav\u00e9s do Programa Moradia Legal"},"content":{"rendered":"\n<p>Um total de 289 fam\u00edlias do Distrito de Guadalajara, no Paudalho, foram beneficiadas com t\u00edtulo de propriedade de im\u00f3vel, durante solenidade realizada no \u00faltimo s\u00e1bado, dia 21 de maio, com a presen\u00e7a do prefeito Marcelo Gouveia e de outras autoridades. A a\u00e7\u00e3o foi mais uma etapa do Programa Moradia Legal, que foi iniciada em julho do ano passado no munic\u00edpio. <\/p>\n\n\n\n<p>Paudalho \u00e9 uma das primeiras cidades da Zona da Mata Norte a realizar a regulariza\u00e7\u00e3o fundi\u00e1ria, com o objetivo de garantir moradia digna e seguran\u00e7a jur\u00eddica aos beneficiados. <\/p>\n\n\n\n<p>O programa Moradia Legal tem realiza\u00e7\u00e3o do Tribunal de Justi\u00e7a de Pernambuco (TJPE) junto \u00e0 Corregedoria Geral da Justi\u00e7a de Pernambuco (CGJPE) e conta com o apoio do Governo Municipal, da Associa\u00e7\u00e3o dos Registradores de Im\u00f3veis de Pernambuco (ARIPE), da Associa\u00e7\u00e3o Municipalista de Pernambuco (AMUPE), da Universidade Federal de Pernambuco (UFPE), da Escola Judicial de Pernambuco (Esmape), da Associa\u00e7\u00e3o dos Not\u00e1rios e Registradores de Pernambuco (AnoregPE), da Superintend\u00eancia do Patrim\u00f4nio da Uni\u00e3o em Pernambuco (SPU-PE) e do Instituto de Terras e Reforma Agr\u00e1ria de Pernambuco (Iterpe). <\/p>\n\n\n\n<p><strong>Confira fotos do evento (Fot\u00f3grafo Josu\u00e9 J\u00fanior): <\/strong><\/p>\n\n\n\n<figure class=\"wp-block-gallery has-nested-images columns-default is-cropped wp-block-gallery-1 is-layout-flex wp-block-gallery-is-layout-flex\">\n<figure class=\"wp-block-image size-large\"><img loading=\"lazy\" decoding=\"async\" width=\"800\" height=\"450\" data-attachment-id=\"22515\" data-permalink=\"https:\/\/www.paudalho.pe.gov.br\/portal\/289-familias-de-guadalajara-no-paudalho-recebem-titulo-de-propriedade-de-imovel-atraves-do-programa1-moradia-legal\/752d46ad-9c78-4ff1-a75e-a53321916ab7\/\" data-orig-file=\"https:\/\/www.paudalho.pe.gov.br\/portal\/wp-content\/uploads\/2022\/05\/752d46ad-9c78-4ff1-a75e-a53321916ab7.jpg\" data-orig-size=\"1280,853\" data-comments-opened=\"1\" data-image-meta=\"{&quot;aperture&quot;:&quot;0&quot;,&quot;credit&quot;:&quot;&quot;,&quot;camera&quot;:&quot;&quot;,&quot;caption&quot;:&quot;&quot;,&quot;created_timestamp&quot;:&quot;0&quot;,&quot;copyright&quot;:&quot;&quot;,&quot;focal_length&quot;:&quot;0&quot;,&quot;iso&quot;:&quot;0&quot;,&quot;shutter_speed&quot;:&quot;0&quot;,&quot;title&quot;:&quot;&quot;,&quot;orientation&quot;:&quot;1&quot;}\" data-image-title=\"752d46ad-9c78-4ff1-a75e-a53321916ab7\" data-image-description=\"\" data-image-caption=\"\" data-medium-file=\"https:\/\/www.paudalho.pe.gov.br\/portal\/wp-content\/uploads\/2022\/05\/752d46ad-9c78-4ff1-a75e-a53321916ab7-350x230.jpg\" data-large-file=\"https:\/\/www.paudalho.pe.gov.br\/portal\/wp-content\/uploads\/2022\/05\/752d46ad-9c78-4ff1-a75e-a53321916ab7-800x450.jpg\" data-id=\"22515\" src=\"https:\/\/www.paudalho.pe.gov.br\/portal\/wp-content\/uploads\/2022\/05\/752d46ad-9c78-4ff1-a75e-a53321916ab7-800x450.jpg\" alt=\"\" class=\"wp-image-22515\"\/><\/figure>\n\n\n\n<figure class=\"wp-block-image size-large\"><img loading=\"lazy\" decoding=\"async\" width=\"800\" height=\"450\" data-attachment-id=\"22518\" data-permalink=\"https:\/\/www.paudalho.pe.gov.br\/portal\/289-familias-de-guadalajara-no-paudalho-recebem-titulo-de-propriedade-de-imovel-atraves-do-programa1-moradia-legal\/6879098a-021a-4ea9-9ac0-db9b758725ab\/\" data-orig-file=\"https:\/\/www.paudalho.pe.gov.br\/portal\/wp-content\/uploads\/2022\/05\/6879098a-021a-4ea9-9ac0-db9b758725ab.jpg\" data-orig-size=\"1280,853\" data-comments-opened=\"1\" data-image-meta=\"{&quot;aperture&quot;:&quot;0&quot;,&quot;credit&quot;:&quot;&quot;,&quot;camera&quot;:&quot;&quot;,&quot;caption&quot;:&quot;&quot;,&quot;created_timestamp&quot;:&quot;0&quot;,&quot;copyright&quot;:&quot;&quot;,&quot;focal_length&quot;:&quot;0&quot;,&quot;iso&quot;:&quot;0&quot;,&quot;shutter_speed&quot;:&quot;0&quot;,&quot;title&quot;:&quot;&quot;,&quot;orientation&quot;:&quot;1&quot;}\" data-image-title=\"6879098a-021a-4ea9-9ac0-db9b758725ab\" data-image-description=\"\" data-image-caption=\"\" data-medium-file=\"https:\/\/www.paudalho.pe.gov.br\/portal\/wp-content\/uploads\/2022\/05\/6879098a-021a-4ea9-9ac0-db9b758725ab-350x230.jpg\" data-large-file=\"https:\/\/www.paudalho.pe.gov.br\/portal\/wp-content\/uploads\/2022\/05\/6879098a-021a-4ea9-9ac0-db9b758725ab-800x450.jpg\" data-id=\"22518\" src=\"https:\/\/www.paudalho.pe.gov.br\/portal\/wp-content\/uploads\/2022\/05\/6879098a-021a-4ea9-9ac0-db9b758725ab-800x450.jpg\" alt=\"\" class=\"wp-image-22518\"\/><\/figure>\n\n\n\n<figure class=\"wp-block-image size-large\"><img loading=\"lazy\" decoding=\"async\" width=\"800\" height=\"450\" data-attachment-id=\"22516\" data-permalink=\"https:\/\/www.paudalho.pe.gov.br\/portal\/289-familias-de-guadalajara-no-paudalho-recebem-titulo-de-propriedade-de-imovel-atraves-do-programa1-moradia-legal\/be5b8373-5c88-41dc-800d-cce39794f038\/\" data-orig-file=\"https:\/\/www.paudalho.pe.gov.br\/portal\/wp-content\/uploads\/2022\/05\/be5b8373-5c88-41dc-800d-cce39794f038.jpg\" data-orig-size=\"1080,720\" data-comments-opened=\"1\" data-image-meta=\"{&quot;aperture&quot;:&quot;0&quot;,&quot;credit&quot;:&quot;&quot;,&quot;camera&quot;:&quot;&quot;,&quot;caption&quot;:&quot;&quot;,&quot;created_timestamp&quot;:&quot;0&quot;,&quot;copyright&quot;:&quot;&quot;,&quot;focal_length&quot;:&quot;0&quot;,&quot;iso&quot;:&quot;0&quot;,&quot;shutter_speed&quot;:&quot;0&quot;,&quot;title&quot;:&quot;&quot;,&quot;orientation&quot;:&quot;1&quot;}\" data-image-title=\"be5b8373-5c88-41dc-800d-cce39794f038\" data-image-description=\"\" data-image-caption=\"\" data-medium-file=\"https:\/\/www.paudalho.pe.gov.br\/portal\/wp-content\/uploads\/2022\/05\/be5b8373-5c88-41dc-800d-cce39794f038-350x230.jpg\" data-large-file=\"https:\/\/www.paudalho.pe.gov.br\/portal\/wp-content\/uploads\/2022\/05\/be5b8373-5c88-41dc-800d-cce39794f038-800x450.jpg\" data-id=\"22516\" src=\"https:\/\/www.paudalho.pe.gov.br\/portal\/wp-content\/uploads\/2022\/05\/be5b8373-5c88-41dc-800d-cce39794f038-800x450.jpg\" alt=\"\" class=\"wp-image-22516\"\/><\/figure>\n\n\n\n<figure class=\"wp-block-image size-large\"><img loading=\"lazy\" decoding=\"async\" width=\"800\" height=\"450\" data-attachment-id=\"22517\" data-permalink=\"https:\/\/www.paudalho.pe.gov.br\/portal\/289-familias-de-guadalajara-no-paudalho-recebem-titulo-de-propriedade-de-imovel-atraves-do-programa1-moradia-legal\/6d684059-1e9b-46d6-ac07-78ab4c14a22e\/\" data-orig-file=\"https:\/\/www.paudalho.pe.gov.br\/portal\/wp-content\/uploads\/2022\/05\/6d684059-1e9b-46d6-ac07-78ab4c14a22e.jpg\" data-orig-size=\"1280,853\" data-comments-opened=\"1\" data-image-meta=\"{&quot;aperture&quot;:&quot;0&quot;,&quot;credit&quot;:&quot;&quot;,&quot;camera&quot;:&quot;&quot;,&quot;caption&quot;:&quot;&quot;,&quot;created_timestamp&quot;:&quot;0&quot;,&quot;copyright&quot;:&quot;&quot;,&quot;focal_length&quot;:&quot;0&quot;,&quot;iso&quot;:&quot;0&quot;,&quot;shutter_speed&quot;:&quot;0&quot;,&quot;title&quot;:&quot;&quot;,&quot;orientation&quot;:&quot;1&quot;}\" data-image-title=\"6d684059-1e9b-46d6-ac07-78ab4c14a22e\" data-image-description=\"\" data-image-caption=\"\" data-medium-file=\"https:\/\/www.paudalho.pe.gov.br\/portal\/wp-content\/uploads\/2022\/05\/6d684059-1e9b-46d6-ac07-78ab4c14a22e-350x230.jpg\" data-large-file=\"https:\/\/www.paudalho.pe.gov.br\/portal\/wp-content\/uploads\/2022\/05\/6d684059-1e9b-46d6-ac07-78ab4c14a22e-800x450.jpg\" data-id=\"22517\" src=\"https:\/\/www.paudalho.pe.gov.br\/portal\/wp-content\/uploads\/2022\/05\/6d684059-1e9b-46d6-ac07-78ab4c14a22e-800x450.jpg\" alt=\"\" class=\"wp-image-22517\"\/><\/figure>\n<\/figure>\n","protected":false},"excerpt":{"rendered":"<p>Um total de 289 fam\u00edlias do Distrito de Guadalajara, no Paudalho, foram beneficiadas com t\u00edtulo de propriedade de im\u00f3vel, durante solenidade realizada no \u00faltimo s\u00e1bado, dia 21 de maio, com a presen\u00e7a do prefeito Marcelo Gouveia e de outras autoridades. A a\u00e7\u00e3o foi mais uma etapa do Programa Moradia Legal, que foi iniciada em julho [&hellip;]<\/p>\n","protected":false},"author":2,"featured_media":22514,"comment_status":"open","ping_status":"open","sticky":false,"template":"","format":"standard","meta":{"_jetpack_newsletter_access":"","_jetpack_dont_email_post_to_subs":false,"_jetpack_newsletter_tier_id":0,"_jetpack_memberships_contains_paywalled_content":false,"_jetpack_memberships_contains_paid_content":false,"footnotes":""},"categories":[2,747],"tags":[719,872],"class_list":["post-22513","post","type-post","status-publish","format-standard","has-post-thumbnail","hentry","category-destaque","category-moradia-legal","tag-moradia-legal","tag-titulo"],"jetpack_featured_media_url":"https:\/\/www.paudalho.pe.gov.br\/portal\/wp-content\/uploads\/2022\/05\/c48a62f6-3b13-4eda-b067-b3e2b09d627d.jpg","jetpack_sharing_enabled":true,"jetpack_shortlink":"https:\/\/wp.me\/p98mS2-5R7","_links":{"self":[{"href":"https:\/\/www.paudalho.pe.gov.br\/portal\/wp-json\/wp\/v2\/posts\/22513","targetHints":{"allow":["GET"]}}],"collection":[{"href":"https:\/\/www.paudalho.pe.gov.br\/portal\/wp-json\/wp\/v2\/posts"}],"about":[{"href":"https:\/\/www.paudalho.pe.gov.br\/portal\/wp-json\/wp\/v2\/types\/post"}],"author":[{"embeddable":true,"href":"https:\/\/www.paudalho.pe.gov.br\/portal\/wp-json\/wp\/v2\/users\/2"}],"replies":[{"embeddable":true,"href":"https:\/\/www.paudalho.pe.gov.br\/portal\/wp-json\/wp\/v2\/comments?post=22513"}],"version-history":[{"count":3,"href":"https:\/\/www.paudalho.pe.gov.br\/portal\/wp-json\/wp\/v2\/posts\/22513\/revisions"}],"predecessor-version":[{"id":22521,"href":"https:\/\/www.paudalho.pe.gov.br\/portal\/wp-json\/wp\/v2\/posts\/22513\/revisions\/22521"}],"wp:featuredmedia":[{"embeddable":true,"href":"https:\/\/www.paudalho.pe.gov.br\/portal\/wp-json\/wp\/v2\/media\/22514"}],"wp:attachment":[{"href":"https:\/\/www.paudalho.pe.gov.br\/portal\/wp-json\/wp\/v2\/media?parent=22513"}],"wp:term":[{"taxonomy":"category","embeddable":true,"href":"https:\/\/www.paudalho.pe.gov.br\/portal\/wp-json\/wp\/v2\/categories?post=22513"},{"taxonomy":"post_tag","embeddable":true,"href":"https:\/\/www.paudalho.pe.gov.br\/portal\/wp-json\/wp\/v2\/tags?post=22513"}],"curies":[{"name":"wp","href":"https:\/\/api.w.org\/{rel}","templated":true}]}}