{"id":22467,"date":"2022-05-16T11:10:00","date_gmt":"2022-05-16T14:10:00","guid":{"rendered":"https:\/\/www.paudalho.pe.gov.br\/portal\/?p=22467"},"modified":"2022-05-16T11:10:00","modified_gmt":"2022-05-16T14:10:00","slug":"moradia-legal-paudalho-realiza-solenidades-virtual-e-presencial-de-entrega-de-titulos-de-propriedade-de-imovel","status":"publish","type":"post","link":"https:\/\/www.paudalho.pe.gov.br\/portal\/moradia-legal-paudalho-realiza-solenidades-virtual-e-presencial-de-entrega-de-titulos-de-propriedade-de-imovel\/","title":{"rendered":"Moradia Legal: Paudalho realiza solenidades, virtual e presencial, de entrega de t\u00edtulos de propriedade de im\u00f3vel"},"content":{"rendered":"\n<p>A Prefeitura Municipal do Paudalho realizar\u00e1 nesta ter\u00e7a-feira (17), a partir das 16h, solenidade virtual de entrega de t\u00edtulos de propriedade de im\u00f3vel do Programa de Regulariza\u00e7\u00e3o Fundi\u00e1ria Moradia Legal. O evento, que ter\u00e1 a participa\u00e7\u00e3o do prefeito Marcelo Gouveia e de outras autoridades, ser\u00e1 transmitido no Instagram da Prefeitura.<\/p>\n\n\n\n<p>No pr\u00f3ximo s\u00e1bado (21), a partir das 15h, ser\u00e1 a solenidade presencial para entregar a todos os benefici\u00e1rios o documento. O evento est\u00e1 marcado para acontecer na Academia de Sa\u00fade de Guadalajara.<\/p>\n\n\n\n<p>Nessa ocasi\u00e3o, est\u00e1 prevista a entrega de 288 t\u00edtulos de propriedade de im\u00f3vel para fam\u00edlias que residem na comunidade de Guadalajara.<\/p>\n\n\n\n<p>A a\u00e7\u00e3o \u00e9 mais uma etapa do programa Moradia Legal, que foi iniciada em julho do ano passado no munic\u00edpio de Paudalho.<\/p>\n","protected":false},"excerpt":{"rendered":"<p>A Prefeitura Municipal do Paudalho realizar\u00e1 nesta ter\u00e7a-feira (17), a partir das 16h, solenidade virtual de entrega de t\u00edtulos de propriedade de im\u00f3vel do Programa de Regulariza\u00e7\u00e3o Fundi\u00e1ria Moradia Legal. O evento, que ter\u00e1 a participa\u00e7\u00e3o do prefeito Marcelo Gouveia e de outras autoridades, ser\u00e1 transmitido no Instagram da Prefeitura. No pr\u00f3ximo s\u00e1bado (21), a [&hellip;]<\/p>\n","protected":false},"author":2,"featured_media":22468,"comment_status":"open","ping_status":"open","sticky":false,"template":"","format":"standard","meta":{"_jetpack_newsletter_access":"","_jetpack_dont_email_post_to_subs":false,"_jetpack_newsletter_tier_id":0,"_jetpack_memberships_contains_paywalled_content":false,"_jetpack_memberships_contains_paid_content":false,"footnotes":""},"categories":[850,2],"tags":[719,22,717],"class_list":["post-22467","post","type-post","status-publish","format-standard","has-post-thumbnail","hentry","category-assistencia-social","category-destaque","tag-moradia-legal","tag-prefeitura-do-paudalho","tag-solenidade"],"jetpack_featured_media_url":"https:\/\/www.paudalho.pe.gov.br\/portal\/wp-content\/uploads\/2022\/05\/images-6.jpeg","jetpack_sharing_enabled":true,"jetpack_shortlink":"https:\/\/wp.me\/p98mS2-5Qn","_links":{"self":[{"href":"https:\/\/www.paudalho.pe.gov.br\/portal\/wp-json\/wp\/v2\/posts\/22467","targetHints":{"allow":["GET"]}}],"collection":[{"href":"https:\/\/www.paudalho.pe.gov.br\/portal\/wp-json\/wp\/v2\/posts"}],"about":[{"href":"https:\/\/www.paudalho.pe.gov.br\/portal\/wp-json\/wp\/v2\/types\/post"}],"author":[{"embeddable":true,"href":"https:\/\/www.paudalho.pe.gov.br\/portal\/wp-json\/wp\/v2\/users\/2"}],"replies":[{"embeddable":true,"href":"https:\/\/www.paudalho.pe.gov.br\/portal\/wp-json\/wp\/v2\/comments?post=22467"}],"version-history":[{"count":1,"href":"https:\/\/www.paudalho.pe.gov.br\/portal\/wp-json\/wp\/v2\/posts\/22467\/revisions"}],"predecessor-version":[{"id":22469,"href":"https:\/\/www.paudalho.pe.gov.br\/portal\/wp-json\/wp\/v2\/posts\/22467\/revisions\/22469"}],"wp:featuredmedia":[{"embeddable":true,"href":"https:\/\/www.paudalho.pe.gov.br\/portal\/wp-json\/wp\/v2\/media\/22468"}],"wp:attachment":[{"href":"https:\/\/www.paudalho.pe.gov.br\/portal\/wp-json\/wp\/v2\/media?parent=22467"}],"wp:term":[{"taxonomy":"category","embeddable":true,"href":"https:\/\/www.paudalho.pe.gov.br\/portal\/wp-json\/wp\/v2\/categories?post=22467"},{"taxonomy":"post_tag","embeddable":true,"href":"https:\/\/www.paudalho.pe.gov.br\/portal\/wp-json\/wp\/v2\/tags?post=22467"}],"curies":[{"name":"wp","href":"https:\/\/api.w.org\/{rel}","templated":true}]}}