{"id":22443,"date":"2022-05-12T18:06:16","date_gmt":"2022-05-12T21:06:16","guid":{"rendered":"https:\/\/www.paudalho.pe.gov.br\/portal\/?p=22443"},"modified":"2022-05-12T18:09:25","modified_gmt":"2022-05-12T21:09:25","slug":"paudalho-prorroga-prazos-de-editais-destinados-as-premiacoes-de-profissionais-de-cultura","status":"publish","type":"post","link":"https:\/\/www.paudalho.pe.gov.br\/portal\/paudalho-prorroga-prazos-de-editais-destinados-as-premiacoes-de-profissionais-de-cultura\/","title":{"rendered":"Paudalho prorroga prazos de editais destinados \u00e0s premia\u00e7\u00f5es de profissionais de cultura"},"content":{"rendered":"\n<p>A Prefeitura do Paudalho, atrav\u00e9s da Comiss\u00e3o Municipal de An\u00e1lise e Julgamento da Lei Aldir Blanc, prorrogou, nesta quinta-feira (11), o prazo para que os proponentes beneficiados com a lei, que prev\u00ea um aux\u00edlio financeiro para o setor, realizem as a\u00e7\u00f5es e entreguem os relat\u00f3rios de execu\u00e7\u00e3o propostos pelos editais: Paudalho Criativo \u2013 Geral N\u00b0 01\/2021; Paudalho Criativo \u2013 Artesanato N\u00b0 02\/2021; e Paudalho Criativo \u2013 M\u00fasica N\u00b0 03\/2021.<\/p>\n\n\n\n<p>O prazo para a Realiza\u00e7\u00e3o da A\u00e7\u00f5es passa a ser at\u00e9 o dia 20 de maio deste ano. O prazo para a entrega dos Relat\u00f3rios de Execu\u00e7\u00e3o das A\u00e7\u00f5es segue at\u00e9 o dia 31 de maio do ano vigente.<\/p>\n\n\n\n<p>Vale ressaltar que os relat\u00f3rios de execu\u00e7\u00e3o das a\u00e7\u00f5es devem ser entregues, em envelope lacrado, na sede da Secretaria Municipal de Cultura, Turismo, Lazer e Juventude, no hor\u00e1rio das 13h \u00e0s 16h, \u00e0 Comiss\u00e3o Municipal de An\u00e1lise e Julgamento.<\/p>\n\n\n\n<p><strong>Lei Aldir Blanc<\/strong><\/p>\n\n\n\n<p>A Lei Aldir Blanc (lei federal) prev\u00ea aux\u00edlio financeiro ao setor cultural. A iniciativa busca apoiar profissionais da \u00e1rea que sofreram com impacto das medidas de distanciamento social por causa da pandemia do novo coronav\u00edrus.<\/p>\n\n\n\n<p>Confira no link a seguir a resolu\u00e7\u00e3o <\/p>\n\n\n\n<div data-wp-interactive=\"core\/file\" class=\"wp-block-file\"><object data-wp-bind--hidden=\"!state.hasPdfPreview\" hidden class=\"wp-block-file__embed\" data=\"https:\/\/www.paudalho.pe.gov.br\/portal\/wp-content\/uploads\/2022\/05\/CamScanner-05-12-2022-17.37.pdf\" type=\"application\/pdf\" style=\"width:100%;height:600px\" aria-label=\"Incorporado de Incorporado de CamScanner-05-12-2022-17.37..\"><\/object><a id=\"wp-block-file--media-094bcc2e-953a-40ea-aed4-d68201d388c8\" href=\"https:\/\/www.paudalho.pe.gov.br\/portal\/wp-content\/uploads\/2022\/05\/CamScanner-05-12-2022-17.37.pdf\">CamScanner-05-12-2022-17.37<\/a><a href=\"https:\/\/www.paudalho.pe.gov.br\/portal\/wp-content\/uploads\/2022\/05\/CamScanner-05-12-2022-17.37.pdf\" class=\"wp-block-file__button\" download aria-describedby=\"wp-block-file--media-094bcc2e-953a-40ea-aed4-d68201d388c8\">Baixar<\/a><\/div>\n","protected":false},"excerpt":{"rendered":"<p>A Prefeitura do Paudalho, atrav\u00e9s da Comiss\u00e3o Municipal de An\u00e1lise e Julgamento da Lei Aldir Blanc, prorrogou, nesta quinta-feira (11), o prazo para que os proponentes beneficiados com a lei, que prev\u00ea um aux\u00edlio financeiro para o setor, realizem as a\u00e7\u00f5es e entreguem os relat\u00f3rios de execu\u00e7\u00e3o propostos pelos editais: Paudalho Criativo \u2013 Geral N\u00b0 [&hellip;]<\/p>\n","protected":false},"author":2,"featured_media":22444,"comment_status":"open","ping_status":"open","sticky":false,"template":"","format":"standard","meta":{"_jetpack_newsletter_access":"","_jetpack_dont_email_post_to_subs":false,"_jetpack_newsletter_tier_id":0,"_jetpack_memberships_contains_paywalled_content":false,"_jetpack_memberships_contains_paid_content":false,"footnotes":""},"categories":[6,2],"tags":[68,681,14,908,22,938],"class_list":["post-22443","post","type-post","status-publish","format-standard","has-post-thumbnail","hentry","category-cultura","category-destaque","tag-cultura","tag-editais","tag-paudalho","tag-prazos","tag-prefeitura-do-paudalho","tag-premiacao"],"jetpack_featured_media_url":"https:\/\/www.paudalho.pe.gov.br\/portal\/wp-content\/uploads\/2022\/05\/images-5-1.jpeg","jetpack_sharing_enabled":true,"jetpack_shortlink":"https:\/\/wp.me\/p98mS2-5PZ","_links":{"self":[{"href":"https:\/\/www.paudalho.pe.gov.br\/portal\/wp-json\/wp\/v2\/posts\/22443","targetHints":{"allow":["GET"]}}],"collection":[{"href":"https:\/\/www.paudalho.pe.gov.br\/portal\/wp-json\/wp\/v2\/posts"}],"about":[{"href":"https:\/\/www.paudalho.pe.gov.br\/portal\/wp-json\/wp\/v2\/types\/post"}],"author":[{"embeddable":true,"href":"https:\/\/www.paudalho.pe.gov.br\/portal\/wp-json\/wp\/v2\/users\/2"}],"replies":[{"embeddable":true,"href":"https:\/\/www.paudalho.pe.gov.br\/portal\/wp-json\/wp\/v2\/comments?post=22443"}],"version-history":[{"count":4,"href":"https:\/\/www.paudalho.pe.gov.br\/portal\/wp-json\/wp\/v2\/posts\/22443\/revisions"}],"predecessor-version":[{"id":22449,"href":"https:\/\/www.paudalho.pe.gov.br\/portal\/wp-json\/wp\/v2\/posts\/22443\/revisions\/22449"}],"wp:featuredmedia":[{"embeddable":true,"href":"https:\/\/www.paudalho.pe.gov.br\/portal\/wp-json\/wp\/v2\/media\/22444"}],"wp:attachment":[{"href":"https:\/\/www.paudalho.pe.gov.br\/portal\/wp-json\/wp\/v2\/media?parent=22443"}],"wp:term":[{"taxonomy":"category","embeddable":true,"href":"https:\/\/www.paudalho.pe.gov.br\/portal\/wp-json\/wp\/v2\/categories?post=22443"},{"taxonomy":"post_tag","embeddable":true,"href":"https:\/\/www.paudalho.pe.gov.br\/portal\/wp-json\/wp\/v2\/tags?post=22443"}],"curies":[{"name":"wp","href":"https:\/\/api.w.org\/{rel}","templated":true}]}}