{"id":2244,"date":"2017-12-30T21:07:05","date_gmt":"2017-12-31T00:07:05","guid":{"rendered":"http:\/\/www.paudalho.pe.gov.br\/portal\/?p=2244"},"modified":"2017-12-30T21:27:07","modified_gmt":"2017-12-31T00:27:07","slug":"1o-encontro-regional-de-mestres-cirandeiros-enche-paudalho-de-cultura","status":"publish","type":"post","link":"https:\/\/www.paudalho.pe.gov.br\/portal\/1o-encontro-regional-de-mestres-cirandeiros-enche-paudalho-de-cultura\/","title":{"rendered":"1\u00ba Encontro Regional de Mestres Cirandeiros &#8220;enche&#8221; Paudalho de cultura"},"content":{"rendered":"<p>O primeiro Encontro Regional de Mestres Cirandeiros une homens, mulheres, jovens e crian\u00e7a em uma verdadeira festa da cultura na cidade do Paudalho, neste s\u00e1bado (30). Quem abriu o evento foi o artista Zeca Cirandeiro, mestre de Paudalho, que animou a popula\u00e7\u00e3o. Sem perder tempo o p\u00fablico fez uma grande ciranda e a professora L\u00facia Maria participou do momento. \u00a0\u201cNossa, \u00f3timo (encontro), Maravilhoso eu estou muito feliz e euf\u00f3rica\u201d, comentou.<\/p>\n<div id=\"attachment_2245\" style=\"width: 310px\" class=\"wp-caption alignnone\"><img loading=\"lazy\" decoding=\"async\" aria-describedby=\"caption-attachment-2245\" data-attachment-id=\"2245\" data-permalink=\"https:\/\/www.paudalho.pe.gov.br\/portal\/1o-encontro-regional-de-mestres-cirandeiros-enche-paudalho-de-cultura\/img_7887\/\" data-orig-file=\"https:\/\/www.paudalho.pe.gov.br\/portal\/wp-content\/uploads\/2017\/12\/IMG_7887.jpg\" data-orig-size=\"5184,3456\" data-comments-opened=\"1\" data-image-meta=\"{&quot;aperture&quot;:&quot;0&quot;,&quot;credit&quot;:&quot;&quot;,&quot;camera&quot;:&quot;&quot;,&quot;caption&quot;:&quot;&quot;,&quot;created_timestamp&quot;:&quot;0&quot;,&quot;copyright&quot;:&quot;&quot;,&quot;focal_length&quot;:&quot;0&quot;,&quot;iso&quot;:&quot;0&quot;,&quot;shutter_speed&quot;:&quot;0&quot;,&quot;title&quot;:&quot;&quot;,&quot;orientation&quot;:&quot;0&quot;}\" data-image-title=\"IMG_7887\" data-image-description=\"\" data-image-caption=\"&lt;p&gt;Foto: Thales K\u00edrion\/PMP&lt;\/p&gt;\n\" data-medium-file=\"https:\/\/www.paudalho.pe.gov.br\/portal\/wp-content\/uploads\/2017\/12\/IMG_7887-350x230.jpg\" data-large-file=\"https:\/\/www.paudalho.pe.gov.br\/portal\/wp-content\/uploads\/2017\/12\/IMG_7887-800x450.jpg\" class=\"size-medium wp-image-2245\" src=\"http:\/\/www.paudalho.pe.gov.br\/portal\/wp-content\/uploads\/2017\/12\/IMG_7887-350x230.jpg\" alt=\"\" width=\"300\" height=\"197\" \/><p id=\"caption-attachment-2245\" class=\"wp-caption-text\">Foto: Thales K\u00edrion\/PMP<\/p><\/div>\n<div id=\"attachment_2258\" style=\"width: 310px\" class=\"wp-caption alignnone\"><img loading=\"lazy\" decoding=\"async\" aria-describedby=\"caption-attachment-2258\" data-attachment-id=\"2258\" data-permalink=\"https:\/\/www.paudalho.pe.gov.br\/portal\/1o-encontro-regional-de-mestres-cirandeiros-enche-paudalho-de-cultura\/img_7838\/\" data-orig-file=\"https:\/\/www.paudalho.pe.gov.br\/portal\/wp-content\/uploads\/2017\/12\/IMG_7838.jpg\" data-orig-size=\"5184,3456\" data-comments-opened=\"1\" data-image-meta=\"{&quot;aperture&quot;:&quot;0&quot;,&quot;credit&quot;:&quot;&quot;,&quot;camera&quot;:&quot;&quot;,&quot;caption&quot;:&quot;&quot;,&quot;created_timestamp&quot;:&quot;0&quot;,&quot;copyright&quot;:&quot;&quot;,&quot;focal_length&quot;:&quot;0&quot;,&quot;iso&quot;:&quot;0&quot;,&quot;shutter_speed&quot;:&quot;0&quot;,&quot;title&quot;:&quot;&quot;,&quot;orientation&quot;:&quot;0&quot;}\" data-image-title=\"IMG_7838\" data-image-description=\"\" data-image-caption=\"&lt;p&gt;Foto: Thales K\u00edrion\/PMP&lt;\/p&gt;\n\" data-medium-file=\"https:\/\/www.paudalho.pe.gov.br\/portal\/wp-content\/uploads\/2017\/12\/IMG_7838-350x230.jpg\" data-large-file=\"https:\/\/www.paudalho.pe.gov.br\/portal\/wp-content\/uploads\/2017\/12\/IMG_7838-800x450.jpg\" class=\"size-medium wp-image-2258\" src=\"http:\/\/www.paudalho.pe.gov.br\/portal\/wp-content\/uploads\/2017\/12\/IMG_7838-350x230.jpg\" alt=\"\" width=\"300\" height=\"197\" \/><p id=\"caption-attachment-2258\" class=\"wp-caption-text\">Foto: Thales K\u00edrion\/PMP<\/p><\/div>\n<div id=\"attachment_2259\" style=\"width: 310px\" class=\"wp-caption alignnone\"><img loading=\"lazy\" decoding=\"async\" aria-describedby=\"caption-attachment-2259\" data-attachment-id=\"2259\" data-permalink=\"https:\/\/www.paudalho.pe.gov.br\/portal\/1o-encontro-regional-de-mestres-cirandeiros-enche-paudalho-de-cultura\/img_7900\/\" data-orig-file=\"https:\/\/www.paudalho.pe.gov.br\/portal\/wp-content\/uploads\/2017\/12\/IMG_7900.jpg\" data-orig-size=\"5184,3456\" data-comments-opened=\"1\" data-image-meta=\"{&quot;aperture&quot;:&quot;0&quot;,&quot;credit&quot;:&quot;&quot;,&quot;camera&quot;:&quot;&quot;,&quot;caption&quot;:&quot;&quot;,&quot;created_timestamp&quot;:&quot;0&quot;,&quot;copyright&quot;:&quot;&quot;,&quot;focal_length&quot;:&quot;0&quot;,&quot;iso&quot;:&quot;0&quot;,&quot;shutter_speed&quot;:&quot;0&quot;,&quot;title&quot;:&quot;&quot;,&quot;orientation&quot;:&quot;0&quot;}\" data-image-title=\"IMG_7900\" data-image-description=\"\" data-image-caption=\"&lt;p&gt;Foto: Isak de Castro\/PMP&lt;\/p&gt;\n\" data-medium-file=\"https:\/\/www.paudalho.pe.gov.br\/portal\/wp-content\/uploads\/2017\/12\/IMG_7900-350x230.jpg\" data-large-file=\"https:\/\/www.paudalho.pe.gov.br\/portal\/wp-content\/uploads\/2017\/12\/IMG_7900-800x450.jpg\" class=\"size-medium wp-image-2259\" src=\"http:\/\/www.paudalho.pe.gov.br\/portal\/wp-content\/uploads\/2017\/12\/IMG_7900-350x230.jpg\" alt=\"\" width=\"300\" height=\"197\" \/><p id=\"caption-attachment-2259\" class=\"wp-caption-text\">Foto: Isak de Castro\/PMP<\/p><\/div>\n<div id=\"attachment_2249\" style=\"width: 310px\" class=\"wp-caption alignnone\"><img loading=\"lazy\" decoding=\"async\" aria-describedby=\"caption-attachment-2249\" data-attachment-id=\"2249\" data-permalink=\"https:\/\/www.paudalho.pe.gov.br\/portal\/1o-encontro-regional-de-mestres-cirandeiros-enche-paudalho-de-cultura\/img_7874\/\" data-orig-file=\"https:\/\/www.paudalho.pe.gov.br\/portal\/wp-content\/uploads\/2017\/12\/IMG_7874.jpg\" data-orig-size=\"5184,3456\" data-comments-opened=\"1\" data-image-meta=\"{&quot;aperture&quot;:&quot;0&quot;,&quot;credit&quot;:&quot;&quot;,&quot;camera&quot;:&quot;&quot;,&quot;caption&quot;:&quot;&quot;,&quot;created_timestamp&quot;:&quot;0&quot;,&quot;copyright&quot;:&quot;&quot;,&quot;focal_length&quot;:&quot;0&quot;,&quot;iso&quot;:&quot;0&quot;,&quot;shutter_speed&quot;:&quot;0&quot;,&quot;title&quot;:&quot;&quot;,&quot;orientation&quot;:&quot;0&quot;}\" data-image-title=\"IMG_7874\" data-image-description=\"\" data-image-caption=\"&lt;p&gt;Foto: Thales K\u00edrion\/PMP&lt;\/p&gt;\n\" data-medium-file=\"https:\/\/www.paudalho.pe.gov.br\/portal\/wp-content\/uploads\/2017\/12\/IMG_7874-350x230.jpg\" data-large-file=\"https:\/\/www.paudalho.pe.gov.br\/portal\/wp-content\/uploads\/2017\/12\/IMG_7874-800x450.jpg\" class=\"size-medium wp-image-2249\" src=\"http:\/\/www.paudalho.pe.gov.br\/portal\/wp-content\/uploads\/2017\/12\/IMG_7874-350x230.jpg\" alt=\"\" width=\"300\" height=\"197\" \/><p id=\"caption-attachment-2249\" class=\"wp-caption-text\">Foto: Thales K\u00edrion\/PMP<\/p><\/div>\n<div id=\"attachment_2257\" style=\"width: 310px\" class=\"wp-caption alignnone\"><img loading=\"lazy\" decoding=\"async\" aria-describedby=\"caption-attachment-2257\" data-attachment-id=\"2257\" data-permalink=\"https:\/\/www.paudalho.pe.gov.br\/portal\/1o-encontro-regional-de-mestres-cirandeiros-enche-paudalho-de-cultura\/img_7816\/\" data-orig-file=\"https:\/\/www.paudalho.pe.gov.br\/portal\/wp-content\/uploads\/2017\/12\/IMG_7816.jpg\" data-orig-size=\"5184,3456\" data-comments-opened=\"1\" data-image-meta=\"{&quot;aperture&quot;:&quot;0&quot;,&quot;credit&quot;:&quot;&quot;,&quot;camera&quot;:&quot;&quot;,&quot;caption&quot;:&quot;&quot;,&quot;created_timestamp&quot;:&quot;0&quot;,&quot;copyright&quot;:&quot;&quot;,&quot;focal_length&quot;:&quot;0&quot;,&quot;iso&quot;:&quot;0&quot;,&quot;shutter_speed&quot;:&quot;0&quot;,&quot;title&quot;:&quot;&quot;,&quot;orientation&quot;:&quot;0&quot;}\" data-image-title=\"IMG_7816\" data-image-description=\"\" data-image-caption=\"&lt;p&gt;Foto: Thales K\u00edrion\/PMP&lt;\/p&gt;\n\" data-medium-file=\"https:\/\/www.paudalho.pe.gov.br\/portal\/wp-content\/uploads\/2017\/12\/IMG_7816-350x230.jpg\" data-large-file=\"https:\/\/www.paudalho.pe.gov.br\/portal\/wp-content\/uploads\/2017\/12\/IMG_7816-800x450.jpg\" class=\"size-medium wp-image-2257\" src=\"http:\/\/www.paudalho.pe.gov.br\/portal\/wp-content\/uploads\/2017\/12\/IMG_7816-350x230.jpg\" alt=\"\" width=\"300\" height=\"197\" \/><p id=\"caption-attachment-2257\" class=\"wp-caption-text\">Foto: Thales K\u00edrion\/PMP<\/p><\/div>\n<p>Para o estudante, Nilson Henrique, de 19 anos, evento com o encontro s\u00f3 ajudm a promover a cultura. \u201cS\u00e3o eventos como esse que ajudam a difundir a cultura e isso \u00e9 muito importante para Paudalho\u201d, disse.<\/p>\n<div id=\"attachment_2246\" style=\"width: 310px\" class=\"wp-caption alignnone\"><img loading=\"lazy\" decoding=\"async\" aria-describedby=\"caption-attachment-2246\" data-attachment-id=\"2246\" data-permalink=\"https:\/\/www.paudalho.pe.gov.br\/portal\/1o-encontro-regional-de-mestres-cirandeiros-enche-paudalho-de-cultura\/cfb64ea9-1e4f-4ebc-9a2a-bec06724bca3\/\" data-orig-file=\"https:\/\/www.paudalho.pe.gov.br\/portal\/wp-content\/uploads\/2017\/12\/cfb64ea9-1e4f-4ebc-9a2a-bec06724bca3.jpg\" data-orig-size=\"1040,780\" data-comments-opened=\"1\" data-image-meta=\"{&quot;aperture&quot;:&quot;0&quot;,&quot;credit&quot;:&quot;&quot;,&quot;camera&quot;:&quot;&quot;,&quot;caption&quot;:&quot;&quot;,&quot;created_timestamp&quot;:&quot;0&quot;,&quot;copyright&quot;:&quot;&quot;,&quot;focal_length&quot;:&quot;0&quot;,&quot;iso&quot;:&quot;0&quot;,&quot;shutter_speed&quot;:&quot;0&quot;,&quot;title&quot;:&quot;&quot;,&quot;orientation&quot;:&quot;0&quot;}\" data-image-title=\"cfb64ea9-1e4f-4ebc-9a2a-bec06724bca3\" data-image-description=\"\" data-image-caption=\"&lt;p&gt;Foto: Thales K\u00edrion\/PMP&lt;\/p&gt;\n\" data-medium-file=\"https:\/\/www.paudalho.pe.gov.br\/portal\/wp-content\/uploads\/2017\/12\/cfb64ea9-1e4f-4ebc-9a2a-bec06724bca3-350x230.jpg\" data-large-file=\"https:\/\/www.paudalho.pe.gov.br\/portal\/wp-content\/uploads\/2017\/12\/cfb64ea9-1e4f-4ebc-9a2a-bec06724bca3-800x450.jpg\" class=\"size-medium wp-image-2246\" src=\"http:\/\/www.paudalho.pe.gov.br\/portal\/wp-content\/uploads\/2017\/12\/cfb64ea9-1e4f-4ebc-9a2a-bec06724bca3-350x230.jpg\" alt=\"\" width=\"300\" height=\"197\" \/><p id=\"caption-attachment-2246\" class=\"wp-caption-text\">Foto: Thales K\u00edrion\/PMP<\/p><\/div>\n<p>O mestre Anderson e a Ciranda Raiz da Mata Norte, da cidade de Nazar\u00e9 da Mata tamb\u00e9m se apresentaram. O artista falou da alegria de participar do evento. \u201cIsso mostra que a cultura est\u00e1 sendo valorizada e eu estou muito feliz\u201d, ressaltou. A noite ser\u00e1 encerrada com a apresenta\u00e7\u00e3o do mestre Jo\u00e3o Limoeiro da cidade de Carpina.<\/p>\n<div id=\"attachment_2255\" style=\"width: 310px\" class=\"wp-caption alignnone\"><img loading=\"lazy\" decoding=\"async\" aria-describedby=\"caption-attachment-2255\" data-attachment-id=\"2255\" data-permalink=\"https:\/\/www.paudalho.pe.gov.br\/portal\/1o-encontro-regional-de-mestres-cirandeiros-enche-paudalho-de-cultura\/img_7896\/\" data-orig-file=\"https:\/\/www.paudalho.pe.gov.br\/portal\/wp-content\/uploads\/2017\/12\/IMG_7896.jpg\" data-orig-size=\"5184,3456\" data-comments-opened=\"1\" data-image-meta=\"{&quot;aperture&quot;:&quot;0&quot;,&quot;credit&quot;:&quot;&quot;,&quot;camera&quot;:&quot;&quot;,&quot;caption&quot;:&quot;&quot;,&quot;created_timestamp&quot;:&quot;0&quot;,&quot;copyright&quot;:&quot;&quot;,&quot;focal_length&quot;:&quot;0&quot;,&quot;iso&quot;:&quot;0&quot;,&quot;shutter_speed&quot;:&quot;0&quot;,&quot;title&quot;:&quot;&quot;,&quot;orientation&quot;:&quot;0&quot;}\" data-image-title=\"IMG_7896\" data-image-description=\"\" data-image-caption=\"&lt;p&gt;Foto:&lt;\/p&gt;\n\" data-medium-file=\"https:\/\/www.paudalho.pe.gov.br\/portal\/wp-content\/uploads\/2017\/12\/IMG_7896-350x230.jpg\" data-large-file=\"https:\/\/www.paudalho.pe.gov.br\/portal\/wp-content\/uploads\/2017\/12\/IMG_7896-800x450.jpg\" class=\"wp-image-2255 size-medium\" src=\"http:\/\/www.paudalho.pe.gov.br\/portal\/wp-content\/uploads\/2017\/12\/IMG_7896-350x230.jpg\" alt=\"\" width=\"300\" height=\"197\" \/><p id=\"caption-attachment-2255\" class=\"wp-caption-text\">Foto: Isak de Castro\/PMP (Mestre Anderson)<\/p><\/div>\n<div id=\"attachment_2248\" style=\"width: 310px\" class=\"wp-caption alignnone\"><img loading=\"lazy\" decoding=\"async\" aria-describedby=\"caption-attachment-2248\" data-attachment-id=\"2248\" data-permalink=\"https:\/\/www.paudalho.pe.gov.br\/portal\/1o-encontro-regional-de-mestres-cirandeiros-enche-paudalho-de-cultura\/8d050864-ae74-4d13-a9f1-23a7386569ae\/\" data-orig-file=\"https:\/\/www.paudalho.pe.gov.br\/portal\/wp-content\/uploads\/2017\/12\/8d050864-ae74-4d13-a9f1-23a7386569ae.jpg\" data-orig-size=\"1040,780\" data-comments-opened=\"1\" data-image-meta=\"{&quot;aperture&quot;:&quot;0&quot;,&quot;credit&quot;:&quot;&quot;,&quot;camera&quot;:&quot;&quot;,&quot;caption&quot;:&quot;&quot;,&quot;created_timestamp&quot;:&quot;0&quot;,&quot;copyright&quot;:&quot;&quot;,&quot;focal_length&quot;:&quot;0&quot;,&quot;iso&quot;:&quot;0&quot;,&quot;shutter_speed&quot;:&quot;0&quot;,&quot;title&quot;:&quot;&quot;,&quot;orientation&quot;:&quot;0&quot;}\" data-image-title=\"8d050864-ae74-4d13-a9f1-23a7386569ae\" data-image-description=\"\" data-image-caption=\"&lt;p&gt;Foto: Isak de Castro\/PMP&lt;br \/&gt;\n(Mestre Jo\u00e3o Limoeiro) &lt;\/p&gt;\n\" data-medium-file=\"https:\/\/www.paudalho.pe.gov.br\/portal\/wp-content\/uploads\/2017\/12\/8d050864-ae74-4d13-a9f1-23a7386569ae-350x230.jpg\" data-large-file=\"https:\/\/www.paudalho.pe.gov.br\/portal\/wp-content\/uploads\/2017\/12\/8d050864-ae74-4d13-a9f1-23a7386569ae-800x450.jpg\" class=\"size-medium wp-image-2248\" src=\"http:\/\/www.paudalho.pe.gov.br\/portal\/wp-content\/uploads\/2017\/12\/8d050864-ae74-4d13-a9f1-23a7386569ae-350x230.jpg\" alt=\"\" width=\"300\" height=\"197\" \/><p id=\"caption-attachment-2248\" class=\"wp-caption-text\">Foto: Isak de Castro\/PMP<br \/>(Mestre Jo\u00e3o Limoeiro)<\/p><\/div>\n<p>Segundo o secret\u00e1rio de Cultura e Turismo o evento tem o objetivo de resgate. \u201cEsse evento como tantos outros que faremos s\u00f3 tem o objetivo de resgatar. De trazer de volta e valorizar cada vez mais a cultura da nossa regi\u00e3o que \u00e9 rica. E foi um sucesso!\u201d, encerrou.<\/p>\n<h2><strong>R\u00e9veillon\u00a0<\/strong><\/h2>\n<p>E tem mais programa\u00e7\u00e3o para o fim de ano. Mostrando que a gest\u00e3o se preocupa em promover atividades que proporcionem o bem-estar dos paudalhenses, o R\u00e9veillon na cidade est\u00e1 assegurado. A partir das 00h30 sobem ao palco o cantor e vice-prefeito, Andr\u00e9 Viana, a banda Zuad\u00f5es El\u00e9tricos e encerrando a Orquestra Luna do maestro Bob.<\/p>\n<p>&nbsp;<\/p>\n<p>&nbsp;<\/p>\n<p>&nbsp;<\/p>\n<p>&nbsp;<\/p>\n<p>&nbsp;<\/p>\n<p>&nbsp;<\/p>\n","protected":false},"excerpt":{"rendered":"<p>O primeiro Encontro Regional de Mestres Cirandeiros une homens, mulheres, jovens e crian\u00e7a em uma verdadeira festa da cultura na cidade do Paudalho, neste s\u00e1bado (30). Quem abriu o evento foi o artista Zeca Cirandeiro, mestre de Paudalho, que animou a popula\u00e7\u00e3o. Sem perder tempo o p\u00fablico fez uma grande ciranda e a professora L\u00facia [&hellip;]<\/p>\n","protected":false},"author":4,"featured_media":2251,"comment_status":"open","ping_status":"open","sticky":false,"template":"","format":"standard","meta":{"_jetpack_newsletter_access":"","_jetpack_dont_email_post_to_subs":false,"_jetpack_newsletter_tier_id":0,"_jetpack_memberships_contains_paywalled_content":false,"_jetpack_memberships_contains_paid_content":false,"footnotes":""},"categories":[6,2],"tags":[237,14,22,238],"class_list":["post-2244","post","type-post","status-publish","format-standard","has-post-thumbnail","hentry","category-cultura","category-destaque","tag-1o-encontro-regional-de-mestres-cirandeiros","tag-paudalho","tag-prefeitura-do-paudalho","tag-secretaria-de-cultura-e-turismo"],"jetpack_featured_media_url":"https:\/\/www.paudalho.pe.gov.br\/portal\/wp-content\/uploads\/2017\/12\/IMG_7834.jpg","jetpack_sharing_enabled":true,"jetpack_shortlink":"https:\/\/wp.me\/p98mS2-Ac","_links":{"self":[{"href":"https:\/\/www.paudalho.pe.gov.br\/portal\/wp-json\/wp\/v2\/posts\/2244","targetHints":{"allow":["GET"]}}],"collection":[{"href":"https:\/\/www.paudalho.pe.gov.br\/portal\/wp-json\/wp\/v2\/posts"}],"about":[{"href":"https:\/\/www.paudalho.pe.gov.br\/portal\/wp-json\/wp\/v2\/types\/post"}],"author":[{"embeddable":true,"href":"https:\/\/www.paudalho.pe.gov.br\/portal\/wp-json\/wp\/v2\/users\/4"}],"replies":[{"embeddable":true,"href":"https:\/\/www.paudalho.pe.gov.br\/portal\/wp-json\/wp\/v2\/comments?post=2244"}],"version-history":[{"count":5,"href":"https:\/\/www.paudalho.pe.gov.br\/portal\/wp-json\/wp\/v2\/posts\/2244\/revisions"}],"predecessor-version":[{"id":2260,"href":"https:\/\/www.paudalho.pe.gov.br\/portal\/wp-json\/wp\/v2\/posts\/2244\/revisions\/2260"}],"wp:featuredmedia":[{"embeddable":true,"href":"https:\/\/www.paudalho.pe.gov.br\/portal\/wp-json\/wp\/v2\/media\/2251"}],"wp:attachment":[{"href":"https:\/\/www.paudalho.pe.gov.br\/portal\/wp-json\/wp\/v2\/media?parent=2244"}],"wp:term":[{"taxonomy":"category","embeddable":true,"href":"https:\/\/www.paudalho.pe.gov.br\/portal\/wp-json\/wp\/v2\/categories?post=2244"},{"taxonomy":"post_tag","embeddable":true,"href":"https:\/\/www.paudalho.pe.gov.br\/portal\/wp-json\/wp\/v2\/tags?post=2244"}],"curies":[{"name":"wp","href":"https:\/\/api.w.org\/{rel}","templated":true}]}}