{"id":22391,"date":"2022-05-04T06:27:34","date_gmt":"2022-05-04T09:27:34","guid":{"rendered":"https:\/\/www.paudalho.pe.gov.br\/portal\/?p=22391"},"modified":"2022-05-05T15:48:18","modified_gmt":"2022-05-05T18:48:18","slug":"curso-de-praticas-de-alfabetizacao-com-inscricoes-abertas-e-gratuitas","status":"publish","type":"post","link":"https:\/\/www.paudalho.pe.gov.br\/portal\/curso-de-praticas-de-alfabetizacao-com-inscricoes-abertas-e-gratuitas\/","title":{"rendered":"Curso de Pr\u00e1ticas de Alfabetiza\u00e7\u00e3o com inscri\u00e7\u00f5es abertas e gratuitas"},"content":{"rendered":"\n<p>Est\u00e3o abertas as inscri\u00e7\u00f5es para o curso de Pr\u00e1ticas de Alfabetiza\u00e7\u00e3o, realizado pelo Minist\u00e9rio da Educa\u00e7\u00e3o (MEC).<\/p>\n\n\n\n<p>Ter conclu\u00eddo o curso de Pr\u00e1ticas de Alfabetiza\u00e7\u00e3o \u00e9 um dos requisitos, por exemplo, para os interessados (as) em participar da sele\u00e7\u00e3o de assistentes de alfabetiza\u00e7\u00e3o, do Programa Tempo de Aprender.<\/p>\n\n\n\n<p>Os candidatos devem se inscrever atrav\u00e9s da plataforma Avamec (Ambiente Virtual de Aprendizagem do Minist\u00e9rio da Educa\u00e7\u00e3o). O curso apresenta estrat\u00e9gias de ensino e atividades destinadas aos 1\u00ba e 2\u00ba anos do ensino fundamental.<\/p>\n\n\n\n<p>Ao final, ser\u00e1 disponibilizado o certificado que apresentar\u00e1 a m\u00e9dia final, com a data de in\u00edcio e de conclus\u00e3o das aulas.<\/p>\n\n\n\n<p>Esse curso, que \u00e9 on-line, se destina principalmente a professores, coordenadores pedag\u00f3gicos, diretores escolares e assistentes de alfabetiza\u00e7\u00e3o, sendo tamb\u00e9m proveitoso para gestores de redes educacionais e para toda a sociedade civil interessada.<\/p>\n\n\n\n<p>O Curso Pr\u00e1tica de Alfabetiza\u00e7\u00e3o est\u00e1 dispon\u00edvel no link: <a href=\"https:\/\/avamec.mec.gov.br\/#\/instituicao\/sealf\/curso\/5401\/informacoes\">https:\/\/avamec.mec.gov.br\/#\/instituicao\/sealf\/curso\/5401\/informacoes<\/a><\/p>\n","protected":false},"excerpt":{"rendered":"<p>Est\u00e3o abertas as inscri\u00e7\u00f5es para o curso de Pr\u00e1ticas de Alfabetiza\u00e7\u00e3o, realizado pelo Minist\u00e9rio da Educa\u00e7\u00e3o (MEC). Ter conclu\u00eddo o curso de Pr\u00e1ticas de Alfabetiza\u00e7\u00e3o \u00e9 um dos requisitos, por exemplo, para os interessados (as) em participar da sele\u00e7\u00e3o de assistentes de alfabetiza\u00e7\u00e3o, do Programa Tempo de Aprender. Os candidatos devem se inscrever atrav\u00e9s da [&hellip;]<\/p>\n","protected":false},"author":2,"featured_media":22393,"comment_status":"open","ping_status":"open","sticky":false,"template":"","format":"standard","meta":{"_jetpack_newsletter_access":"","_jetpack_dont_email_post_to_subs":false,"_jetpack_newsletter_tier_id":0,"_jetpack_memberships_contains_paywalled_content":false,"_jetpack_memberships_contains_paid_content":false,"footnotes":""},"categories":[2,520,1],"tags":[117,929,928],"class_list":["post-22391","post","type-post","status-publish","format-standard","has-post-thumbnail","hentry","category-destaque","category-educacao-2","category-noticias","tag-curso","tag-incricoes","tag-praticas-alfabetizacao"],"jetpack_featured_media_url":"https:\/\/www.paudalho.pe.gov.br\/portal\/wp-content\/uploads\/2022\/05\/images-5.jpeg","jetpack_sharing_enabled":true,"jetpack_shortlink":"https:\/\/wp.me\/p98mS2-5P9","_links":{"self":[{"href":"https:\/\/www.paudalho.pe.gov.br\/portal\/wp-json\/wp\/v2\/posts\/22391","targetHints":{"allow":["GET"]}}],"collection":[{"href":"https:\/\/www.paudalho.pe.gov.br\/portal\/wp-json\/wp\/v2\/posts"}],"about":[{"href":"https:\/\/www.paudalho.pe.gov.br\/portal\/wp-json\/wp\/v2\/types\/post"}],"author":[{"embeddable":true,"href":"https:\/\/www.paudalho.pe.gov.br\/portal\/wp-json\/wp\/v2\/users\/2"}],"replies":[{"embeddable":true,"href":"https:\/\/www.paudalho.pe.gov.br\/portal\/wp-json\/wp\/v2\/comments?post=22391"}],"version-history":[{"count":3,"href":"https:\/\/www.paudalho.pe.gov.br\/portal\/wp-json\/wp\/v2\/posts\/22391\/revisions"}],"predecessor-version":[{"id":22400,"href":"https:\/\/www.paudalho.pe.gov.br\/portal\/wp-json\/wp\/v2\/posts\/22391\/revisions\/22400"}],"wp:featuredmedia":[{"embeddable":true,"href":"https:\/\/www.paudalho.pe.gov.br\/portal\/wp-json\/wp\/v2\/media\/22393"}],"wp:attachment":[{"href":"https:\/\/www.paudalho.pe.gov.br\/portal\/wp-json\/wp\/v2\/media?parent=22391"}],"wp:term":[{"taxonomy":"category","embeddable":true,"href":"https:\/\/www.paudalho.pe.gov.br\/portal\/wp-json\/wp\/v2\/categories?post=22391"},{"taxonomy":"post_tag","embeddable":true,"href":"https:\/\/www.paudalho.pe.gov.br\/portal\/wp-json\/wp\/v2\/tags?post=22391"}],"curies":[{"name":"wp","href":"https:\/\/api.w.org\/{rel}","templated":true}]}}