{"id":22373,"date":"2022-04-29T15:00:42","date_gmt":"2022-04-29T18:00:42","guid":{"rendered":"https:\/\/www.paudalho.pe.gov.br\/portal\/?p=22373"},"modified":"2022-04-29T17:01:58","modified_gmt":"2022-04-29T20:01:58","slug":"paudalho-realiza-dia-d-de-imunizacao-contra-gripe-e-sarampo-neste-sabado-30","status":"publish","type":"post","link":"https:\/\/www.paudalho.pe.gov.br\/portal\/paudalho-realiza-dia-d-de-imunizacao-contra-gripe-e-sarampo-neste-sabado-30\/","title":{"rendered":"Paudalho realiza &#8216;Dia D&#8217; de imuniza\u00e7\u00e3o contra gripe e sarampo neste s\u00e1bado (30)"},"content":{"rendered":"\n<p>Aderindo a Campanha Nacional de Vacina\u00e7\u00e3o Contra Gripe e Sarampo, a Prefeitura de Paudalho, por meio da Secretaria Municipal de Sa\u00fade, realiza neste s\u00e1bado (30), no munic\u00edpio, o &#8216;Dia D&#8217; de imuniza\u00e7\u00e3o contra as doen\u00e7as. Nesta primeira etapa, idosos, profissionais de sa\u00fade e crian\u00e7as de seis meses a 5 anos ser\u00e3o vacinadas. A imuniza\u00e7\u00e3o estar\u00e1 dispon\u00edvel em todos os postos de sa\u00fade, das 08 \u00e0s 12h. \u00c9 necess\u00e1rio apresentar o cart\u00e3o de vacina e cart\u00e3o do SUS ou CPF. <\/p>\n\n\n\n<p>Todas as unidades de sa\u00fade do munic\u00edpio est\u00e3o abastecidas com as doses contra as doen\u00e7as, de acordo com a pasta. N\u00e3o precisa marcar para ser imunizado. Se faz parte do p\u00fablico alvo, \u00e9 s\u00f3 ir numa unidade de sa\u00fade do munic\u00edpio e solicitar a vacina. A segunda dose de refor\u00e7o para quem tem mais de 80 anos ser\u00e1 em domic\u00edlio. Podem tomar a segunda dose de refor\u00e7o quem tem mais de 65 anos e que j\u00e1 tem quatro meses da primeira dose.<\/p>\n\n\n\n<p>A segunda etapa ser\u00e1 entre os dias 02 de maio a 03 de junho. Nessa fase, gestantes, pu\u00e9rperas, povos ind\u00edgenas, professores, pessoas com defici\u00eancia, caminhoneiros, pessoas com comorbidades, trabalhadores de transporte coletivo, rodovi\u00e1rio e portu\u00e1rio e for\u00e7as de seguran\u00e7a.<\/p>\n\n\n\n<p><strong>Covid-19<\/strong><\/p>\n\n\n\n<p>Vale ressaltar que a vacina\u00e7\u00e3o contra a covid-19 continua e que quem ainda n\u00e3o tomou a vacina procure uma unidade de sa\u00fade mais pr\u00f3xima para se imunizar.<\/p>\n","protected":false},"excerpt":{"rendered":"<p>Aderindo a Campanha Nacional de Vacina\u00e7\u00e3o Contra Gripe e Sarampo, a Prefeitura de Paudalho, por meio da Secretaria Municipal de Sa\u00fade, realiza neste s\u00e1bado (30), no munic\u00edpio, o &#8216;Dia D&#8217; de imuniza\u00e7\u00e3o contra as doen\u00e7as. Nesta primeira etapa, idosos, profissionais de sa\u00fade e crian\u00e7as de seis meses a 5 anos ser\u00e3o vacinadas. A imuniza\u00e7\u00e3o estar\u00e1 [&hellip;]<\/p>\n","protected":false},"author":2,"featured_media":22374,"comment_status":"open","ping_status":"open","sticky":false,"template":"","format":"standard","meta":{"_jetpack_newsletter_access":"","_jetpack_dont_email_post_to_subs":false,"_jetpack_newsletter_tier_id":0,"_jetpack_memberships_contains_paywalled_content":false,"_jetpack_memberships_contains_paid_content":false,"footnotes":""},"categories":[2,3],"tags":[916,922,921,14,898],"class_list":["post-22373","post","type-post","status-publish","format-standard","has-post-thumbnail","hentry","category-destaque","category-saude","tag-dia-d","tag-gripe","tag-imunizacao","tag-paudalho","tag-sarampo"],"jetpack_featured_media_url":"https:\/\/www.paudalho.pe.gov.br\/portal\/wp-content\/uploads\/2022\/04\/vacina.jpg","jetpack_sharing_enabled":true,"jetpack_shortlink":"https:\/\/wp.me\/p98mS2-5OR","_links":{"self":[{"href":"https:\/\/www.paudalho.pe.gov.br\/portal\/wp-json\/wp\/v2\/posts\/22373","targetHints":{"allow":["GET"]}}],"collection":[{"href":"https:\/\/www.paudalho.pe.gov.br\/portal\/wp-json\/wp\/v2\/posts"}],"about":[{"href":"https:\/\/www.paudalho.pe.gov.br\/portal\/wp-json\/wp\/v2\/types\/post"}],"author":[{"embeddable":true,"href":"https:\/\/www.paudalho.pe.gov.br\/portal\/wp-json\/wp\/v2\/users\/2"}],"replies":[{"embeddable":true,"href":"https:\/\/www.paudalho.pe.gov.br\/portal\/wp-json\/wp\/v2\/comments?post=22373"}],"version-history":[{"count":4,"href":"https:\/\/www.paudalho.pe.gov.br\/portal\/wp-json\/wp\/v2\/posts\/22373\/revisions"}],"predecessor-version":[{"id":22378,"href":"https:\/\/www.paudalho.pe.gov.br\/portal\/wp-json\/wp\/v2\/posts\/22373\/revisions\/22378"}],"wp:featuredmedia":[{"embeddable":true,"href":"https:\/\/www.paudalho.pe.gov.br\/portal\/wp-json\/wp\/v2\/media\/22374"}],"wp:attachment":[{"href":"https:\/\/www.paudalho.pe.gov.br\/portal\/wp-json\/wp\/v2\/media?parent=22373"}],"wp:term":[{"taxonomy":"category","embeddable":true,"href":"https:\/\/www.paudalho.pe.gov.br\/portal\/wp-json\/wp\/v2\/categories?post=22373"},{"taxonomy":"post_tag","embeddable":true,"href":"https:\/\/www.paudalho.pe.gov.br\/portal\/wp-json\/wp\/v2\/tags?post=22373"}],"curies":[{"name":"wp","href":"https:\/\/api.w.org\/{rel}","templated":true}]}}