{"id":22364,"date":"2022-04-28T12:12:41","date_gmt":"2022-04-28T15:12:41","guid":{"rendered":"https:\/\/www.paudalho.pe.gov.br\/portal\/?p=22364"},"modified":"2022-04-28T12:17:00","modified_gmt":"2022-04-28T15:17:00","slug":"vacinacao-contra-febre-aftosa-e-raiva-tera-inicio-na-proxima-semana-em-paudalho","status":"publish","type":"post","link":"https:\/\/www.paudalho.pe.gov.br\/portal\/vacinacao-contra-febre-aftosa-e-raiva-tera-inicio-na-proxima-semana-em-paudalho\/","title":{"rendered":"Vacina\u00e7\u00e3o contra febre aftosa e raiva ter\u00e1 in\u00edcio na pr\u00f3xima semana, em Paudalho"},"content":{"rendered":"\n<p>A Secretaria de Agricultura, Abastecimento, Pecu\u00e1ria e Pesca de Paudalho iniciar\u00e1 na pr\u00f3xima semana a vacina\u00e7\u00e3o contra a febre aftosa e raiva no munic\u00edpio. De acordo com a pasta, ser\u00e3o aplicadas, ao todo, 2.600 mil doses de combate \u00e0s doen\u00e7as, entre os dia 1\u00b0 de maio e 15 de junho.<\/p>\n\n\n\n<p>&#8220;Disponibilizaremos uma equipe especializada para fazer a imuniza\u00e7\u00e3o dos bovinos e bubalinos (b\u00fafalos) nas propriedades situadas na nossa cidade. Cada animal vai tomar as duas doses&#8221;, explicou S\u00e9rgio Naz\u00e1rio, secret\u00e1rio-executivo de Agricultura, Abastecimento, Pecu\u00e1ria e Pesca de Paudalho.<\/p>\n\n\n\n<p>&#8220;\u00c9 a primeira vez que vamos aplicar a vacina contra a raiva nos animais bovinos do munic\u00edpio. Decidimos fazer isso, ap\u00f3s relatos de que alguns bovinos haviam morrido com a doen\u00e7a. Isso vai trazer mais sa\u00fade para os rebanhos e mais benef\u00edcios para os pecuaristas da nossa cidade. Nessa a\u00e7\u00e3o, todos animais ser\u00e3o vacinados, do mais novo ao caduco&#8221;, esclareceu Fernando Matheus, engenheiro agr\u00f4nomo da pasta.<\/p>\n\n\n\n<p>Na \u00faltima ter\u00e7a-feira (26), foi realizada uma reuni\u00e3o entre representantes da Secretaria e pecuaristas do munic\u00edpio para explicar como seria o esquema vacinal dos bovinos. <\/p>\n\n\n\n<p><\/p>\n","protected":false},"excerpt":{"rendered":"<p>A Secretaria de Agricultura, Abastecimento, Pecu\u00e1ria e Pesca de Paudalho iniciar\u00e1 na pr\u00f3xima semana a vacina\u00e7\u00e3o contra a febre aftosa e raiva no munic\u00edpio. De acordo com a pasta, ser\u00e3o aplicadas, ao todo, 2.600 mil doses de combate \u00e0s doen\u00e7as, entre os dia 1\u00b0 de maio e 15 de junho. &#8220;Disponibilizaremos uma equipe especializada para [&hellip;]<\/p>\n","protected":false},"author":2,"featured_media":22366,"comment_status":"open","ping_status":"open","sticky":false,"template":"","format":"standard","meta":{"_jetpack_newsletter_access":"","_jetpack_dont_email_post_to_subs":false,"_jetpack_newsletter_tier_id":0,"_jetpack_memberships_contains_paywalled_content":false,"_jetpack_memberships_contains_paid_content":false,"footnotes":""},"categories":[2,3],"tags":[919,918,14,920,314],"class_list":["post-22364","post","type-post","status-publish","format-standard","has-post-thumbnail","hentry","category-destaque","category-saude","tag-aftosa","tag-febre","tag-paudalho","tag-raiva","tag-vacinacao"],"jetpack_featured_media_url":"https:\/\/www.paudalho.pe.gov.br\/portal\/wp-content\/uploads\/2022\/04\/BOI.jpg","jetpack_sharing_enabled":true,"jetpack_shortlink":"https:\/\/wp.me\/p98mS2-5OI","_links":{"self":[{"href":"https:\/\/www.paudalho.pe.gov.br\/portal\/wp-json\/wp\/v2\/posts\/22364","targetHints":{"allow":["GET"]}}],"collection":[{"href":"https:\/\/www.paudalho.pe.gov.br\/portal\/wp-json\/wp\/v2\/posts"}],"about":[{"href":"https:\/\/www.paudalho.pe.gov.br\/portal\/wp-json\/wp\/v2\/types\/post"}],"author":[{"embeddable":true,"href":"https:\/\/www.paudalho.pe.gov.br\/portal\/wp-json\/wp\/v2\/users\/2"}],"replies":[{"embeddable":true,"href":"https:\/\/www.paudalho.pe.gov.br\/portal\/wp-json\/wp\/v2\/comments?post=22364"}],"version-history":[{"count":3,"href":"https:\/\/www.paudalho.pe.gov.br\/portal\/wp-json\/wp\/v2\/posts\/22364\/revisions"}],"predecessor-version":[{"id":22369,"href":"https:\/\/www.paudalho.pe.gov.br\/portal\/wp-json\/wp\/v2\/posts\/22364\/revisions\/22369"}],"wp:featuredmedia":[{"embeddable":true,"href":"https:\/\/www.paudalho.pe.gov.br\/portal\/wp-json\/wp\/v2\/media\/22366"}],"wp:attachment":[{"href":"https:\/\/www.paudalho.pe.gov.br\/portal\/wp-json\/wp\/v2\/media?parent=22364"}],"wp:term":[{"taxonomy":"category","embeddable":true,"href":"https:\/\/www.paudalho.pe.gov.br\/portal\/wp-json\/wp\/v2\/categories?post=22364"},{"taxonomy":"post_tag","embeddable":true,"href":"https:\/\/www.paudalho.pe.gov.br\/portal\/wp-json\/wp\/v2\/tags?post=22364"}],"curies":[{"name":"wp","href":"https:\/\/api.w.org\/{rel}","templated":true}]}}