{"id":22359,"date":"2022-04-26T14:14:12","date_gmt":"2022-04-26T17:14:12","guid":{"rendered":"https:\/\/www.paudalho.pe.gov.br\/portal\/?p=22359"},"modified":"2022-04-26T14:15:57","modified_gmt":"2022-04-26T17:15:57","slug":"dia-d-de-vacinacao-infantil-contra-a-covid-19-sera-realizado-em-paudalho-nesta-quarta-27","status":"publish","type":"post","link":"https:\/\/www.paudalho.pe.gov.br\/portal\/dia-d-de-vacinacao-infantil-contra-a-covid-19-sera-realizado-em-paudalho-nesta-quarta-27\/","title":{"rendered":"&#8216;Dia D&#8217; de Vacina\u00e7\u00e3o Infantil contra a Covid-19 ser\u00e1 realizado em Paudalho nesta quarta (27)"},"content":{"rendered":"\n<p>A Secretaria Municipal de Sa\u00fade de Paudalho promove nesta quarta-feira (27) o &#8216;Dia D&#8217; de Vacina\u00e7\u00e3o Infantil contra a Covid-19. A a\u00e7\u00e3o ser\u00e1 realizada no ponto fixo de drive-thru, situado em frente \u00e0 pasta, na Pra\u00e7a Pedro Coutinho, centro da cidade.<\/p>\n\n\n\n<p>A imuniza\u00e7\u00e3o ocorrer\u00e1 nos hor\u00e1rios entre \u00e0s 14h e 20h. No local, haver\u00e1 recrea\u00e7\u00e3o, cama el\u00e1stica, piscina com bolinha, pipoca e algod\u00e3o doce.<\/p>\n\n\n\n<p>&#8220;Com essa a\u00e7\u00e3o, queremos completar 100% das nossas crian\u00e7as imunizadas contra a Covid-19. Vamos fazer o m\u00e1ximo poss\u00edvel para vacinar o maior n\u00famero de crian\u00e7as poss\u00edveis&#8221;, disse Anielle Rosa Louren\u00e7o, coordenadora do Plano Nacional de Imuniza\u00e7\u00e3o (PNI) de Paudalho.<\/p>\n\n\n\n<p>Crian\u00e7as de 05 a 11 anos devem se vacinar. &#8220;Os pais devem levar o cart\u00e3o de vacina, CPF e registro ou RG dos filhos. Al\u00e9m disso, adolescentes de 11 a 17 anos poder\u00e3o ser imunizados&#8221;, complementou Anielle.<\/p>\n","protected":false},"excerpt":{"rendered":"<p>A Secretaria Municipal de Sa\u00fade de Paudalho promove nesta quarta-feira (27) o &#8216;Dia D&#8217; de Vacina\u00e7\u00e3o Infantil contra a Covid-19. A a\u00e7\u00e3o ser\u00e1 realizada no ponto fixo de drive-thru, situado em frente \u00e0 pasta, na Pra\u00e7a Pedro Coutinho, centro da cidade. A imuniza\u00e7\u00e3o ocorrer\u00e1 nos hor\u00e1rios entre \u00e0s 14h e 20h. No local, haver\u00e1 recrea\u00e7\u00e3o, [&hellip;]<\/p>\n","protected":false},"author":2,"featured_media":22360,"comment_status":"open","ping_status":"open","sticky":false,"template":"","format":"standard","meta":{"_jetpack_newsletter_access":"","_jetpack_dont_email_post_to_subs":false,"_jetpack_newsletter_tier_id":0,"_jetpack_memberships_contains_paywalled_content":false,"_jetpack_memberships_contains_paid_content":false,"footnotes":""},"categories":[732,2,3],"tags":[916,917,14,314],"class_list":["post-22359","post","type-post","status-publish","format-standard","has-post-thumbnail","hentry","category-covid-19","category-destaque","category-saude","tag-dia-d","tag-infantil-covid-19","tag-paudalho","tag-vacinacao"],"jetpack_featured_media_url":"https:\/\/www.paudalho.pe.gov.br\/portal\/wp-content\/uploads\/2022\/04\/IMG-20220426-WA0117.jpg","jetpack_sharing_enabled":true,"jetpack_shortlink":"https:\/\/wp.me\/p98mS2-5OD","_links":{"self":[{"href":"https:\/\/www.paudalho.pe.gov.br\/portal\/wp-json\/wp\/v2\/posts\/22359","targetHints":{"allow":["GET"]}}],"collection":[{"href":"https:\/\/www.paudalho.pe.gov.br\/portal\/wp-json\/wp\/v2\/posts"}],"about":[{"href":"https:\/\/www.paudalho.pe.gov.br\/portal\/wp-json\/wp\/v2\/types\/post"}],"author":[{"embeddable":true,"href":"https:\/\/www.paudalho.pe.gov.br\/portal\/wp-json\/wp\/v2\/users\/2"}],"replies":[{"embeddable":true,"href":"https:\/\/www.paudalho.pe.gov.br\/portal\/wp-json\/wp\/v2\/comments?post=22359"}],"version-history":[{"count":2,"href":"https:\/\/www.paudalho.pe.gov.br\/portal\/wp-json\/wp\/v2\/posts\/22359\/revisions"}],"predecessor-version":[{"id":22362,"href":"https:\/\/www.paudalho.pe.gov.br\/portal\/wp-json\/wp\/v2\/posts\/22359\/revisions\/22362"}],"wp:featuredmedia":[{"embeddable":true,"href":"https:\/\/www.paudalho.pe.gov.br\/portal\/wp-json\/wp\/v2\/media\/22360"}],"wp:attachment":[{"href":"https:\/\/www.paudalho.pe.gov.br\/portal\/wp-json\/wp\/v2\/media?parent=22359"}],"wp:term":[{"taxonomy":"category","embeddable":true,"href":"https:\/\/www.paudalho.pe.gov.br\/portal\/wp-json\/wp\/v2\/categories?post=22359"},{"taxonomy":"post_tag","embeddable":true,"href":"https:\/\/www.paudalho.pe.gov.br\/portal\/wp-json\/wp\/v2\/tags?post=22359"}],"curies":[{"name":"wp","href":"https:\/\/api.w.org\/{rel}","templated":true}]}}