{"id":22353,"date":"2022-04-25T21:46:22","date_gmt":"2022-04-26T00:46:22","guid":{"rendered":"https:\/\/www.paudalho.pe.gov.br\/portal\/?p=22353"},"modified":"2022-04-25T21:46:22","modified_gmt":"2022-04-26T00:46:22","slug":"eleicao-do-conselho-municipal-de-saude-de-paudalho-acontece-nesta-terca-26","status":"publish","type":"post","link":"https:\/\/www.paudalho.pe.gov.br\/portal\/eleicao-do-conselho-municipal-de-saude-de-paudalho-acontece-nesta-terca-26\/","title":{"rendered":"Elei\u00e7\u00e3o do Conselho Municipal de Sa\u00fade de Paudalho acontece nesta ter\u00e7a (26)"},"content":{"rendered":"\n<p>Nesta ter\u00e7a-feira (26), ser\u00e1 realizada a elei\u00e7\u00e3o que definir\u00e1 os representes do Conselho Municipal de Sa\u00fade de Paudalho para o bi\u00eanio 2023-2024. Na ocasi\u00e3o, tamb\u00e9m ter\u00e1 a elei\u00e7\u00e3o da Mesa Diretora.<\/p>\n\n\n\n<p>O pleito est\u00e1 marcado para acontecer \u00e0s 14h na sede da Vigil\u00e2ncia Ambiental, situada na Pra\u00e7a Jos\u00e9 do Patroc\u00ednio, n\u00b0 64, no Centro do Paudalho.<\/p>\n","protected":false},"excerpt":{"rendered":"<p>Nesta ter\u00e7a-feira (26), ser\u00e1 realizada a elei\u00e7\u00e3o que definir\u00e1 os representes do Conselho Municipal de Sa\u00fade de Paudalho para o bi\u00eanio 2023-2024. Na ocasi\u00e3o, tamb\u00e9m ter\u00e1 a elei\u00e7\u00e3o da Mesa Diretora. O pleito est\u00e1 marcado para acontecer \u00e0s 14h na sede da Vigil\u00e2ncia Ambiental, situada na Pra\u00e7a Jos\u00e9 do Patroc\u00ednio, n\u00b0 64, no Centro do [&hellip;]<\/p>\n","protected":false},"author":2,"featured_media":22354,"comment_status":"open","ping_status":"open","sticky":false,"template":"","format":"standard","meta":{"_jetpack_newsletter_access":"","_jetpack_dont_email_post_to_subs":false,"_jetpack_newsletter_tier_id":0,"_jetpack_memberships_contains_paywalled_content":false,"_jetpack_memberships_contains_paid_content":false,"footnotes":""},"categories":[2,3],"tags":[906,481],"class_list":["post-22353","post","type-post","status-publish","format-standard","has-post-thumbnail","hentry","category-destaque","category-saude","tag-conselho","tag-eleicao"],"jetpack_featured_media_url":"https:\/\/www.paudalho.pe.gov.br\/portal\/wp-content\/uploads\/2022\/04\/images-12.jpeg","jetpack_sharing_enabled":true,"jetpack_shortlink":"https:\/\/wp.me\/p98mS2-5Ox","_links":{"self":[{"href":"https:\/\/www.paudalho.pe.gov.br\/portal\/wp-json\/wp\/v2\/posts\/22353","targetHints":{"allow":["GET"]}}],"collection":[{"href":"https:\/\/www.paudalho.pe.gov.br\/portal\/wp-json\/wp\/v2\/posts"}],"about":[{"href":"https:\/\/www.paudalho.pe.gov.br\/portal\/wp-json\/wp\/v2\/types\/post"}],"author":[{"embeddable":true,"href":"https:\/\/www.paudalho.pe.gov.br\/portal\/wp-json\/wp\/v2\/users\/2"}],"replies":[{"embeddable":true,"href":"https:\/\/www.paudalho.pe.gov.br\/portal\/wp-json\/wp\/v2\/comments?post=22353"}],"version-history":[{"count":1,"href":"https:\/\/www.paudalho.pe.gov.br\/portal\/wp-json\/wp\/v2\/posts\/22353\/revisions"}],"predecessor-version":[{"id":22355,"href":"https:\/\/www.paudalho.pe.gov.br\/portal\/wp-json\/wp\/v2\/posts\/22353\/revisions\/22355"}],"wp:featuredmedia":[{"embeddable":true,"href":"https:\/\/www.paudalho.pe.gov.br\/portal\/wp-json\/wp\/v2\/media\/22354"}],"wp:attachment":[{"href":"https:\/\/www.paudalho.pe.gov.br\/portal\/wp-json\/wp\/v2\/media?parent=22353"}],"wp:term":[{"taxonomy":"category","embeddable":true,"href":"https:\/\/www.paudalho.pe.gov.br\/portal\/wp-json\/wp\/v2\/categories?post=22353"},{"taxonomy":"post_tag","embeddable":true,"href":"https:\/\/www.paudalho.pe.gov.br\/portal\/wp-json\/wp\/v2\/tags?post=22353"}],"curies":[{"name":"wp","href":"https:\/\/api.w.org\/{rel}","templated":true}]}}