{"id":22349,"date":"2022-04-25T14:37:48","date_gmt":"2022-04-25T17:37:48","guid":{"rendered":"https:\/\/www.paudalho.pe.gov.br\/portal\/?p=22349"},"modified":"2022-04-25T20:27:08","modified_gmt":"2022-04-25T23:27:08","slug":"educacao-inclusiva-e-promovida-nas-escolas-de-paudalho","status":"publish","type":"post","link":"https:\/\/www.paudalho.pe.gov.br\/portal\/educacao-inclusiva-e-promovida-nas-escolas-de-paudalho\/","title":{"rendered":"Educa\u00e7\u00e3o inclusiva \u00e9 promovida nas escolas de Paudalho"},"content":{"rendered":"\n<p>Com a finalidade de promover a inclus\u00e3o de estudantes e docentes, as escolas de Paudalho, que possuem alunos e professores com algum tipo de defici\u00eancia (visual, auditiva, f\u00edsica, espectro autista e etc..), disp\u00f5em de apoiadores para auxili\u00e1-los durante o ano letivo.<\/p>\n\n\n\n<p>&#8220;As nossas unidades de ensino possuem estudantes com defici\u00eancia, e t\u00eam condi\u00e7\u00f5es de receb\u00ea-los. Buscamos melhorar dia ap\u00f3s dia a nossa pol\u00edtica de inclus\u00e3o para garantir os direitos fundamentais dos nossos estudantes e tamb\u00e9m dos professores. Quem necessita de aux\u00edlio pode contar com apoiador educacional, int\u00e9rprete de libras, brailista, por exemplo, e temos 18 psic\u00f3logos atuando nas escolas da Rede Municipal de Ensino&#8221;, disse Jos\u00e9 Jo\u00e3o Ferreira, psic\u00f3logo e coordenador de inclus\u00e3o da Secretaria de Educa\u00e7\u00e3o de Paudalho.<\/p>\n\n\n\n<p>Col\u00e9gio Municipal Tancredo Neves, Col\u00e9gio Municipal de Paudalho, Col\u00e9gio Municipal Maria de F\u00e1tima, Escola Municipal Genilda Martins, entre outras, s\u00e3o exemplos de unidades de ensino que t\u00eam em seu quadro estudantes com defici\u00eancia e contam com apoiadores.<\/p>\n\n\n\n<p>&#8220;Dispomos tamb\u00e9m de sala do AEE (Atendimento Educacional Especializado) na Escola Ch\u00e3 de Capoeira para receber os alunos no contra-turno no Col\u00e9gio Municipal Maria de F\u00e1tima e no Col\u00e9gio Municipal Tancredo Neves. Al\u00e9m disso, temos alunos com defici\u00eancia na creche. L\u00e1, tamb\u00e9m oferecemos todo suporte para atend\u00ea-los&#8221;, complementou a t\u00e9cnica educacional Iraneide Dias.<\/p>\n\n\n\n<p>&#8220;N\u00f3s temos forma\u00e7\u00f5es direcionadas para os apoiadores educacionais. No \u00faltimo dia 22 de abril houve uma reuni\u00e3o com esses apoiadores, junto com um psic\u00f3logo e gestores das escolas, onde orientamos como devemos trabalhar com os alunos com defici\u00eancia&#8221;, explicou Iraneide Dias.<\/p>\n\n\n\n<p>Durante o per\u00edodo de pandemia de Covid, a Secretaria de Educa\u00e7\u00e3o ofereceu forma\u00e7\u00e3o para professores e apoiadores ministradas pelo psic\u00f3logo Jos\u00e9 Jo\u00e3o Ferreira.<\/p>\n","protected":false},"excerpt":{"rendered":"<p>Com a finalidade de promover a inclus\u00e3o de estudantes e docentes, as escolas de Paudalho, que possuem alunos e professores com algum tipo de defici\u00eancia (visual, auditiva, f\u00edsica, espectro autista e etc..), disp\u00f5em de apoiadores para auxili\u00e1-los durante o ano letivo. &#8220;As nossas unidades de ensino possuem estudantes com defici\u00eancia, e t\u00eam condi\u00e7\u00f5es de receb\u00ea-los. [&hellip;]<\/p>\n","protected":false},"author":2,"featured_media":17456,"comment_status":"open","ping_status":"open","sticky":false,"template":"","format":"standard","meta":{"_jetpack_newsletter_access":"","_jetpack_dont_email_post_to_subs":false,"_jetpack_newsletter_tier_id":0,"_jetpack_memberships_contains_paywalled_content":false,"_jetpack_memberships_contains_paid_content":false,"footnotes":""},"categories":[2,4],"tags":[30,915,14],"class_list":["post-22349","post","type-post","status-publish","format-standard","has-post-thumbnail","hentry","category-destaque","category-educacao","tag-educacao","tag-inclusiva","tag-paudalho"],"jetpack_featured_media_url":"https:\/\/www.paudalho.pe.gov.br\/portal\/wp-content\/uploads\/2021\/08\/pessoa-com-deficiencia-scaled.jpg","jetpack_sharing_enabled":true,"jetpack_shortlink":"https:\/\/wp.me\/p98mS2-5Ot","_links":{"self":[{"href":"https:\/\/www.paudalho.pe.gov.br\/portal\/wp-json\/wp\/v2\/posts\/22349","targetHints":{"allow":["GET"]}}],"collection":[{"href":"https:\/\/www.paudalho.pe.gov.br\/portal\/wp-json\/wp\/v2\/posts"}],"about":[{"href":"https:\/\/www.paudalho.pe.gov.br\/portal\/wp-json\/wp\/v2\/types\/post"}],"author":[{"embeddable":true,"href":"https:\/\/www.paudalho.pe.gov.br\/portal\/wp-json\/wp\/v2\/users\/2"}],"replies":[{"embeddable":true,"href":"https:\/\/www.paudalho.pe.gov.br\/portal\/wp-json\/wp\/v2\/comments?post=22349"}],"version-history":[{"count":3,"href":"https:\/\/www.paudalho.pe.gov.br\/portal\/wp-json\/wp\/v2\/posts\/22349\/revisions"}],"predecessor-version":[{"id":22352,"href":"https:\/\/www.paudalho.pe.gov.br\/portal\/wp-json\/wp\/v2\/posts\/22349\/revisions\/22352"}],"wp:featuredmedia":[{"embeddable":true,"href":"https:\/\/www.paudalho.pe.gov.br\/portal\/wp-json\/wp\/v2\/media\/17456"}],"wp:attachment":[{"href":"https:\/\/www.paudalho.pe.gov.br\/portal\/wp-json\/wp\/v2\/media?parent=22349"}],"wp:term":[{"taxonomy":"category","embeddable":true,"href":"https:\/\/www.paudalho.pe.gov.br\/portal\/wp-json\/wp\/v2\/categories?post=22349"},{"taxonomy":"post_tag","embeddable":true,"href":"https:\/\/www.paudalho.pe.gov.br\/portal\/wp-json\/wp\/v2\/tags?post=22349"}],"curies":[{"name":"wp","href":"https:\/\/api.w.org\/{rel}","templated":true}]}}