{"id":22321,"date":"2022-04-16T18:48:17","date_gmt":"2022-04-16T21:48:17","guid":{"rendered":"https:\/\/www.paudalho.pe.gov.br\/portal\/?p=22321"},"modified":"2022-04-16T18:48:17","modified_gmt":"2022-04-16T21:48:17","slug":"prefeitura-do-paudalho-prorroga-prazos-de-editais-destinados-a-premiacao-de-produtores-culturais","status":"publish","type":"post","link":"https:\/\/www.paudalho.pe.gov.br\/portal\/prefeitura-do-paudalho-prorroga-prazos-de-editais-destinados-a-premiacao-de-produtores-culturais\/","title":{"rendered":"Prefeitura do Paudalho prorroga prazos de editais destinados \u00e0 premia\u00e7\u00e3o de produtores culturais"},"content":{"rendered":"\n<p>Ap\u00f3s solicita\u00e7\u00f5es dos profissionais de cultura-audiovisual, quadrilhas juninas, agremia\u00e7\u00f5es carnavalescas, entre outras categorias, a Prefeitura do Paudalho, atrav\u00e9s da Comiss\u00e3o Municipal de An\u00e1lise e Julgamento da Lei Aldir Blanc, prorrogou o prazo para que os proponentes beneficiados com a lei, que prev\u00ea um aux\u00edlio financeiro para o setor, realizem as a\u00e7\u00f5es e entreguem os relat\u00f3rios de execu\u00e7\u00e3o propostos pelos editais: Paudalho Criativo &#8211; Geral N\u00b0 01\/2021; Paudalho Criativo &#8211; Artesanato N\u00b0 02\/2021; e Paudalho Criativo &#8211; M\u00fasica N\u00b0 03\/2021.<\/p>\n\n\n\n<p>O prazo para a Realiza\u00e7\u00e3o da A\u00e7\u00f5es \u00e9 at\u00e9 o dia 02 de maio deste ano. O prazo para a entrega dos Relat\u00f3rios de Execu\u00e7\u00e3o das A\u00e7\u00f5es segue at\u00e9 o dia 10 e maio do ano vigente.<\/p>\n\n\n\n<p>Vale ressaltar que os relat\u00f3rios de execu\u00e7\u00e3o das a\u00e7\u00f5es devem ser entregues, em envelope lacrado, na sede da Secretaria Municipal de Cultura, Turismo, Lazer e Juventude, no hor\u00e1rio das 13h \u00e0s 16h, \u00e0 Comiss\u00e3o Municipal de An\u00e1lise e Julgamento.<\/p>\n\n\n\n<p><strong>Lei Aldir Blanc<\/strong><\/p>\n\n\n\n<p>A Lei Aldir Blanc (lei federal) prev\u00ea aux\u00edlio financeiro ao setor cultural. A iniciativa busca apoiar profissionais da \u00e1rea que sofreram com impacto das medidas de distanciamento social por causa da pandemia do novo coronav\u00edrus.<\/p>\n","protected":false},"excerpt":{"rendered":"<p>Ap\u00f3s solicita\u00e7\u00f5es dos profissionais de cultura-audiovisual, quadrilhas juninas, agremia\u00e7\u00f5es carnavalescas, entre outras categorias, a Prefeitura do Paudalho, atrav\u00e9s da Comiss\u00e3o Municipal de An\u00e1lise e Julgamento da Lei Aldir Blanc, prorrogou o prazo para que os proponentes beneficiados com a lei, que prev\u00ea um aux\u00edlio financeiro para o setor, realizem as a\u00e7\u00f5es e entreguem os relat\u00f3rios [&hellip;]<\/p>\n","protected":false},"author":2,"featured_media":22322,"comment_status":"open","ping_status":"open","sticky":false,"template":"","format":"standard","meta":{"_jetpack_newsletter_access":"","_jetpack_dont_email_post_to_subs":false,"_jetpack_newsletter_tier_id":0,"_jetpack_memberships_contains_paywalled_content":false,"_jetpack_memberships_contains_paid_content":false,"footnotes":""},"categories":[6,2],"tags":[910,681,908,15,907],"class_list":["post-22321","post","type-post","status-publish","format-standard","has-post-thumbnail","hentry","category-cultura","category-destaque","tag-blanc","tag-editais","tag-prazos","tag-prefeitura","tag-prorroga"],"jetpack_featured_media_url":"https:\/\/www.paudalho.pe.gov.br\/portal\/wp-content\/uploads\/2022\/04\/images-1.jpeg","jetpack_sharing_enabled":true,"jetpack_shortlink":"https:\/\/wp.me\/p98mS2-5O1","_links":{"self":[{"href":"https:\/\/www.paudalho.pe.gov.br\/portal\/wp-json\/wp\/v2\/posts\/22321","targetHints":{"allow":["GET"]}}],"collection":[{"href":"https:\/\/www.paudalho.pe.gov.br\/portal\/wp-json\/wp\/v2\/posts"}],"about":[{"href":"https:\/\/www.paudalho.pe.gov.br\/portal\/wp-json\/wp\/v2\/types\/post"}],"author":[{"embeddable":true,"href":"https:\/\/www.paudalho.pe.gov.br\/portal\/wp-json\/wp\/v2\/users\/2"}],"replies":[{"embeddable":true,"href":"https:\/\/www.paudalho.pe.gov.br\/portal\/wp-json\/wp\/v2\/comments?post=22321"}],"version-history":[{"count":2,"href":"https:\/\/www.paudalho.pe.gov.br\/portal\/wp-json\/wp\/v2\/posts\/22321\/revisions"}],"predecessor-version":[{"id":22324,"href":"https:\/\/www.paudalho.pe.gov.br\/portal\/wp-json\/wp\/v2\/posts\/22321\/revisions\/22324"}],"wp:featuredmedia":[{"embeddable":true,"href":"https:\/\/www.paudalho.pe.gov.br\/portal\/wp-json\/wp\/v2\/media\/22322"}],"wp:attachment":[{"href":"https:\/\/www.paudalho.pe.gov.br\/portal\/wp-json\/wp\/v2\/media?parent=22321"}],"wp:term":[{"taxonomy":"category","embeddable":true,"href":"https:\/\/www.paudalho.pe.gov.br\/portal\/wp-json\/wp\/v2\/categories?post=22321"},{"taxonomy":"post_tag","embeddable":true,"href":"https:\/\/www.paudalho.pe.gov.br\/portal\/wp-json\/wp\/v2\/tags?post=22321"}],"curies":[{"name":"wp","href":"https:\/\/api.w.org\/{rel}","templated":true}]}}