{"id":22318,"date":"2022-04-12T10:30:01","date_gmt":"2022-04-12T13:30:01","guid":{"rendered":"https:\/\/www.paudalho.pe.gov.br\/portal\/?p=22318"},"modified":"2022-04-12T10:30:01","modified_gmt":"2022-04-12T13:30:01","slug":"paudalho-publica-resolucao-que-convoca-nova-eleicao-para-o-conselho-municipal-de-politica-cultural-cmpc","status":"publish","type":"post","link":"https:\/\/www.paudalho.pe.gov.br\/portal\/paudalho-publica-resolucao-que-convoca-nova-eleicao-para-o-conselho-municipal-de-politica-cultural-cmpc\/","title":{"rendered":"Paudalho publica resolu\u00e7\u00e3o que convoca nova elei\u00e7\u00e3o para o Conselho Municipal de Pol\u00edtica Cultural (CMPC)"},"content":{"rendered":"\n<p>A Prefeitura do Paudalho, por meio do Conselho Municipal de Pol\u00edtica Cultural (CMPC), publicou no \u00faltimo m\u00eas uma resolu\u00e7\u00e3o que convoca nova elei\u00e7\u00e3o para eleger tr\u00eas conselheiros para complementa\u00e7\u00e3o do atual mandato do CMPC.<\/p>\n\n\n\n<p>De acordo com o documento, a elei\u00e7\u00e3o ocorrer\u00e1 para suprir a necessidade de ocupar as tr\u00eas cadeiras vagantes do Conselho, sendo: 2 (duas) cadeiras para Cultura Popular e 1 (uma) cadeira para Comunidades Tradicionais. As demais cadeiras permanecer\u00e3o como est\u00e3o.<\/p>\n\n\n\n<p>O processo eleitoral para a escolha da representa\u00e7\u00e3o da sociedade civil que eleger\u00e1 representantes em substitui\u00e7\u00e3o aos atuais membros do Conselho deve ser realizado em conformidade com o respectivo regimento eleitoral a ser aprovado pelo plen\u00e1rio do CMPC e publicado no Di\u00e1rio Oficial em forma de resolu\u00e7\u00e3o.<\/p>\n\n\n\n<p>Ainda n\u00e3o h\u00e1 uma data definida para o lan\u00e7amento do edital que nortear\u00e1 a elei\u00e7\u00e3o.<\/p>\n","protected":false},"excerpt":{"rendered":"<p>A Prefeitura do Paudalho, por meio do Conselho Municipal de Pol\u00edtica Cultural (CMPC), publicou no \u00faltimo m\u00eas uma resolu\u00e7\u00e3o que convoca nova elei\u00e7\u00e3o para eleger tr\u00eas conselheiros para complementa\u00e7\u00e3o do atual mandato do CMPC. De acordo com o documento, a elei\u00e7\u00e3o ocorrer\u00e1 para suprir a necessidade de ocupar as tr\u00eas cadeiras vagantes do Conselho, sendo: [&hellip;]<\/p>\n","protected":false},"author":2,"featured_media":22319,"comment_status":"open","ping_status":"open","sticky":false,"template":"","format":"standard","meta":{"_jetpack_newsletter_access":"","_jetpack_dont_email_post_to_subs":false,"_jetpack_newsletter_tier_id":0,"_jetpack_memberships_contains_paywalled_content":false,"_jetpack_memberships_contains_paid_content":false,"footnotes":""},"categories":[6,2],"tags":[906,481,14,905],"class_list":["post-22318","post","type-post","status-publish","format-standard","has-post-thumbnail","hentry","category-cultura","category-destaque","tag-conselho","tag-eleicao","tag-paudalho","tag-resolucao"],"jetpack_featured_media_url":"https:\/\/www.paudalho.pe.gov.br\/portal\/wp-content\/uploads\/2022\/04\/IMG-20220412-WA00581.jpg","jetpack_sharing_enabled":true,"jetpack_shortlink":"https:\/\/wp.me\/p98mS2-5NY","_links":{"self":[{"href":"https:\/\/www.paudalho.pe.gov.br\/portal\/wp-json\/wp\/v2\/posts\/22318","targetHints":{"allow":["GET"]}}],"collection":[{"href":"https:\/\/www.paudalho.pe.gov.br\/portal\/wp-json\/wp\/v2\/posts"}],"about":[{"href":"https:\/\/www.paudalho.pe.gov.br\/portal\/wp-json\/wp\/v2\/types\/post"}],"author":[{"embeddable":true,"href":"https:\/\/www.paudalho.pe.gov.br\/portal\/wp-json\/wp\/v2\/users\/2"}],"replies":[{"embeddable":true,"href":"https:\/\/www.paudalho.pe.gov.br\/portal\/wp-json\/wp\/v2\/comments?post=22318"}],"version-history":[{"count":1,"href":"https:\/\/www.paudalho.pe.gov.br\/portal\/wp-json\/wp\/v2\/posts\/22318\/revisions"}],"predecessor-version":[{"id":22320,"href":"https:\/\/www.paudalho.pe.gov.br\/portal\/wp-json\/wp\/v2\/posts\/22318\/revisions\/22320"}],"wp:featuredmedia":[{"embeddable":true,"href":"https:\/\/www.paudalho.pe.gov.br\/portal\/wp-json\/wp\/v2\/media\/22319"}],"wp:attachment":[{"href":"https:\/\/www.paudalho.pe.gov.br\/portal\/wp-json\/wp\/v2\/media?parent=22318"}],"wp:term":[{"taxonomy":"category","embeddable":true,"href":"https:\/\/www.paudalho.pe.gov.br\/portal\/wp-json\/wp\/v2\/categories?post=22318"},{"taxonomy":"post_tag","embeddable":true,"href":"https:\/\/www.paudalho.pe.gov.br\/portal\/wp-json\/wp\/v2\/tags?post=22318"}],"curies":[{"name":"wp","href":"https:\/\/api.w.org\/{rel}","templated":true}]}}