{"id":22298,"date":"2022-04-06T15:43:31","date_gmt":"2022-04-06T18:43:31","guid":{"rendered":"https:\/\/www.paudalho.pe.gov.br\/portal\/?p=22298"},"modified":"2022-04-06T17:48:15","modified_gmt":"2022-04-06T20:48:15","slug":"maior-polo-de-romaria-de-pernambuco-em-paudalho-voltara-a-receber-celebracoes-no-domingo-de-ramos","status":"publish","type":"post","link":"https:\/\/www.paudalho.pe.gov.br\/portal\/maior-polo-de-romaria-de-pernambuco-em-paudalho-voltara-a-receber-celebracoes-no-domingo-de-ramos\/","title":{"rendered":"Maior polo de romaria de Pernambuco, em Paudalho, voltar\u00e1 a receber celebra\u00e7\u00f5es no &#8216;Domingo de Ramos&#8217;"},"content":{"rendered":"\n<p>Maior centro de peregrina\u00e7\u00e3o religiosa de Pernambuco e um dos maiores do Brasil, o Santu\u00e1rio de S\u00e3o Severino do Ramos, situado em Paudalho, na Mata Norte pernambucana, voltar\u00e1 a receber celebra\u00e7\u00f5es no &#8216;Domingo de Ramos&#8217; (pr\u00f3ximo dia 10 de abril), evento que marca o in\u00edcio da Semana Santa e que, na cidade, tamb\u00e9m presta homenagem ao santo S\u00e3o Severino do Ramos.<\/p>\n\n\n\n<p>O tradicional evento religioso, intitulado como &#8216;Romaria de S\u00e3o Severino do Ramos&#8217;, foi suspenso por dois anos, devido \u00e0 crise sanit\u00e1ria provocada pela Pandemia de Covid-19. A expectativa \u00e9 que milhares de romeiros de todo o pa\u00eds compare\u00e7am ao Santu\u00e1rio de S\u00e3o Severino do Ramos para celebrar.<\/p>\n\n\n\n<p>&#8220;Est\u00e1 se aproximando mais uma Semana Santa, que tem in\u00edcio no &#8216;Domingo de Ramos&#8217; e \u00e9 conclu\u00edda no &#8216;Domingo da Ressurrei\u00e7\u00e3o&#8217;. O &#8216;Domingo de Ramos&#8217; nos lembra a entrada triunfante de Jesus em Jerusal\u00e9m, onde as ruas foram preparadas com ramos para receb\u00ea-lo. Aqui na cidade de Paudalho, existe o Santu\u00e1rio de S\u00e3o Severino do Ramos. A devo\u00e7\u00e3o popular atribuiu a palavra &#8216;Ramos&#8217;, do nome do santo S\u00e3o Severino do Ramos, com o Domingo de Ramos. Da\u00ed surgiu a grande romaria. \u00c9 o dia em que se registra o maior n\u00famero de romeiros no Santu\u00e1rio de S\u00e3o Severino do Ramos. Para n\u00f3s, a import\u00e2ncia do &#8216;Domingo de Ramos&#8217; \u00e9 grande, por marcar a abertura da semana na qual vamos celebrar a maior festa do Cristianismo, que \u00e9 o mist\u00e9rio pascal de Jesus: sua vida, sua paix\u00e3o, sua morte e sua ressurrei\u00e7\u00e3o&#8221;, explicou o Padre Artur Alexandre, da Par\u00f3quia do Divino Esp\u00edrito Santo em Paudalho, sobre a rela\u00e7\u00e3o do &#8216;Domingo de Ramos&#8217; e \u00e0s homenagens ao santo S\u00e3o Severino dos Ramos.<\/p>\n\n\n\n<figure class=\"wp-block-image size-large is-resized\"><img loading=\"lazy\" decoding=\"async\" data-attachment-id=\"22300\" data-permalink=\"https:\/\/www.paudalho.pe.gov.br\/portal\/maior-polo-de-romaria-de-pernambuco-em-paudalho-voltara-a-receber-celebracoes-no-domingo-de-ramos\/img-20220406-wa0169\/\" data-orig-file=\"https:\/\/www.paudalho.pe.gov.br\/portal\/wp-content\/uploads\/2022\/04\/IMG-20220406-WA0169.jpg\" data-orig-size=\"1000,600\" data-comments-opened=\"1\" data-image-meta=\"{&quot;aperture&quot;:&quot;0&quot;,&quot;credit&quot;:&quot;&quot;,&quot;camera&quot;:&quot;&quot;,&quot;caption&quot;:&quot;&quot;,&quot;created_timestamp&quot;:&quot;0&quot;,&quot;copyright&quot;:&quot;&quot;,&quot;focal_length&quot;:&quot;0&quot;,&quot;iso&quot;:&quot;0&quot;,&quot;shutter_speed&quot;:&quot;0&quot;,&quot;title&quot;:&quot;&quot;,&quot;orientation&quot;:&quot;0&quot;}\" data-image-title=\"IMG-20220406-WA0169\" data-image-description=\"\" data-image-caption=\"\" data-medium-file=\"https:\/\/www.paudalho.pe.gov.br\/portal\/wp-content\/uploads\/2022\/04\/IMG-20220406-WA0169-350x230.jpg\" data-large-file=\"https:\/\/www.paudalho.pe.gov.br\/portal\/wp-content\/uploads\/2022\/04\/IMG-20220406-WA0169-800x450.jpg\" src=\"https:\/\/www.paudalho.pe.gov.br\/portal\/wp-content\/uploads\/2022\/04\/IMG-20220406-WA0169-800x450.jpg\" alt=\"\" class=\"wp-image-22300\" width=\"419\" height=\"234\"\/><figcaption>Vista de cima do Santu\u00e1rio de S\u00e3o Severino do Ramos. <em>Foto<\/em>: <em>Josu\u00e9<\/em> <em>J\u00fanior<\/em>\/ <em>Prefeitura<\/em> <em>do Paudalho<\/em> <\/figcaption><\/figure>\n\n\n\n<p>Tendo em vista a expressividade da manifesta\u00e7\u00e3o religiosa, em 2018 a Romaria de S\u00e3o Severino do Ramos, em Paudalho, foi reconhecida por leis municipal e estadual como patrim\u00f4nio cultural e religioso imaterial.<\/p>\n\n\n\n<p>O Santu\u00e1rio de S\u00e3o Severino do Ramos \u00e9 uma propriedade privada e ser\u00e1 adquirido em breve pela Prefeitura de Paudalho.<\/p>\n\n\n\n<p><strong>PROGRAMA\u00c7\u00c3O<\/strong><em>:<\/em><\/p>\n\n\n\n<p>Tr\u00eas missas est\u00e3o programadas para acontecer no dia 10, uma \u00e0s 7h e outras \u00e0s 8h e 10h.<\/p>\n\n\n\n<p><strong>SAIBA<\/strong><em> <\/em><strong>MAIS<\/strong><em>:<\/em><\/p>\n\n\n\n<p>A f\u00e9 em S\u00e3o Severino do Ramos \u00e9 uma pr\u00e1tica cat\u00f3lica. A est\u00e1tua, em tamanho natural, com origem incerta, representa S\u00e3o Severino de N\u00f3rica, deitado e vestido em trajes de soldado romano. Ela encontra-se na Igreja de Nossa Senhora da Luz, em Paudalho, onde hoje \u00e9 conhecida como o Santu\u00e1rio de S\u00e3o Severino do Ramos.<\/p>\n\n\n\n<p>Os primeiros relatos da realiza\u00e7\u00e3o de prod\u00edgios por interm\u00e9dio do santo s\u00e3o do s\u00e9culo XIX, quando se iniciou a hist\u00f3ria de que a est\u00e1tua seria o pr\u00f3prio cad\u00e1ver incorrupto de S\u00e3o Severino. A not\u00edcia, na \u00e9poca, se espalhou entre os habitantes das regi\u00f5es e diversos fi\u00e9is de v\u00e1rios lugares do Nordeste passaram a frequentar a Igreja de Nossa Senhora da Luz, no Engenho Ramos (desativado na d\u00e9cada de 20) onde a est\u00e1tua se encontrava.<\/p>\n\n\n\n<p><strong>HIST\u00d3RIA<\/strong><\/p>\n\n\n\n<p>Relatos apontam que a f\u00e9 foi fundamentada na hist\u00f3ria de S\u00e3o Severino M\u00e1rtir, soldado romano dos primeiros s\u00e9culos do cristianismo. De acordo com a tradi\u00e7\u00e3o, ele foi um soldado romano martirizado no s\u00e9culo II ou III. Era um cidad\u00e3o romano rico que, como ato de caridade, doou seus bens para os pobres e iniciou uma vida reclusa, de ren\u00fancias no Egito e na S\u00edria. Ele ainda realizou importantes trabalhos mission\u00e1rios em regi\u00f5es da \u00c1ustria e Lugosl\u00e1via, pregando em penitenci\u00e1rias. Outro grande feito de S\u00e3o Severino foi libertar escravos do dom\u00ednio dos b\u00e1rbaros e, segundo relatos, milagres ocorreram atrav\u00e9s de suas ora\u00e7\u00f5es.<\/p>\n","protected":false},"excerpt":{"rendered":"<p>Maior centro de peregrina\u00e7\u00e3o religiosa de Pernambuco e um dos maiores do Brasil, o Santu\u00e1rio de S\u00e3o Severino do Ramos, situado em Paudalho, na Mata Norte pernambucana, voltar\u00e1 a receber celebra\u00e7\u00f5es no &#8216;Domingo de Ramos&#8217; (pr\u00f3ximo dia 10 de abril), evento que marca o in\u00edcio da Semana Santa e que, na cidade, tamb\u00e9m presta homenagem [&hellip;]<\/p>\n","protected":false},"author":2,"featured_media":22299,"comment_status":"open","ping_status":"open","sticky":false,"template":"","format":"standard","meta":{"_jetpack_newsletter_access":"","_jetpack_dont_email_post_to_subs":false,"_jetpack_newsletter_tier_id":0,"_jetpack_memberships_contains_paywalled_content":false,"_jetpack_memberships_contains_paid_content":false,"footnotes":""},"categories":[2,1,800],"tags":[903,899,900,904,902],"class_list":["post-22298","post","type-post","status-publish","format-standard","has-post-thumbnail","hentry","category-destaque","category-noticias","category-turismo","tag-domingo","tag-maior","tag-polo","tag-ramos","tag-romaria"],"jetpack_featured_media_url":"https:\/\/www.paudalho.pe.gov.br\/portal\/wp-content\/uploads\/2022\/04\/IMG-20220406-WA0170.jpg","jetpack_sharing_enabled":true,"jetpack_shortlink":"https:\/\/wp.me\/p98mS2-5NE","_links":{"self":[{"href":"https:\/\/www.paudalho.pe.gov.br\/portal\/wp-json\/wp\/v2\/posts\/22298","targetHints":{"allow":["GET"]}}],"collection":[{"href":"https:\/\/www.paudalho.pe.gov.br\/portal\/wp-json\/wp\/v2\/posts"}],"about":[{"href":"https:\/\/www.paudalho.pe.gov.br\/portal\/wp-json\/wp\/v2\/types\/post"}],"author":[{"embeddable":true,"href":"https:\/\/www.paudalho.pe.gov.br\/portal\/wp-json\/wp\/v2\/users\/2"}],"replies":[{"embeddable":true,"href":"https:\/\/www.paudalho.pe.gov.br\/portal\/wp-json\/wp\/v2\/comments?post=22298"}],"version-history":[{"count":3,"href":"https:\/\/www.paudalho.pe.gov.br\/portal\/wp-json\/wp\/v2\/posts\/22298\/revisions"}],"predecessor-version":[{"id":22304,"href":"https:\/\/www.paudalho.pe.gov.br\/portal\/wp-json\/wp\/v2\/posts\/22298\/revisions\/22304"}],"wp:featuredmedia":[{"embeddable":true,"href":"https:\/\/www.paudalho.pe.gov.br\/portal\/wp-json\/wp\/v2\/media\/22299"}],"wp:attachment":[{"href":"https:\/\/www.paudalho.pe.gov.br\/portal\/wp-json\/wp\/v2\/media?parent=22298"}],"wp:term":[{"taxonomy":"category","embeddable":true,"href":"https:\/\/www.paudalho.pe.gov.br\/portal\/wp-json\/wp\/v2\/categories?post=22298"},{"taxonomy":"post_tag","embeddable":true,"href":"https:\/\/www.paudalho.pe.gov.br\/portal\/wp-json\/wp\/v2\/tags?post=22298"}],"curies":[{"name":"wp","href":"https:\/\/api.w.org\/{rel}","templated":true}]}}