{"id":22288,"date":"2022-04-04T18:52:24","date_gmt":"2022-04-04T21:52:24","guid":{"rendered":"https:\/\/www.paudalho.pe.gov.br\/portal\/?p=22288"},"modified":"2022-04-04T19:29:52","modified_gmt":"2022-04-04T22:29:52","slug":"paudalho-adere-a-campanha-de-vacinacao-contra-gripe-e-sarampo","status":"publish","type":"post","link":"https:\/\/www.paudalho.pe.gov.br\/portal\/paudalho-adere-a-campanha-de-vacinacao-contra-gripe-e-sarampo\/","title":{"rendered":"Paudalho adere \u00e0 Campanha de Vacina\u00e7\u00e3o Contra Gripe e Sarampo"},"content":{"rendered":"\n<p>A Prefeitura do Paudalho aderiu \u00e0 Campanha Nacional de Vacina\u00e7\u00e3o Contra Gripe e Sarampo, lan\u00e7ada nesta segunda-feira (04) pelo Minist\u00e9rio da Sa\u00fade, e j\u00e1 come\u00e7ou a vacinar o p\u00fablico alvo. Nesta primeira etapa, idosos e profissionais de sa\u00fade est\u00e3o sendo imunizados.<\/p>\n\n\n\n<p>&#8220;Os trabalhadores de sa\u00fade est\u00e3o sendo vacinados contra a Influenza (gripe) e Sarampo. Os idosos est\u00e3o sendo imunizados s\u00f3 contra a gripe. Essa \u00e9 a primeira etapa. A nossa meta \u00e9 imunizar 95% desse p\u00fablico alvo&#8221;, esclareceu Anielle Rosa Louren\u00e7o, coordenadora do Plano Nacional de Imuniza\u00e7\u00e3o (PNI) do Paudalho.<\/p>\n\n\n\n<p>Todas as unidades de sa\u00fade do munic\u00edpio est\u00e3o abastecidas com as doses contra as doen\u00e7as, de acordo com a coordenadora. &#8220;N\u00e3o precisa marcar para ser imunizado. Se faz parte do p\u00fablico alvo, no caso idosos e profissionais de sa\u00fade, \u00e9 s\u00f3 ir numa unidade de sa\u00fade do munic\u00edpio e solicitar a vacina. A segunda dose de refor\u00e7o para quem tem mais de 80 anos ser\u00e1 em domic\u00edlio. Podem tomar a segunda dose de refor\u00e7o quem tem mais de 65 anos e que j\u00e1 tem quatro meses da primeira dose&#8221;, complementou Anielle.<\/p>\n\n\n\n<p>O Dia D, principal data de mobiliza\u00e7\u00e3o da campanha, foi marcado pelo Minist\u00e9rio da Sa\u00fade para o dia 30 de abril. A segunda etapa vai de 2 de maio a 3 de junho. Nessa fase, ser\u00e3o contemplados crian\u00e7as de 6 meses a 5 anos de idade, gestantes, pu\u00e9rperas, povos ind\u00edgenas, professores, pessoas com defici\u00eancia, caminhoneiros, pessoas com comorbidades, trabalhadores de transporte coletivo, rodovi\u00e1rio e portu\u00e1rio e for\u00e7as de seguran\u00e7a.<\/p>\n\n\n\n<p><strong>Covid-19<\/strong><\/p>\n\n\n\n<p>Vale ressaltar que a vacina\u00e7\u00e3o contra a covid-19 continua e que quem ainda n\u00e3o tomou a vacina procure uma unidade de sa\u00fade mais pr\u00f3xima para se imunizar.<\/p>\n","protected":false},"excerpt":{"rendered":"<p>A Prefeitura do Paudalho aderiu \u00e0 Campanha Nacional de Vacina\u00e7\u00e3o Contra Gripe e Sarampo, lan\u00e7ada nesta segunda-feira (04) pelo Minist\u00e9rio da Sa\u00fade, e j\u00e1 come\u00e7ou a vacinar o p\u00fablico alvo. Nesta primeira etapa, idosos e profissionais de sa\u00fade est\u00e3o sendo imunizados. &#8220;Os trabalhadores de sa\u00fade est\u00e3o sendo vacinados contra a Influenza (gripe) e Sarampo. Os [&hellip;]<\/p>\n","protected":false},"author":2,"featured_media":22289,"comment_status":"open","ping_status":"open","sticky":false,"template":"","format":"standard","meta":{"_jetpack_newsletter_access":"","_jetpack_dont_email_post_to_subs":false,"_jetpack_newsletter_tier_id":0,"_jetpack_memberships_contains_paywalled_content":false,"_jetpack_memberships_contains_paid_content":false,"footnotes":""},"categories":[2,1,3],"tags":[327,14,898,168,897,635],"class_list":["post-22288","post","type-post","status-publish","format-standard","has-post-thumbnail","hentry","category-destaque","category-noticias","category-saude","tag-campanha","tag-paudalho","tag-sarampo","tag-secretaria-de-saude","tag-vacina","tag-vacinacao-contra-a-gripe"],"jetpack_featured_media_url":"https:\/\/www.paudalho.pe.gov.br\/portal\/wp-content\/uploads\/2022\/04\/images.jpeg","jetpack_sharing_enabled":true,"jetpack_shortlink":"https:\/\/wp.me\/p98mS2-5Nu","_links":{"self":[{"href":"https:\/\/www.paudalho.pe.gov.br\/portal\/wp-json\/wp\/v2\/posts\/22288","targetHints":{"allow":["GET"]}}],"collection":[{"href":"https:\/\/www.paudalho.pe.gov.br\/portal\/wp-json\/wp\/v2\/posts"}],"about":[{"href":"https:\/\/www.paudalho.pe.gov.br\/portal\/wp-json\/wp\/v2\/types\/post"}],"author":[{"embeddable":true,"href":"https:\/\/www.paudalho.pe.gov.br\/portal\/wp-json\/wp\/v2\/users\/2"}],"replies":[{"embeddable":true,"href":"https:\/\/www.paudalho.pe.gov.br\/portal\/wp-json\/wp\/v2\/comments?post=22288"}],"version-history":[{"count":3,"href":"https:\/\/www.paudalho.pe.gov.br\/portal\/wp-json\/wp\/v2\/posts\/22288\/revisions"}],"predecessor-version":[{"id":22293,"href":"https:\/\/www.paudalho.pe.gov.br\/portal\/wp-json\/wp\/v2\/posts\/22288\/revisions\/22293"}],"wp:featuredmedia":[{"embeddable":true,"href":"https:\/\/www.paudalho.pe.gov.br\/portal\/wp-json\/wp\/v2\/media\/22289"}],"wp:attachment":[{"href":"https:\/\/www.paudalho.pe.gov.br\/portal\/wp-json\/wp\/v2\/media?parent=22288"}],"wp:term":[{"taxonomy":"category","embeddable":true,"href":"https:\/\/www.paudalho.pe.gov.br\/portal\/wp-json\/wp\/v2\/categories?post=22288"},{"taxonomy":"post_tag","embeddable":true,"href":"https:\/\/www.paudalho.pe.gov.br\/portal\/wp-json\/wp\/v2\/tags?post=22288"}],"curies":[{"name":"wp","href":"https:\/\/api.w.org\/{rel}","templated":true}]}}