{"id":22282,"date":"2022-04-04T09:20:06","date_gmt":"2022-04-04T12:20:06","guid":{"rendered":"https:\/\/www.paudalho.pe.gov.br\/portal\/?p=22282"},"modified":"2022-04-04T09:20:06","modified_gmt":"2022-04-04T12:20:06","slug":"finalizacao-do-1-ciclo-da-redec-em-paudalho-e-tema-de-debate-entre-mestrandos-e-gestores-educacionais","status":"publish","type":"post","link":"https:\/\/www.paudalho.pe.gov.br\/portal\/finalizacao-do-1-ciclo-da-redec-em-paudalho-e-tema-de-debate-entre-mestrandos-e-gestores-educacionais\/","title":{"rendered":"Finaliza\u00e7\u00e3o do 1\u00b0 ciclo da ReDEC em Paudalho \u00e9 tema de debate entre mestrandos e gestores educacionais"},"content":{"rendered":"\n<p>Com o objetivo de debater a finaliza\u00e7\u00e3o do 1\u00b0 ciclo da ReDEC &#8211; Resid\u00eancia Docente nas Ci\u00eancias &#8211; projeto da Universidade Federal de Pernambuco, mestrandos que atuam nas escolas do Paudalho e gestores educacionais se reuniram na \u00faltima sexta-feira (01\u00b0), na Fazenda Sol Nascente.<\/p>\n\n\n\n<p>&#8220;Nesse primeiro ciclo, os mestrandos da UFPE trouxeram o uso da ferramenta Canva na sala de aula, como desenvolver v\u00eddeos para aprimorar o ensino, entre outras novas estrat\u00e9gias tecnol\u00f3gicas did\u00e1ticas, que foram t\u00e3o necess\u00e1rias, sobretudo, durante a Pandemia de Covid-19. Discutimos sobre o que foi feito nas escolas durante o ano de 2021. Todas as realiza\u00e7\u00f5es implementadas&#8221;, disse Paula Marinho, secret\u00e1ria de Educa\u00e7\u00e3o do Paudalho.<\/p>\n\n\n\n<p>A partir deste m\u00eas de abril, se inicia um novo ciclo da ReDEC em Paudalho. &#8220;N\u00f3s teremos aulas presenciais, mas, como os professores adquiriram mais expertise no uso das m\u00eddias, teremos tamb\u00e9m algumas aulas s\u00edncronas (online) de compensa\u00e7\u00e3o. Os alunos do 5\u00b0 ao 9\u00b0 anos receberam tablets da Prefeitura, e isso facilita esse tipo de aula para todos. Existe um planejamento de ensino que foi feito entre a Secretaria de Educa\u00e7\u00e3o do Paudalho junto \u00e0 ReDEC que ser\u00e1 executado no decorrer deste ano&#8221;, complementou Paula Marinho.<\/p>\n\n\n\n<figure class=\"wp-block-image size-large\"><img loading=\"lazy\" decoding=\"async\" width=\"800\" height=\"450\" data-attachment-id=\"22283\" data-permalink=\"https:\/\/www.paudalho.pe.gov.br\/portal\/finalizacao-do-1-ciclo-da-redec-em-paudalho-e-tema-de-debate-entre-mestrandos-e-gestores-educacionais\/img-20220401-wa0096\/\" data-orig-file=\"https:\/\/www.paudalho.pe.gov.br\/portal\/wp-content\/uploads\/2022\/04\/IMG-20220401-WA0096.jpg\" data-orig-size=\"1600,1200\" data-comments-opened=\"1\" data-image-meta=\"{&quot;aperture&quot;:&quot;0&quot;,&quot;credit&quot;:&quot;&quot;,&quot;camera&quot;:&quot;&quot;,&quot;caption&quot;:&quot;&quot;,&quot;created_timestamp&quot;:&quot;0&quot;,&quot;copyright&quot;:&quot;&quot;,&quot;focal_length&quot;:&quot;0&quot;,&quot;iso&quot;:&quot;0&quot;,&quot;shutter_speed&quot;:&quot;0&quot;,&quot;title&quot;:&quot;&quot;,&quot;orientation&quot;:&quot;0&quot;}\" data-image-title=\"IMG-20220401-WA0096\" data-image-description=\"\" data-image-caption=\"\" data-medium-file=\"https:\/\/www.paudalho.pe.gov.br\/portal\/wp-content\/uploads\/2022\/04\/IMG-20220401-WA0096-350x230.jpg\" data-large-file=\"https:\/\/www.paudalho.pe.gov.br\/portal\/wp-content\/uploads\/2022\/04\/IMG-20220401-WA0096-800x450.jpg\" src=\"https:\/\/www.paudalho.pe.gov.br\/portal\/wp-content\/uploads\/2022\/04\/IMG-20220401-WA0096-800x450.jpg\" alt=\"\" class=\"wp-image-22283\"\/><figcaption>Foto: Sandro Filho\/ Prefeitura de Paudalho <\/figcaption><\/figure>\n\n\n\n<p>Criado em 2017, o programa sem fins lucrativos ReDEC tem a miss\u00e3o de promover a forma\u00e7\u00e3o inicial e continuada de profissionais de educa\u00e7\u00e3o no pa\u00eds, oferecendo atividades do tipo para gestores, coordenadores e professores das escolas parceiras e tamb\u00e9m para os residentes docentes, graduandos dos cursos de licenciatura da UFPE.<\/p>\n\n\n\n<p>A ReDEC \u00e9 um Programa de Extens\u00e3o do Centro de Educa\u00e7\u00e3o da UFPE vinculado ao Hub Educat (Hub de Criatividade, Empreendedorismo e Inova\u00e7\u00e3o Educacionais da UFPE) Diretoria de Inova\u00e7\u00e3o e Empreendedorismo da UFPE (Positiva UFPE).<\/p>\n","protected":false},"excerpt":{"rendered":"<p>Com o objetivo de debater a finaliza\u00e7\u00e3o do 1\u00b0 ciclo da ReDEC &#8211; Resid\u00eancia Docente nas Ci\u00eancias &#8211; projeto da Universidade Federal de Pernambuco, mestrandos que atuam nas escolas do Paudalho e gestores educacionais se reuniram na \u00faltima sexta-feira (01\u00b0), na Fazenda Sol Nascente. &#8220;Nesse primeiro ciclo, os mestrandos da UFPE trouxeram o uso da [&hellip;]<\/p>\n","protected":false},"author":2,"featured_media":22284,"comment_status":"open","ping_status":"open","sticky":false,"template":"","format":"standard","meta":{"_jetpack_newsletter_access":"","_jetpack_dont_email_post_to_subs":false,"_jetpack_newsletter_tier_id":0,"_jetpack_memberships_contains_paywalled_content":false,"_jetpack_memberships_contains_paid_content":false,"footnotes":""},"categories":[2,520],"tags":[892,893,891,894,763],"class_list":["post-22282","post","type-post","status-publish","format-standard","has-post-thumbnail","hentry","category-destaque","category-educacao-2","tag-ciclo","tag-debate","tag-finalizacao","tag-gestores","tag-redec"],"jetpack_featured_media_url":"https:\/\/www.paudalho.pe.gov.br\/portal\/wp-content\/uploads\/2022\/04\/IMG-20220401-WA0093.jpg","jetpack_sharing_enabled":true,"jetpack_shortlink":"https:\/\/wp.me\/p98mS2-5No","_links":{"self":[{"href":"https:\/\/www.paudalho.pe.gov.br\/portal\/wp-json\/wp\/v2\/posts\/22282","targetHints":{"allow":["GET"]}}],"collection":[{"href":"https:\/\/www.paudalho.pe.gov.br\/portal\/wp-json\/wp\/v2\/posts"}],"about":[{"href":"https:\/\/www.paudalho.pe.gov.br\/portal\/wp-json\/wp\/v2\/types\/post"}],"author":[{"embeddable":true,"href":"https:\/\/www.paudalho.pe.gov.br\/portal\/wp-json\/wp\/v2\/users\/2"}],"replies":[{"embeddable":true,"href":"https:\/\/www.paudalho.pe.gov.br\/portal\/wp-json\/wp\/v2\/comments?post=22282"}],"version-history":[{"count":1,"href":"https:\/\/www.paudalho.pe.gov.br\/portal\/wp-json\/wp\/v2\/posts\/22282\/revisions"}],"predecessor-version":[{"id":22285,"href":"https:\/\/www.paudalho.pe.gov.br\/portal\/wp-json\/wp\/v2\/posts\/22282\/revisions\/22285"}],"wp:featuredmedia":[{"embeddable":true,"href":"https:\/\/www.paudalho.pe.gov.br\/portal\/wp-json\/wp\/v2\/media\/22284"}],"wp:attachment":[{"href":"https:\/\/www.paudalho.pe.gov.br\/portal\/wp-json\/wp\/v2\/media?parent=22282"}],"wp:term":[{"taxonomy":"category","embeddable":true,"href":"https:\/\/www.paudalho.pe.gov.br\/portal\/wp-json\/wp\/v2\/categories?post=22282"},{"taxonomy":"post_tag","embeddable":true,"href":"https:\/\/www.paudalho.pe.gov.br\/portal\/wp-json\/wp\/v2\/tags?post=22282"}],"curies":[{"name":"wp","href":"https:\/\/api.w.org\/{rel}","templated":true}]}}