{"id":22270,"date":"2022-04-01T12:20:19","date_gmt":"2022-04-01T15:20:19","guid":{"rendered":"https:\/\/www.paudalho.pe.gov.br\/portal\/?p=22270"},"modified":"2022-04-01T12:51:23","modified_gmt":"2022-04-01T15:51:23","slug":"cafe-de-boas-vindas-ciranda-de-roda-e-ginastica-marcam-a-retomada-do-servico-de-convivencia-para-idosos","status":"publish","type":"post","link":"https:\/\/www.paudalho.pe.gov.br\/portal\/cafe-de-boas-vindas-ciranda-de-roda-e-ginastica-marcam-a-retomada-do-servico-de-convivencia-para-idosos\/","title":{"rendered":"Caf\u00e9 de boas vindas, ciranda de roda e gin\u00e1stica marcam a retomada presencial do servi\u00e7o de conviv\u00eancia para idosos"},"content":{"rendered":"\n<p>Ciranda de roda, alongamentos, apresenta\u00e7\u00e3o dos novos integrantes e um caf\u00e9 da manh\u00e3 de boas vindas marcaram a retomada presencial do Servi\u00e7o de Conviv\u00eancia e Fortalecimento de V\u00ednculos destinado para idosos de Paudalho, na manh\u00e3 desta sexta-feira (1\u00b0). Desde o in\u00edcio da pandemia de Covid-19, os encontros estavam sendo realizados remotamente.<\/p>\n\n\n\n<p>&#8220;\u00c9 um momento muito importante, onde todos voltam a ter mais contatos. O nosso intuito com esse servi\u00e7o \u00e9 fortalecer o v\u00ednculo entre o grupo, entre a sociedade e entre os familiares, sendo eles adultos, crian\u00e7as e idosos. Est\u00e1vamos sem nos encontrar presencialmente desde o in\u00edcio da Pandemia&#8221;, disse Taynara Alves, orientadora do Servi\u00e7o de Conviv\u00eancia e Fortalecimento de V\u00ednculos.<\/p>\n\n\n\n<figure class=\"wp-block-image size-large is-resized\"><img loading=\"lazy\" decoding=\"async\" data-attachment-id=\"22273\" data-permalink=\"https:\/\/www.paudalho.pe.gov.br\/portal\/cafe-de-boas-vindas-ciranda-de-roda-e-ginastica-marcam-a-retomada-do-servico-de-convivencia-para-idosos\/img-20220401-wa0123\/\" data-orig-file=\"https:\/\/www.paudalho.pe.gov.br\/portal\/wp-content\/uploads\/2022\/04\/IMG-20220401-WA0123.jpg\" data-orig-size=\"1600,1200\" data-comments-opened=\"1\" data-image-meta=\"{&quot;aperture&quot;:&quot;0&quot;,&quot;credit&quot;:&quot;&quot;,&quot;camera&quot;:&quot;&quot;,&quot;caption&quot;:&quot;&quot;,&quot;created_timestamp&quot;:&quot;0&quot;,&quot;copyright&quot;:&quot;&quot;,&quot;focal_length&quot;:&quot;0&quot;,&quot;iso&quot;:&quot;0&quot;,&quot;shutter_speed&quot;:&quot;0&quot;,&quot;title&quot;:&quot;&quot;,&quot;orientation&quot;:&quot;0&quot;}\" data-image-title=\"IMG-20220401-WA0123\" data-image-description=\"\" data-image-caption=\"\" data-medium-file=\"https:\/\/www.paudalho.pe.gov.br\/portal\/wp-content\/uploads\/2022\/04\/IMG-20220401-WA0123-350x230.jpg\" data-large-file=\"https:\/\/www.paudalho.pe.gov.br\/portal\/wp-content\/uploads\/2022\/04\/IMG-20220401-WA0123-800x450.jpg\" src=\"https:\/\/www.paudalho.pe.gov.br\/portal\/wp-content\/uploads\/2022\/04\/IMG-20220401-WA0123-800x450.jpg\" alt=\"\" class=\"wp-image-22273\" width=\"739\" height=\"414\"\/><figcaption><em>Retomada presencial do servi\u00e7o de conviv\u00eancia contou com uma ciranda de roda. Foto: Sandro Filho\/ Prefeitura do Paudalho<\/em><\/figcaption><\/figure>\n\n\n\n<p>Nesse primeiro dia de retomada presencial, 75 idosos da cidade participaram das atividades, que foram executadas na quadra de Ch\u00e3 do Pinheiro.<\/p>\n\n\n\n<p><strong>Preven\u00e7\u00e3o contra a Covid-19<\/strong><\/p>\n\n\n\n<p>&#8220;Para participar das atividades, os idosos devem apresentar o cart\u00e3o de vacina, fazer o uso de m\u00e1scara e higienizar as m\u00e3os com \u00e1lcool 70&#8221;, esclareceu Taynara.<\/p>\n\n\n\n<p>Os encontros do servi\u00e7o de conviv\u00eancia para idosos s\u00e3o realizados tr\u00eas vezes por semana, em hor\u00e1rios alternados. Para a locomo\u00e7\u00e3o dos participantes, a Secretaria de Assist\u00eancia Social ainda disponibiliza um \u00f4nibus.<\/p>\n","protected":false},"excerpt":{"rendered":"<p>Ciranda de roda, alongamentos, apresenta\u00e7\u00e3o dos novos integrantes e um caf\u00e9 da manh\u00e3 de boas vindas marcaram a retomada presencial do Servi\u00e7o de Conviv\u00eancia e Fortalecimento de V\u00ednculos destinado para idosos de Paudalho, na manh\u00e3 desta sexta-feira (1\u00b0). Desde o in\u00edcio da pandemia de Covid-19, os encontros estavam sendo realizados remotamente. &#8220;\u00c9 um momento muito [&hellip;]<\/p>\n","protected":false},"author":2,"featured_media":22271,"comment_status":"open","ping_status":"open","sticky":false,"template":"","format":"standard","meta":{"_jetpack_newsletter_access":"","_jetpack_dont_email_post_to_subs":false,"_jetpack_newsletter_tier_id":0,"_jetpack_memberships_contains_paywalled_content":false,"_jetpack_memberships_contains_paid_content":false,"footnotes":""},"categories":[850,2],"tags":[885,336,889,890,127],"class_list":["post-22270","post","type-post","status-publish","format-standard","has-post-thumbnail","hentry","category-assistencia-social","category-destaque","tag-convivencia","tag-idosos","tag-presencial","tag-retomada","tag-servico"],"jetpack_featured_media_url":"https:\/\/www.paudalho.pe.gov.br\/portal\/wp-content\/uploads\/2022\/04\/IMG-20220401-WA01371-1.jpg","jetpack_sharing_enabled":true,"jetpack_shortlink":"https:\/\/wp.me\/p98mS2-5Nc","_links":{"self":[{"href":"https:\/\/www.paudalho.pe.gov.br\/portal\/wp-json\/wp\/v2\/posts\/22270","targetHints":{"allow":["GET"]}}],"collection":[{"href":"https:\/\/www.paudalho.pe.gov.br\/portal\/wp-json\/wp\/v2\/posts"}],"about":[{"href":"https:\/\/www.paudalho.pe.gov.br\/portal\/wp-json\/wp\/v2\/types\/post"}],"author":[{"embeddable":true,"href":"https:\/\/www.paudalho.pe.gov.br\/portal\/wp-json\/wp\/v2\/users\/2"}],"replies":[{"embeddable":true,"href":"https:\/\/www.paudalho.pe.gov.br\/portal\/wp-json\/wp\/v2\/comments?post=22270"}],"version-history":[{"count":4,"href":"https:\/\/www.paudalho.pe.gov.br\/portal\/wp-json\/wp\/v2\/posts\/22270\/revisions"}],"predecessor-version":[{"id":22278,"href":"https:\/\/www.paudalho.pe.gov.br\/portal\/wp-json\/wp\/v2\/posts\/22270\/revisions\/22278"}],"wp:featuredmedia":[{"embeddable":true,"href":"https:\/\/www.paudalho.pe.gov.br\/portal\/wp-json\/wp\/v2\/media\/22271"}],"wp:attachment":[{"href":"https:\/\/www.paudalho.pe.gov.br\/portal\/wp-json\/wp\/v2\/media?parent=22270"}],"wp:term":[{"taxonomy":"category","embeddable":true,"href":"https:\/\/www.paudalho.pe.gov.br\/portal\/wp-json\/wp\/v2\/categories?post=22270"},{"taxonomy":"post_tag","embeddable":true,"href":"https:\/\/www.paudalho.pe.gov.br\/portal\/wp-json\/wp\/v2\/tags?post=22270"}],"curies":[{"name":"wp","href":"https:\/\/api.w.org\/{rel}","templated":true}]}}