{"id":22260,"date":"2022-03-30T09:24:29","date_gmt":"2022-03-30T12:24:29","guid":{"rendered":"https:\/\/www.paudalho.pe.gov.br\/portal\/?p=22260"},"modified":"2022-03-30T09:24:29","modified_gmt":"2022-03-30T12:24:29","slug":"prefeitura-promove-encontro-com-mulheres-empreendedoras-do-paudalho","status":"publish","type":"post","link":"https:\/\/www.paudalho.pe.gov.br\/portal\/prefeitura-promove-encontro-com-mulheres-empreendedoras-do-paudalho\/","title":{"rendered":"Prefeitura promove encontro com mulheres empreendedoras do Paudalho"},"content":{"rendered":"\n<p>A Secretaria de Desenvolvimento Econ\u00f4mico, Meio Ambiente e Qualifica\u00e7\u00e3o Profissional do Paudalho promoveu, nesta ter\u00e7a-feira (29), o encontro &#8216;Mulheres Empreendedoras de Paudalho&#8217;, com o objetivo de debater as experi\u00eancias das empres\u00e1rias, as adversidades encontradas no setor e incentivar mais mulheres a assumir essa fun\u00e7\u00e3o.<\/p>\n\n\n\n<p>&#8220;O encontro das mulheres empreendedoras fez parte das a\u00e7\u00f5es em homenagem ao Dia da Mulher, que foi comemorado no dia 08 deste m\u00eas. Discutimos sobre o sucesso e as dificuldades que as mulheres paudalhenses encontram para empreender. Al\u00e9m disso, esse evento serviu como um momento de capacita\u00e7\u00e3o para as participantes, que tiveram uma palestra sobre Marketing Empresarial. Nosso foco principal foi fortalecer as empreendedoras&#8221;, disse Josim\u00e1rio Marques da Silva, secret\u00e1rio Desenvolvimento Econ\u00f4mico, Meio Ambiente e Qualifica\u00e7\u00e3o Profissional do Paudalho.<\/p>\n\n\n\n<p>Empreendedora paudalhense do ramo de sa\u00fade e beleza h\u00e1 quase um ano, Vanessa Veruska, de 23 anos, oferece servi\u00e7os de est\u00e9tica facial e corporal e tratamentos terap\u00eauticos. &#8220;O empreendedorismo foi a \u00fanica alternativa que encontrei para trabalhar e fazer o que amo, que \u00e9 atuar com est\u00e9tica e terapias. Gosto muito de ouvir os feedbacks dos meus clientes e, atrav\u00e9s disso, me aperfei\u00e7oar cada vez mais&#8221;, relatou Veruska. Quem tiver interesse nos servi\u00e7os de Vanessa, \u00e9 s\u00f3 contact\u00e1-la atrav\u00e9s do instagram @vanessaveruskaestetica.<\/p>\n\n\n\n<p>O evento teve o apoio do Servi\u00e7o Brasileiro de Apoio \u00e0s Micro e Pequenas Empresas (Sebrae) e apresentou uma palestra com um representante da Ag\u00eancia Estadual de Empreendedorismo (AGE), que abordou sobre um microcr\u00e9dito dispon\u00edvel para mulheres empreendedoras.<\/p>\n\n\n\n<figure class=\"wp-block-image size-large is-resized\"><img loading=\"lazy\" decoding=\"async\" data-attachment-id=\"22262\" data-permalink=\"https:\/\/www.paudalho.pe.gov.br\/portal\/prefeitura-promove-encontro-com-mulheres-empreendedoras-do-paudalho\/img-20220329-wa0079\/\" data-orig-file=\"https:\/\/www.paudalho.pe.gov.br\/portal\/wp-content\/uploads\/2022\/03\/IMG-20220329-WA0079.jpg\" data-orig-size=\"1600,1200\" data-comments-opened=\"1\" data-image-meta=\"{&quot;aperture&quot;:&quot;0&quot;,&quot;credit&quot;:&quot;&quot;,&quot;camera&quot;:&quot;&quot;,&quot;caption&quot;:&quot;&quot;,&quot;created_timestamp&quot;:&quot;0&quot;,&quot;copyright&quot;:&quot;&quot;,&quot;focal_length&quot;:&quot;0&quot;,&quot;iso&quot;:&quot;0&quot;,&quot;shutter_speed&quot;:&quot;0&quot;,&quot;title&quot;:&quot;&quot;,&quot;orientation&quot;:&quot;0&quot;}\" data-image-title=\"IMG-20220329-WA0079\" data-image-description=\"\" data-image-caption=\"\" data-medium-file=\"https:\/\/www.paudalho.pe.gov.br\/portal\/wp-content\/uploads\/2022\/03\/IMG-20220329-WA0079-350x230.jpg\" data-large-file=\"https:\/\/www.paudalho.pe.gov.br\/portal\/wp-content\/uploads\/2022\/03\/IMG-20220329-WA0079-800x450.jpg\" src=\"https:\/\/www.paudalho.pe.gov.br\/portal\/wp-content\/uploads\/2022\/03\/IMG-20220329-WA0079-800x450.jpg\" alt=\"\" class=\"wp-image-22262\" width=\"389\" height=\"219\"\/><figcaption>Encontro debateu as experi\u00eancias e os desafios das mulheres empreendedoras.\/ Foto: Divulga\u00e7\u00e3o<\/figcaption><\/figure>\n\n\n\n<p><\/p>\n","protected":false},"excerpt":{"rendered":"<p>A Secretaria de Desenvolvimento Econ\u00f4mico, Meio Ambiente e Qualifica\u00e7\u00e3o Profissional do Paudalho promoveu, nesta ter\u00e7a-feira (29), o encontro &#8216;Mulheres Empreendedoras de Paudalho&#8217;, com o objetivo de debater as experi\u00eancias das empres\u00e1rias, as adversidades encontradas no setor e incentivar mais mulheres a assumir essa fun\u00e7\u00e3o. &#8220;O encontro das mulheres empreendedoras fez parte das a\u00e7\u00f5es em homenagem [&hellip;]<\/p>\n","protected":false},"author":2,"featured_media":22261,"comment_status":"open","ping_status":"open","sticky":false,"template":"","format":"standard","meta":{"_jetpack_newsletter_access":"","_jetpack_dont_email_post_to_subs":false,"_jetpack_newsletter_tier_id":0,"_jetpack_memberships_contains_paywalled_content":false,"_jetpack_memberships_contains_paid_content":false,"footnotes":""},"categories":[766,2,753],"tags":[883,884,15,882],"class_list":["post-22260","post","type-post","status-publish","format-standard","has-post-thumbnail","hentry","category-coordenadoria-da-mulher","category-destaque","category-qualificacao-profissional","tag-encontro","tag-mulheres","tag-prefeitura","tag-promove"],"jetpack_featured_media_url":"https:\/\/www.paudalho.pe.gov.br\/portal\/wp-content\/uploads\/2022\/03\/IMG-20220329-WA0073.jpg","jetpack_sharing_enabled":true,"jetpack_shortlink":"https:\/\/wp.me\/p98mS2-5N2","_links":{"self":[{"href":"https:\/\/www.paudalho.pe.gov.br\/portal\/wp-json\/wp\/v2\/posts\/22260","targetHints":{"allow":["GET"]}}],"collection":[{"href":"https:\/\/www.paudalho.pe.gov.br\/portal\/wp-json\/wp\/v2\/posts"}],"about":[{"href":"https:\/\/www.paudalho.pe.gov.br\/portal\/wp-json\/wp\/v2\/types\/post"}],"author":[{"embeddable":true,"href":"https:\/\/www.paudalho.pe.gov.br\/portal\/wp-json\/wp\/v2\/users\/2"}],"replies":[{"embeddable":true,"href":"https:\/\/www.paudalho.pe.gov.br\/portal\/wp-json\/wp\/v2\/comments?post=22260"}],"version-history":[{"count":1,"href":"https:\/\/www.paudalho.pe.gov.br\/portal\/wp-json\/wp\/v2\/posts\/22260\/revisions"}],"predecessor-version":[{"id":22263,"href":"https:\/\/www.paudalho.pe.gov.br\/portal\/wp-json\/wp\/v2\/posts\/22260\/revisions\/22263"}],"wp:featuredmedia":[{"embeddable":true,"href":"https:\/\/www.paudalho.pe.gov.br\/portal\/wp-json\/wp\/v2\/media\/22261"}],"wp:attachment":[{"href":"https:\/\/www.paudalho.pe.gov.br\/portal\/wp-json\/wp\/v2\/media?parent=22260"}],"wp:term":[{"taxonomy":"category","embeddable":true,"href":"https:\/\/www.paudalho.pe.gov.br\/portal\/wp-json\/wp\/v2\/categories?post=22260"},{"taxonomy":"post_tag","embeddable":true,"href":"https:\/\/www.paudalho.pe.gov.br\/portal\/wp-json\/wp\/v2\/tags?post=22260"}],"curies":[{"name":"wp","href":"https:\/\/api.w.org\/{rel}","templated":true}]}}