{"id":22255,"date":"2022-03-29T19:12:38","date_gmt":"2022-03-29T22:12:38","guid":{"rendered":"https:\/\/www.paudalho.pe.gov.br\/portal\/?p=22255"},"modified":"2022-03-29T20:56:40","modified_gmt":"2022-03-29T23:56:40","slug":"intensivao-de-vacinacao-contra-a-covid-19-sera-realizado-em-paudalho-nesta-quarta-feira-30","status":"publish","type":"post","link":"https:\/\/www.paudalho.pe.gov.br\/portal\/intensivao-de-vacinacao-contra-a-covid-19-sera-realizado-em-paudalho-nesta-quarta-feira-30\/","title":{"rendered":"&#8216;Intensiv\u00e3o de vacina\u00e7\u00e3o&#8217; contra a Covid-19 ser\u00e1 realizado em Paudalho nesta quarta-feira (30)"},"content":{"rendered":"\n<p>A Secretaria Municipal de Sa\u00fade do Paudalho realiza nesta quarta-feira (30) um &#8216;Instensiv\u00e3o de vacina\u00e7\u00e3o&#8217; contra a Covid-19, para aplicar a dose de refor\u00e7o em quem ainda n\u00e3o completou o esquema vacinal. Crian\u00e7as a partir de 05 anos tamb\u00e9m ser\u00e3o imunizadas. <\/p>\n\n\n\n<p>A a\u00e7\u00e3o vai ocorrer na Pra\u00e7a Pedro Coutinho, no centro da cidade, durante todo o dia, das 08 \u00e0s 20h, no formato drive-thru. \u00c9 necess\u00e1rio apresentar documentos, como CPF, carteira de identidade e cart\u00e3o de vacina.<\/p>\n","protected":false},"excerpt":{"rendered":"<p>A Secretaria Municipal de Sa\u00fade do Paudalho realiza nesta quarta-feira (30) um &#8216;Instensiv\u00e3o de vacina\u00e7\u00e3o&#8217; contra a Covid-19, para aplicar a dose de refor\u00e7o em quem ainda n\u00e3o completou o esquema vacinal. Crian\u00e7as a partir de 05 anos tamb\u00e9m ser\u00e3o imunizadas. A a\u00e7\u00e3o vai ocorrer na Pra\u00e7a Pedro Coutinho, no centro da cidade, durante todo [&hellip;]<\/p>\n","protected":false},"author":2,"featured_media":22256,"comment_status":"open","ping_status":"open","sticky":false,"template":"","format":"standard","meta":{"_jetpack_newsletter_access":"","_jetpack_dont_email_post_to_subs":false,"_jetpack_newsletter_tier_id":0,"_jetpack_memberships_contains_paywalled_content":false,"_jetpack_memberships_contains_paid_content":false,"footnotes":""},"categories":[732,2,3],"tags":[622,881,14,314],"class_list":["post-22255","post","type-post","status-publish","format-standard","has-post-thumbnail","hentry","category-covid-19","category-destaque","category-saude","tag-covid-19","tag-intensivao","tag-paudalho","tag-vacinacao"],"jetpack_featured_media_url":"https:\/\/www.paudalho.pe.gov.br\/portal\/wp-content\/uploads\/2022\/03\/H5A9896-scaled-1.jpg","jetpack_sharing_enabled":true,"jetpack_shortlink":"https:\/\/wp.me\/p98mS2-5MX","_links":{"self":[{"href":"https:\/\/www.paudalho.pe.gov.br\/portal\/wp-json\/wp\/v2\/posts\/22255","targetHints":{"allow":["GET"]}}],"collection":[{"href":"https:\/\/www.paudalho.pe.gov.br\/portal\/wp-json\/wp\/v2\/posts"}],"about":[{"href":"https:\/\/www.paudalho.pe.gov.br\/portal\/wp-json\/wp\/v2\/types\/post"}],"author":[{"embeddable":true,"href":"https:\/\/www.paudalho.pe.gov.br\/portal\/wp-json\/wp\/v2\/users\/2"}],"replies":[{"embeddable":true,"href":"https:\/\/www.paudalho.pe.gov.br\/portal\/wp-json\/wp\/v2\/comments?post=22255"}],"version-history":[{"count":3,"href":"https:\/\/www.paudalho.pe.gov.br\/portal\/wp-json\/wp\/v2\/posts\/22255\/revisions"}],"predecessor-version":[{"id":22259,"href":"https:\/\/www.paudalho.pe.gov.br\/portal\/wp-json\/wp\/v2\/posts\/22255\/revisions\/22259"}],"wp:featuredmedia":[{"embeddable":true,"href":"https:\/\/www.paudalho.pe.gov.br\/portal\/wp-json\/wp\/v2\/media\/22256"}],"wp:attachment":[{"href":"https:\/\/www.paudalho.pe.gov.br\/portal\/wp-json\/wp\/v2\/media?parent=22255"}],"wp:term":[{"taxonomy":"category","embeddable":true,"href":"https:\/\/www.paudalho.pe.gov.br\/portal\/wp-json\/wp\/v2\/categories?post=22255"},{"taxonomy":"post_tag","embeddable":true,"href":"https:\/\/www.paudalho.pe.gov.br\/portal\/wp-json\/wp\/v2\/tags?post=22255"}],"curies":[{"name":"wp","href":"https:\/\/api.w.org\/{rel}","templated":true}]}}