{"id":22223,"date":"2022-03-26T13:51:56","date_gmt":"2022-03-26T16:51:56","guid":{"rendered":"https:\/\/www.paudalho.pe.gov.br\/portal\/?p=22223"},"modified":"2025-01-08T00:39:01","modified_gmt":"2025-01-08T03:39:01","slug":"288-familias-do-paudalho-vao-receber-titulo-de-propriedade-de-imovel-atraves-do-programa-moradia-legal","status":"publish","type":"post","link":"https:\/\/www.paudalho.pe.gov.br\/portal\/288-familias-do-paudalho-vao-receber-titulo-de-propriedade-de-imovel-atraves-do-programa-moradia-legal\/","title":{"rendered":"288 fam\u00edlias do Paudalho v\u00e3o receber t\u00edtulo de propriedade de im\u00f3vel atrav\u00e9s do programa Moradia Legal"},"content":{"rendered":"\n<p>A Prefeitura do Paudalho deu entrada ontem em cart\u00f3rio (25) no processo de Regulariza\u00e7\u00e3o Fundi\u00e1ria Urbana Social (REURB-S) que contemplar\u00e1 neste momento fam\u00edlias que residem na comunidade de Guadalajara. De in\u00edcio, 288 t\u00edtulos de propriedade de im\u00f3vel ser\u00e3o concedidos, com o objetivo de garantir acesso seguran\u00e7a jur\u00eddica e moradia digna para centenas de pessoas. A concess\u00e3o desses t\u00edtulos est\u00e1 prevista para acontecer no m\u00eas de abril.<\/p>\n\n\n\n<p>&#8220;Entregamos todos os documentos necess\u00e1rios no Cart\u00f3rio do 1\u00b0 Of\u00edcio de Paudalho e agora se inicia a \u00faltima etapa do processo da regulariza\u00e7\u00e3o fundi\u00e1ria social que ser\u00e1 a entrega dos t\u00edtulos as benefici\u00e1rios, previsto para serem entregues l\u00e1 em Guadalajara em uma solenidade marcada para o pr\u00f3ximo m\u00eas&#8221;, disse Jos\u00e9 Eduardo, Superintendente do Cadastro Territorial.<\/p>\n\n\n\n<p>Ainda conforme o superintendente, o cart\u00f3rio dar\u00e1 abertura a mais de 500 t\u00edtulos de propriedade de im\u00f3vel, que ser\u00e3o concedidos pela Prefeitura do Paudalho at\u00e9 o final deste ano.<\/p>\n\n\n\n<p>A a\u00e7\u00e3o \u00e9 mais uma etapa do programa Moradia Legal, que foi iniciada em julho do ano passado no munic\u00edpio de Paudalho.<\/p>\n\n\n\n<figure class=\"wp-block-image size-large is-resized\"><img loading=\"lazy\" decoding=\"async\" data-attachment-id=\"22224\" data-permalink=\"https:\/\/www.paudalho.pe.gov.br\/portal\/288-familias-do-paudalho-vao-receber-titulo-de-propriedade-de-imovel-atraves-do-programa-moradia-legal\/img-20220326-wa0151\/\" data-orig-file=\"https:\/\/www.paudalho.pe.gov.br\/portal\/wp-content\/uploads\/2022\/03\/IMG-20220326-WA0151.jpg\" data-orig-size=\"1280,960\" data-comments-opened=\"1\" data-image-meta=\"{&quot;aperture&quot;:&quot;0&quot;,&quot;credit&quot;:&quot;&quot;,&quot;camera&quot;:&quot;&quot;,&quot;caption&quot;:&quot;&quot;,&quot;created_timestamp&quot;:&quot;0&quot;,&quot;copyright&quot;:&quot;&quot;,&quot;focal_length&quot;:&quot;0&quot;,&quot;iso&quot;:&quot;0&quot;,&quot;shutter_speed&quot;:&quot;0&quot;,&quot;title&quot;:&quot;&quot;,&quot;orientation&quot;:&quot;0&quot;}\" data-image-title=\"IMG-20220326-WA0151\" data-image-description=\"\" data-image-caption=\"\" data-medium-file=\"https:\/\/www.paudalho.pe.gov.br\/portal\/wp-content\/uploads\/2022\/03\/IMG-20220326-WA0151-350x230.jpg\" data-large-file=\"https:\/\/www.paudalho.pe.gov.br\/portal\/wp-content\/uploads\/2022\/03\/IMG-20220326-WA0151-800x450.jpg\" src=\"https:\/\/www.paudalho.pe.gov.br\/portal\/wp-content\/uploads\/2022\/03\/IMG-20220326-WA0151-800x450.jpg\" alt=\"\" class=\"wp-image-22224\" width=\"782\" height=\"438\"\/><figcaption><em>Documentos que foram entregues no Cart\u00f3rio do 1\u00b0 Of\u00edcio de Paudalho. Foto: Divulga\u00e7\u00e3o <\/em><\/figcaption><\/figure>\n\n\n\n<p>O programa Moradia Legal tem realiza\u00e7\u00e3o do Tribunal de Justi\u00e7a de Pernambuco (TJPE) junto \u00e0 Corregedoria Geral da Justi\u00e7a de Pernambuco (CGJPE) e conta com o apoio do Governo Municipal, da Associa\u00e7\u00e3o dos Registradores de Im\u00f3veis de Pernambuco (ARIPE), da Associa\u00e7\u00e3o Municipalista de Pernambuco (AMUPE), da Universidade Federal de Pernambuco (UFPE) e da Escola Judicial de Pernambuco (Esmape).<\/p>\n","protected":false},"excerpt":{"rendered":"<p>A Prefeitura do Paudalho deu entrada ontem em cart\u00f3rio (25) no processo de Regulariza\u00e7\u00e3o Fundi\u00e1ria Urbana Social (REURB-S) que contemplar\u00e1 neste momento fam\u00edlias que residem na comunidade de Guadalajara. De in\u00edcio, 288 t\u00edtulos de propriedade de im\u00f3vel ser\u00e3o concedidos, com o objetivo de garantir acesso seguran\u00e7a jur\u00eddica e moradia digna para centenas de pessoas. A [&hellip;]<\/p>\n","protected":false},"author":2,"featured_media":22225,"comment_status":"open","ping_status":"open","sticky":false,"template":"","format":"standard","meta":{"_jetpack_newsletter_access":"","_jetpack_dont_email_post_to_subs":false,"_jetpack_newsletter_tier_id":0,"_jetpack_memberships_contains_paywalled_content":false,"_jetpack_memberships_contains_paid_content":false,"footnotes":""},"categories":[2,747],"tags":[871,876,873,875],"class_list":["post-22223","post","type-post","status-publish","format-standard","has-post-thumbnail","hentry","category-destaque","category-moradia-legal","tag-familias","tag-imovel","tag-propiedade","tag-titulos"],"jetpack_featured_media_url":"https:\/\/www.paudalho.pe.gov.br\/portal\/wp-content\/uploads\/2022\/03\/IMG-20220325-WA0195.jpg","jetpack_sharing_enabled":true,"jetpack_shortlink":"https:\/\/wp.me\/p98mS2-5Mr","_links":{"self":[{"href":"https:\/\/www.paudalho.pe.gov.br\/portal\/wp-json\/wp\/v2\/posts\/22223","targetHints":{"allow":["GET"]}}],"collection":[{"href":"https:\/\/www.paudalho.pe.gov.br\/portal\/wp-json\/wp\/v2\/posts"}],"about":[{"href":"https:\/\/www.paudalho.pe.gov.br\/portal\/wp-json\/wp\/v2\/types\/post"}],"author":[{"embeddable":true,"href":"https:\/\/www.paudalho.pe.gov.br\/portal\/wp-json\/wp\/v2\/users\/2"}],"replies":[{"embeddable":true,"href":"https:\/\/www.paudalho.pe.gov.br\/portal\/wp-json\/wp\/v2\/comments?post=22223"}],"version-history":[{"count":2,"href":"https:\/\/www.paudalho.pe.gov.br\/portal\/wp-json\/wp\/v2\/posts\/22223\/revisions"}],"predecessor-version":[{"id":22277,"href":"https:\/\/www.paudalho.pe.gov.br\/portal\/wp-json\/wp\/v2\/posts\/22223\/revisions\/22277"}],"wp:featuredmedia":[{"embeddable":true,"href":"https:\/\/www.paudalho.pe.gov.br\/portal\/wp-json\/wp\/v2\/media\/22225"}],"wp:attachment":[{"href":"https:\/\/www.paudalho.pe.gov.br\/portal\/wp-json\/wp\/v2\/media?parent=22223"}],"wp:term":[{"taxonomy":"category","embeddable":true,"href":"https:\/\/www.paudalho.pe.gov.br\/portal\/wp-json\/wp\/v2\/categories?post=22223"},{"taxonomy":"post_tag","embeddable":true,"href":"https:\/\/www.paudalho.pe.gov.br\/portal\/wp-json\/wp\/v2\/tags?post=22223"}],"curies":[{"name":"wp","href":"https:\/\/api.w.org\/{rel}","templated":true}]}}