{"id":22192,"date":"2022-03-24T15:09:30","date_gmt":"2022-03-24T18:09:30","guid":{"rendered":"https:\/\/www.paudalho.pe.gov.br\/portal\/?p=22192"},"modified":"2025-01-08T00:39:01","modified_gmt":"2025-01-08T03:39:01","slug":"mais-08-ambulancias-reforcam-a-frota-da-rede-municipal-de-saude-do-paudalho","status":"publish","type":"post","link":"https:\/\/www.paudalho.pe.gov.br\/portal\/mais-08-ambulancias-reforcam-a-frota-da-rede-municipal-de-saude-do-paudalho\/","title":{"rendered":"Mais 08 ambul\u00e2ncias refor\u00e7am a frota da Rede Municipal de Sa\u00fade do Paudalho"},"content":{"rendered":"\n<p>A Rede Municipal de Sa\u00fade do Paudalho passa a contar a partir de agora com 08 novas ambul\u00e2ncias. Esses ve\u00edculos ficar\u00e3o dispon\u00edveis em unidades b\u00e1sicas (UBS\u2019s) e tamb\u00e9m ser\u00e3o utilizados para atender pacientes de comunidades da zona rural e os que fazem Tratamento Fora de Domic\u00edlio (TFD).<br><\/p>\n\n\n\n<p>As ambul\u00e2ncias foram adquiridas com recursos do Munic\u00edpio, por meio do Programa de Acelera\u00e7\u00e3o e Investimentos (PAI), lan\u00e7ado pela Prefeitura no dia 17 de mar\u00e7o deste ano, e de uma verba proveniente de emenda parlamentar estadual.<\/p>\n\n\n\n<p><br>\u201cEssas ambul\u00e2ncias s\u00e3o essenciais para a nossa popula\u00e7\u00e3o e v\u00e3o substituir outras que j\u00e1 t\u00ednhamos, mas que estavam apresentando defeitos em sua estrutura. Na sexta-feira, dia 25, vamos entregar algumas dessas ambul\u00e2ncias nas unidades de sa\u00fade de Ch\u00e3 do Conselho e de Ch\u00e3 de Cruz, na zona rural de Paudalho. Esses ve\u00edculos v\u00e3o atender a demanda das Unidades B\u00e1sicas de Sa\u00fade (UBS\u2019s), para urg\u00eancia e transfer\u00eancia da Unidade de Pronto Atendimento (UPA) e tamb\u00e9m no transporte de pacientes do Tratamento Fora de Domic\u00edlio (TFD)\u201d, disse L\u00facia Matias, secret\u00e1ria de sa\u00fade do Paudalho.<\/p>\n\n\n\n<figure class=\"wp-block-image size-large\"><img loading=\"lazy\" decoding=\"async\" width=\"800\" height=\"450\" data-attachment-id=\"22196\" data-permalink=\"https:\/\/www.paudalho.pe.gov.br\/portal\/mais-08-ambulancias-reforcam-a-frota-da-rede-municipal-de-saude-do-paudalho\/img-20220324-wa0163\/\" data-orig-file=\"https:\/\/www.paudalho.pe.gov.br\/portal\/wp-content\/uploads\/2022\/03\/IMG-20220324-WA0163.jpg\" data-orig-size=\"1280,853\" data-comments-opened=\"1\" data-image-meta=\"{&quot;aperture&quot;:&quot;0&quot;,&quot;credit&quot;:&quot;&quot;,&quot;camera&quot;:&quot;&quot;,&quot;caption&quot;:&quot;&quot;,&quot;created_timestamp&quot;:&quot;0&quot;,&quot;copyright&quot;:&quot;&quot;,&quot;focal_length&quot;:&quot;0&quot;,&quot;iso&quot;:&quot;0&quot;,&quot;shutter_speed&quot;:&quot;0&quot;,&quot;title&quot;:&quot;&quot;,&quot;orientation&quot;:&quot;0&quot;}\" data-image-title=\"IMG-20220324-WA0163\" data-image-description=\"\" data-image-caption=\"\" data-medium-file=\"https:\/\/www.paudalho.pe.gov.br\/portal\/wp-content\/uploads\/2022\/03\/IMG-20220324-WA0163-350x230.jpg\" data-large-file=\"https:\/\/www.paudalho.pe.gov.br\/portal\/wp-content\/uploads\/2022\/03\/IMG-20220324-WA0163-800x450.jpg\" src=\"https:\/\/www.paudalho.pe.gov.br\/portal\/wp-content\/uploads\/2022\/03\/IMG-20220324-WA0163-800x450.jpg\" alt=\"\" class=\"wp-image-22196\"\/><figcaption>Ve\u00edculos v\u00e3o atender pacientes da zona rural, do Tratamento Fora de Domic\u00edlio (TFD), al\u00e9m de fazer transfer\u00eancias da UPA. Foto: Josu\u00e9 J\u00fanior\/ PMP<\/figcaption><\/figure>\n\n\n\n<p>Morador de Ch\u00e3 do Conselho, o encanador Levi Jos\u00e9 da Silva, de 28 anos, comemorou ao saber que a sua comunidade ter\u00e1 uma ambul\u00e2ncia nova.<\/p>\n\n\n\n<p><br>&#8220;Vai melhorar muito pra gente da zona rural ter uma ambul\u00e2ncia nova e com &nbsp;ar-condicionado na \u00e1rea do paciente. Muita gente daqui da regi\u00e3o precisa de ambul\u00e2ncia. Conhe\u00e7o pessoas que usam regularmente. Eu j\u00e1 precisei para levar meu filho de 04 anos at\u00e9 \u00e0 UPA de Paudalho. Ele passou mal e tivemos que ir no hospital com urg\u00eancia. Fomos bem atendidos e deu tudo certo&#8221;, relatou Levi.<\/p>\n\n\n\n<p><br><strong>N\u00daMEROS:<\/strong><br>As 08 novas ambul\u00e2ncias foram adquiridas pela Prefeitura do Paudalho por um montante de R$ 1.209.600,00 (Um milh\u00e3o duzentos e nove mil e seiscentos reais), sendo a maior parte desse valor dos cofres do Munic\u00edpio.<\/p>\n\n\n\n<p><strong>SAIBA MAIS:<\/strong><br>Ainda fruto do Programa de Acelera\u00e7\u00e3o e Investimentos (PAI), a Prefeitura do Paudalho tamb\u00e9m adquiriu dois tratores, que ser\u00e3o usados pela Secretaria de Agricultura, e tr\u00eas carros novos, que ser\u00e3o utilizados para demandas da Secretaria de Sa\u00fade e da Assist\u00eancia Social &#8211; no programa &#8216;Crian\u00e7a Feliz&#8217;.<\/p>\n\n\n\n<figure class=\"wp-block-image size-large\"><img loading=\"lazy\" decoding=\"async\" width=\"800\" height=\"450\" data-attachment-id=\"22197\" data-permalink=\"https:\/\/www.paudalho.pe.gov.br\/portal\/mais-08-ambulancias-reforcam-a-frota-da-rede-municipal-de-saude-do-paudalho\/img-20220324-wa0206\/\" data-orig-file=\"https:\/\/www.paudalho.pe.gov.br\/portal\/wp-content\/uploads\/2022\/03\/IMG-20220324-WA0206.jpg\" data-orig-size=\"1280,853\" data-comments-opened=\"1\" data-image-meta=\"{&quot;aperture&quot;:&quot;0&quot;,&quot;credit&quot;:&quot;&quot;,&quot;camera&quot;:&quot;&quot;,&quot;caption&quot;:&quot;&quot;,&quot;created_timestamp&quot;:&quot;0&quot;,&quot;copyright&quot;:&quot;&quot;,&quot;focal_length&quot;:&quot;0&quot;,&quot;iso&quot;:&quot;0&quot;,&quot;shutter_speed&quot;:&quot;0&quot;,&quot;title&quot;:&quot;&quot;,&quot;orientation&quot;:&quot;0&quot;}\" data-image-title=\"IMG-20220324-WA0206\" data-image-description=\"\" data-image-caption=\"\" data-medium-file=\"https:\/\/www.paudalho.pe.gov.br\/portal\/wp-content\/uploads\/2022\/03\/IMG-20220324-WA0206-350x230.jpg\" data-large-file=\"https:\/\/www.paudalho.pe.gov.br\/portal\/wp-content\/uploads\/2022\/03\/IMG-20220324-WA0206-800x450.jpg\" src=\"https:\/\/www.paudalho.pe.gov.br\/portal\/wp-content\/uploads\/2022\/03\/IMG-20220324-WA0206-800x450.jpg\" alt=\"\" class=\"wp-image-22197\"\/><figcaption>Foto: Josu\u00e9 J\u00fanior\/ PMP <\/figcaption><\/figure>\n\n\n\n<figure class=\"wp-block-image size-large\"><img loading=\"lazy\" decoding=\"async\" width=\"800\" height=\"450\" data-attachment-id=\"22198\" data-permalink=\"https:\/\/www.paudalho.pe.gov.br\/portal\/mais-08-ambulancias-reforcam-a-frota-da-rede-municipal-de-saude-do-paudalho\/img-20220324-wa0202\/\" data-orig-file=\"https:\/\/www.paudalho.pe.gov.br\/portal\/wp-content\/uploads\/2022\/03\/IMG-20220324-WA0202.jpg\" data-orig-size=\"853,568\" data-comments-opened=\"1\" data-image-meta=\"{&quot;aperture&quot;:&quot;0&quot;,&quot;credit&quot;:&quot;&quot;,&quot;camera&quot;:&quot;&quot;,&quot;caption&quot;:&quot;&quot;,&quot;created_timestamp&quot;:&quot;0&quot;,&quot;copyright&quot;:&quot;&quot;,&quot;focal_length&quot;:&quot;0&quot;,&quot;iso&quot;:&quot;0&quot;,&quot;shutter_speed&quot;:&quot;0&quot;,&quot;title&quot;:&quot;&quot;,&quot;orientation&quot;:&quot;0&quot;}\" data-image-title=\"IMG-20220324-WA0202\" data-image-description=\"\" data-image-caption=\"\" data-medium-file=\"https:\/\/www.paudalho.pe.gov.br\/portal\/wp-content\/uploads\/2022\/03\/IMG-20220324-WA0202-350x230.jpg\" data-large-file=\"https:\/\/www.paudalho.pe.gov.br\/portal\/wp-content\/uploads\/2022\/03\/IMG-20220324-WA0202-800x450.jpg\" src=\"https:\/\/www.paudalho.pe.gov.br\/portal\/wp-content\/uploads\/2022\/03\/IMG-20220324-WA0202-800x450.jpg\" alt=\"\" class=\"wp-image-22198\"\/><figcaption>Foto: Josu\u00e9 J\u00fanior\/ PMP<\/figcaption><\/figure>\n","protected":false},"excerpt":{"rendered":"<p>A Rede Municipal de Sa\u00fade do Paudalho passa a contar a partir de agora com 08 novas ambul\u00e2ncias. Esses ve\u00edculos ficar\u00e3o dispon\u00edveis em unidades b\u00e1sicas (UBS\u2019s) e tamb\u00e9m ser\u00e3o utilizados para atender pacientes de comunidades da zona rural e os que fazem Tratamento Fora de Domic\u00edlio (TFD). As ambul\u00e2ncias foram adquiridas com recursos do Munic\u00edpio, [&hellip;]<\/p>\n","protected":false},"author":2,"featured_media":22199,"comment_status":"open","ping_status":"open","sticky":false,"template":"","format":"standard","meta":{"_jetpack_newsletter_access":"","_jetpack_dont_email_post_to_subs":false,"_jetpack_newsletter_tier_id":0,"_jetpack_memberships_contains_paywalled_content":false,"_jetpack_memberships_contains_paid_content":false,"footnotes":""},"categories":[850,2,1,3],"tags":[865,14,16],"class_list":["post-22192","post","type-post","status-publish","format-standard","has-post-thumbnail","hentry","category-assistencia-social","category-destaque","category-noticias","category-saude","tag-frota","tag-paudalho","tag-saude"],"jetpack_featured_media_url":"https:\/\/www.paudalho.pe.gov.br\/portal\/wp-content\/uploads\/2022\/03\/IMG-20220324-WA0161-1.jpg","jetpack_sharing_enabled":true,"jetpack_shortlink":"https:\/\/wp.me\/p98mS2-5LW","_links":{"self":[{"href":"https:\/\/www.paudalho.pe.gov.br\/portal\/wp-json\/wp\/v2\/posts\/22192","targetHints":{"allow":["GET"]}}],"collection":[{"href":"https:\/\/www.paudalho.pe.gov.br\/portal\/wp-json\/wp\/v2\/posts"}],"about":[{"href":"https:\/\/www.paudalho.pe.gov.br\/portal\/wp-json\/wp\/v2\/types\/post"}],"author":[{"embeddable":true,"href":"https:\/\/www.paudalho.pe.gov.br\/portal\/wp-json\/wp\/v2\/users\/2"}],"replies":[{"embeddable":true,"href":"https:\/\/www.paudalho.pe.gov.br\/portal\/wp-json\/wp\/v2\/comments?post=22192"}],"version-history":[{"count":3,"href":"https:\/\/www.paudalho.pe.gov.br\/portal\/wp-json\/wp\/v2\/posts\/22192\/revisions"}],"predecessor-version":[{"id":22203,"href":"https:\/\/www.paudalho.pe.gov.br\/portal\/wp-json\/wp\/v2\/posts\/22192\/revisions\/22203"}],"wp:featuredmedia":[{"embeddable":true,"href":"https:\/\/www.paudalho.pe.gov.br\/portal\/wp-json\/wp\/v2\/media\/22199"}],"wp:attachment":[{"href":"https:\/\/www.paudalho.pe.gov.br\/portal\/wp-json\/wp\/v2\/media?parent=22192"}],"wp:term":[{"taxonomy":"category","embeddable":true,"href":"https:\/\/www.paudalho.pe.gov.br\/portal\/wp-json\/wp\/v2\/categories?post=22192"},{"taxonomy":"post_tag","embeddable":true,"href":"https:\/\/www.paudalho.pe.gov.br\/portal\/wp-json\/wp\/v2\/tags?post=22192"}],"curies":[{"name":"wp","href":"https:\/\/api.w.org\/{rel}","templated":true}]}}