{"id":2218,"date":"2017-12-26T10:32:23","date_gmt":"2017-12-26T13:32:23","guid":{"rendered":"http:\/\/www.paudalho.pe.gov.br\/portal\/?p=2218"},"modified":"2017-12-28T10:28:23","modified_gmt":"2017-12-28T13:28:23","slug":"secretaria-de-cultura-e-turismo-realiza-reuniao-para-preparativos-do-carnaval","status":"publish","type":"post","link":"https:\/\/www.paudalho.pe.gov.br\/portal\/secretaria-de-cultura-e-turismo-realiza-reuniao-para-preparativos-do-carnaval\/","title":{"rendered":"Secretaria de Cultura e Turismo realiza reuni\u00e3o para preparativos do Carnaval"},"content":{"rendered":"<p>A Prefeitura do Paudalho por meio da Secretaria de Cultura e Turismo realiza nesta quarta-feira (26) mais uma reuni\u00e3o para organiza\u00e7\u00e3o do Carnaval 2018. Na pauta, v\u00e3o ser analisados o percurso oficial dos blocos, isolamento do itiner\u00e1rio, pontos de bloqueios, localiza\u00e7\u00e3o de taxi e motot\u00e1xi, carros estacionados no percurso, cadastramento dos moradores, tr\u00e1fego de carros ou moto por dentro dos blocos, barracas e bares e ainda resgate do carnaval de rua, quantitativos de blocos, valoriza\u00e7\u00e3o dos blocos, blocos de fora da cidade, banho de frevo, entre outros itens.<\/p>\n<p>O objetivo da reuni\u00e3o \u00e9 agilizar os preparativos para a festa momesca. Segundo o secret\u00e1rio de Cultura e Turismo, Jobson Oliveira, destaca que a Prefeitura segue comprometida e o Carnaval est\u00e1 assegurado.<\/p>\n<h2>Festa de S\u00e3o Sebasti\u00e3o<\/h2>\n<p>A tradicional Festa de S\u00e3o Sebasti\u00e3o ocorrer\u00e1 entre os dias 19 e 28 de janeiro e j\u00e1 tem lugar cativo no calend\u00e1rio dos paudalhenses. Sobre o evento, Jobson Oliveira destacou que a celebra\u00e7\u00e3o est\u00e1 assegurada. \u201cS\u00e3o Sebasti\u00e3o termina dia 28\u2026Tudo assegurado e em breve a gente estar\u00e1 lan\u00e7ando a programa\u00e7\u00e3o como os paudalhenses merecem\u201d, disse.<\/p>\n","protected":false},"excerpt":{"rendered":"<p>A Prefeitura do Paudalho por meio da Secretaria de Cultura e Turismo realiza nesta quarta-feira (26) mais uma reuni\u00e3o para organiza\u00e7\u00e3o do Carnaval 2018. Na pauta, v\u00e3o ser analisados o percurso oficial dos blocos, isolamento do itiner\u00e1rio, pontos de bloqueios, localiza\u00e7\u00e3o de taxi e motot\u00e1xi, carros estacionados no percurso, cadastramento dos moradores, tr\u00e1fego de carros [&hellip;]<\/p>\n","protected":false},"author":4,"featured_media":2219,"comment_status":"open","ping_status":"open","sticky":false,"template":"","format":"standard","meta":{"_jetpack_newsletter_access":"","_jetpack_dont_email_post_to_subs":false,"_jetpack_newsletter_tier_id":0,"_jetpack_memberships_contains_paywalled_content":false,"_jetpack_memberships_contains_paid_content":false,"footnotes":""},"categories":[6,2],"tags":[233,22,234],"class_list":["post-2218","post","type-post","status-publish","format-standard","has-post-thumbnail","hentry","category-cultura","category-destaque","tag-carnaval-2018","tag-prefeitura-do-paudalho","tag-sao-sebastiao"],"jetpack_featured_media_url":"https:\/\/www.paudalho.pe.gov.br\/portal\/wp-content\/uploads\/2017\/12\/secretaria-de-cultura-e-turismo-1.png","jetpack_sharing_enabled":true,"jetpack_shortlink":"https:\/\/wp.me\/p98mS2-zM","_links":{"self":[{"href":"https:\/\/www.paudalho.pe.gov.br\/portal\/wp-json\/wp\/v2\/posts\/2218","targetHints":{"allow":["GET"]}}],"collection":[{"href":"https:\/\/www.paudalho.pe.gov.br\/portal\/wp-json\/wp\/v2\/posts"}],"about":[{"href":"https:\/\/www.paudalho.pe.gov.br\/portal\/wp-json\/wp\/v2\/types\/post"}],"author":[{"embeddable":true,"href":"https:\/\/www.paudalho.pe.gov.br\/portal\/wp-json\/wp\/v2\/users\/4"}],"replies":[{"embeddable":true,"href":"https:\/\/www.paudalho.pe.gov.br\/portal\/wp-json\/wp\/v2\/comments?post=2218"}],"version-history":[{"count":6,"href":"https:\/\/www.paudalho.pe.gov.br\/portal\/wp-json\/wp\/v2\/posts\/2218\/revisions"}],"predecessor-version":[{"id":2226,"href":"https:\/\/www.paudalho.pe.gov.br\/portal\/wp-json\/wp\/v2\/posts\/2218\/revisions\/2226"}],"wp:featuredmedia":[{"embeddable":true,"href":"https:\/\/www.paudalho.pe.gov.br\/portal\/wp-json\/wp\/v2\/media\/2219"}],"wp:attachment":[{"href":"https:\/\/www.paudalho.pe.gov.br\/portal\/wp-json\/wp\/v2\/media?parent=2218"}],"wp:term":[{"taxonomy":"category","embeddable":true,"href":"https:\/\/www.paudalho.pe.gov.br\/portal\/wp-json\/wp\/v2\/categories?post=2218"},{"taxonomy":"post_tag","embeddable":true,"href":"https:\/\/www.paudalho.pe.gov.br\/portal\/wp-json\/wp\/v2\/tags?post=2218"}],"curies":[{"name":"wp","href":"https:\/\/api.w.org\/{rel}","templated":true}]}}