{"id":2206,"date":"2017-12-22T11:21:39","date_gmt":"2017-12-22T14:21:39","guid":{"rendered":"http:\/\/www.paudalho.pe.gov.br\/portal\/?p=2206"},"modified":"2017-12-25T09:49:31","modified_gmt":"2017-12-25T12:49:31","slug":"confira-a-programacao-da-prefeitura-do-paudalho-para-o-final-de-ano","status":"publish","type":"post","link":"https:\/\/www.paudalho.pe.gov.br\/portal\/confira-a-programacao-da-prefeitura-do-paudalho-para-o-final-de-ano\/","title":{"rendered":"Confira a programa\u00e7\u00e3o da Prefeitura do Paudalho para o final de ano"},"content":{"rendered":"<p>Para o final de ano, a Prefeitura do Paudalho por meio da Secretaria de Cultura e Turismo preparou uma programa\u00e7\u00e3o recheada para popula\u00e7\u00e3o. Cantata natalina, cultura regional e muita m\u00fasica v\u00e3o marcar o encerramento de 2017 no Munic\u00edpio.<\/p>\n<h2><strong>Cantata Natalina<\/strong><\/h2>\n<p>Na sexta-feira (29) uma Cantata Natalina ser\u00e1 apresentada no P\u00e1tio de Eventos Beira-Rio, a partir das 19h, com a participa\u00e7\u00e3o do cantor Victorino Silva abrindo a programa\u00e7\u00e3o. No s\u00e1bado (30) os mun\u00edcipes ter\u00e3o um evento de cultura da terra. O Encontro Regional de Mestres Cirandeiros com Zeca Cirandeiro (Paudalho), Mestres Anderson e Cirando Raiz da Mata Norte (Nazar\u00e9 da Mata), Jo\u00e3o Limoeiro (Carpina). O evento come\u00e7a \u00e0s 20h. O secret\u00e1rio de Cultura, Jobson Oliveira, destacou que ter\u00e1 \u00f4nibus em todas as comunidades. \u201cO evento \u00e9 importante porque valoriza a cultura regional e esse \u00e9 o nosso compromisso\u201d, comentou o secret\u00e1rio.<\/p>\n<h2><strong>R\u00e9veillon\u00a0<\/strong><\/h2>\n<p>Mostrando que a gest\u00e3o se preocupa em promover atividades que proporcionem o bem-estar dos paudalhenses, o R\u00e9veillon na cidade est\u00e1 assegurado. A partir das 00h30 sobem ao palco o cantor e vice-prefeito, Andr\u00e9 Viana, a banda Zuad\u00f5es El\u00e9tricos e encerrando a Orquestra Luna do maestro Bob.<\/p>\n","protected":false},"excerpt":{"rendered":"<p>Para o final de ano, a Prefeitura do Paudalho por meio da Secretaria de Cultura e Turismo preparou uma programa\u00e7\u00e3o recheada para popula\u00e7\u00e3o. Cantata natalina, cultura regional e muita m\u00fasica v\u00e3o marcar o encerramento de 2017 no Munic\u00edpio. Cantata Natalina Na sexta-feira (29) uma Cantata Natalina ser\u00e1 apresentada no P\u00e1tio de Eventos Beira-Rio, a partir [&hellip;]<\/p>\n","protected":false},"author":4,"featured_media":2209,"comment_status":"open","ping_status":"open","sticky":false,"template":"","format":"standard","meta":{"_jetpack_newsletter_access":"","_jetpack_dont_email_post_to_subs":false,"_jetpack_newsletter_tier_id":0,"_jetpack_memberships_contains_paywalled_content":false,"_jetpack_memberships_contains_paid_content":false,"footnotes":""},"categories":[6,2],"tags":[231,232,22,230,196],"class_list":["post-2206","post","type-post","status-publish","format-standard","has-post-thumbnail","hentry","category-cultura","category-destaque","tag-ano-novo","tag-natal","tag-prefeitura-do-paudalho","tag-programacao-final-de-ano","tag-secretaria-de-cultura"],"jetpack_featured_media_url":"https:\/\/www.paudalho.pe.gov.br\/portal\/wp-content\/uploads\/2017\/12\/dentro-ooo.jpg","jetpack_sharing_enabled":true,"jetpack_shortlink":"https:\/\/wp.me\/p98mS2-zA","_links":{"self":[{"href":"https:\/\/www.paudalho.pe.gov.br\/portal\/wp-json\/wp\/v2\/posts\/2206","targetHints":{"allow":["GET"]}}],"collection":[{"href":"https:\/\/www.paudalho.pe.gov.br\/portal\/wp-json\/wp\/v2\/posts"}],"about":[{"href":"https:\/\/www.paudalho.pe.gov.br\/portal\/wp-json\/wp\/v2\/types\/post"}],"author":[{"embeddable":true,"href":"https:\/\/www.paudalho.pe.gov.br\/portal\/wp-json\/wp\/v2\/users\/4"}],"replies":[{"embeddable":true,"href":"https:\/\/www.paudalho.pe.gov.br\/portal\/wp-json\/wp\/v2\/comments?post=2206"}],"version-history":[{"count":5,"href":"https:\/\/www.paudalho.pe.gov.br\/portal\/wp-json\/wp\/v2\/posts\/2206\/revisions"}],"predecessor-version":[{"id":2217,"href":"https:\/\/www.paudalho.pe.gov.br\/portal\/wp-json\/wp\/v2\/posts\/2206\/revisions\/2217"}],"wp:featuredmedia":[{"embeddable":true,"href":"https:\/\/www.paudalho.pe.gov.br\/portal\/wp-json\/wp\/v2\/media\/2209"}],"wp:attachment":[{"href":"https:\/\/www.paudalho.pe.gov.br\/portal\/wp-json\/wp\/v2\/media?parent=2206"}],"wp:term":[{"taxonomy":"category","embeddable":true,"href":"https:\/\/www.paudalho.pe.gov.br\/portal\/wp-json\/wp\/v2\/categories?post=2206"},{"taxonomy":"post_tag","embeddable":true,"href":"https:\/\/www.paudalho.pe.gov.br\/portal\/wp-json\/wp\/v2\/tags?post=2206"}],"curies":[{"name":"wp","href":"https:\/\/api.w.org\/{rel}","templated":true}]}}