{"id":21913,"date":"2022-02-10T16:21:15","date_gmt":"2022-02-10T19:21:15","guid":{"rendered":"https:\/\/www.paudalho.pe.gov.br\/portal\/?p=21913"},"modified":"2025-01-08T00:39:02","modified_gmt":"2025-01-08T03:39:02","slug":"paudalho-realizara-vacinacao-itinerante-nas-escolas-para-criancas-de-5-a-11-anos","status":"publish","type":"post","link":"https:\/\/www.paudalho.pe.gov.br\/portal\/paudalho-realizara-vacinacao-itinerante-nas-escolas-para-criancas-de-5-a-11-anos\/","title":{"rendered":"Paudalho realizar\u00e1 vacina\u00e7\u00e3o itinerante nas escolas para crian\u00e7as de 5 a 11 anos"},"content":{"rendered":"\n<p>A Prefeitura do Paudalho, por meio da Secretaria de Sa\u00fade em a\u00e7\u00e3o conjunta com a Secretaria de Educa\u00e7\u00e3o e Esporte, realizar\u00e1 na pr\u00f3xima semana a vacina\u00e7\u00e3o itinerante para crian\u00e7as de 5 a 11 anos nas escolas. O cronograma ser\u00e1 iniciado a partir da pr\u00f3xima segunda-feira (14) e seguir\u00e1 at\u00e9 a sexta-feira (18), nas escolas municipais, com hor\u00e1rio das 8h \u00e0s 16h.  Para se vacinar \u00e9 necess\u00e1rio ir acompanhado de um respons\u00e1vel legal com RG e CPF. No momento da vacina\u00e7\u00e3o \u00e9 necess\u00e1rio apresentar o cart\u00e3o de vacina\u00e7\u00e3o e o CPF da crian\u00e7a.<\/p>\n\n\n\n<figure class=\"wp-block-gallery columns-2 is-cropped wp-block-gallery-1 is-layout-flex wp-block-gallery-is-layout-flex\"><ul class=\"blocks-gallery-grid\"><li class=\"blocks-gallery-item\"><figure><img loading=\"lazy\" decoding=\"async\" width=\"800\" height=\"450\" data-attachment-id=\"21833\" data-permalink=\"https:\/\/www.paudalho.pe.gov.br\/portal\/paudalho-realizara-dia-d-para-aplicacao-da-vacina-contra-a-covid-19-para-criancas-de-9-a-11-anos-e-de-5-a-11-com-comorbidades\/whatsapp-image-2022-01-25-at-12-10-11\/\" data-orig-file=\"https:\/\/www.paudalho.pe.gov.br\/portal\/wp-content\/uploads\/2022\/01\/WhatsApp-Image-2022-01-25-at-12.10.11.jpeg\" data-orig-size=\"1440,1081\" data-comments-opened=\"1\" data-image-meta=\"{&quot;aperture&quot;:&quot;0&quot;,&quot;credit&quot;:&quot;&quot;,&quot;camera&quot;:&quot;&quot;,&quot;caption&quot;:&quot;&quot;,&quot;created_timestamp&quot;:&quot;0&quot;,&quot;copyright&quot;:&quot;&quot;,&quot;focal_length&quot;:&quot;0&quot;,&quot;iso&quot;:&quot;0&quot;,&quot;shutter_speed&quot;:&quot;0&quot;,&quot;title&quot;:&quot;&quot;,&quot;orientation&quot;:&quot;0&quot;}\" data-image-title=\"WhatsApp Image 2022-01-25 at 12.10.11\" data-image-description=\"\" data-image-caption=\"\" data-medium-file=\"https:\/\/www.paudalho.pe.gov.br\/portal\/wp-content\/uploads\/2022\/01\/WhatsApp-Image-2022-01-25-at-12.10.11-350x230.jpeg\" data-large-file=\"https:\/\/www.paudalho.pe.gov.br\/portal\/wp-content\/uploads\/2022\/01\/WhatsApp-Image-2022-01-25-at-12.10.11-800x450.jpeg\" src=\"https:\/\/www.paudalho.pe.gov.br\/portal\/wp-content\/uploads\/2022\/01\/WhatsApp-Image-2022-01-25-at-12.10.11-800x450.jpeg\" alt=\"\" data-id=\"21833\" data-full-url=\"https:\/\/www.paudalho.pe.gov.br\/portal\/wp-content\/uploads\/2022\/01\/WhatsApp-Image-2022-01-25-at-12.10.11.jpeg\" data-link=\"https:\/\/www.paudalho.pe.gov.br\/portal\/paudalho-realizara-dia-d-para-aplicacao-da-vacina-contra-a-covid-19-para-criancas-de-9-a-11-anos-e-de-5-a-11-com-comorbidades\/whatsapp-image-2022-01-25-at-12-10-11\/\" class=\"wp-image-21833\"\/><figcaption class=\"blocks-gallery-item__caption\">Guilherme Ricardo\/ PMP<\/figcaption><\/figure><\/li><li class=\"blocks-gallery-item\"><figure><img loading=\"lazy\" decoding=\"async\" width=\"800\" height=\"450\" data-attachment-id=\"21834\" data-permalink=\"https:\/\/www.paudalho.pe.gov.br\/portal\/paudalho-realizara-dia-d-para-aplicacao-da-vacina-contra-a-covid-19-para-criancas-de-9-a-11-anos-e-de-5-a-11-com-comorbidades\/whatsapp-image-2022-01-25-at-12-10-12-1\/\" data-orig-file=\"https:\/\/www.paudalho.pe.gov.br\/portal\/wp-content\/uploads\/2022\/01\/WhatsApp-Image-2022-01-25-at-12.10.12-1.jpeg\" data-orig-size=\"1200,782\" data-comments-opened=\"1\" data-image-meta=\"{&quot;aperture&quot;:&quot;0&quot;,&quot;credit&quot;:&quot;&quot;,&quot;camera&quot;:&quot;&quot;,&quot;caption&quot;:&quot;&quot;,&quot;created_timestamp&quot;:&quot;0&quot;,&quot;copyright&quot;:&quot;&quot;,&quot;focal_length&quot;:&quot;0&quot;,&quot;iso&quot;:&quot;0&quot;,&quot;shutter_speed&quot;:&quot;0&quot;,&quot;title&quot;:&quot;&quot;,&quot;orientation&quot;:&quot;0&quot;}\" data-image-title=\"WhatsApp-Image-2022-01-25-at-12.10.12-1\" data-image-description=\"\" data-image-caption=\"\" data-medium-file=\"https:\/\/www.paudalho.pe.gov.br\/portal\/wp-content\/uploads\/2022\/01\/WhatsApp-Image-2022-01-25-at-12.10.12-1-350x230.jpeg\" data-large-file=\"https:\/\/www.paudalho.pe.gov.br\/portal\/wp-content\/uploads\/2022\/01\/WhatsApp-Image-2022-01-25-at-12.10.12-1-800x450.jpeg\" src=\"https:\/\/www.paudalho.pe.gov.br\/portal\/wp-content\/uploads\/2022\/01\/WhatsApp-Image-2022-01-25-at-12.10.12-1-800x450.jpeg\" alt=\"\" data-id=\"21834\" data-full-url=\"https:\/\/www.paudalho.pe.gov.br\/portal\/wp-content\/uploads\/2022\/01\/WhatsApp-Image-2022-01-25-at-12.10.12-1.jpeg\" data-link=\"https:\/\/www.paudalho.pe.gov.br\/portal\/paudalho-realizara-dia-d-para-aplicacao-da-vacina-contra-a-covid-19-para-criancas-de-9-a-11-anos-e-de-5-a-11-com-comorbidades\/whatsapp-image-2022-01-25-at-12-10-12-1\/\" class=\"wp-image-21834\"\/><figcaption class=\"blocks-gallery-item__caption\">Guilherme Ricardo\/ PMP<\/figcaption><\/figure><\/li><\/ul><\/figure>\n\n\n\n<h3 class=\"wp-block-heading\"> Cronograma das escolas<\/h3>\n\n\n\n<p>Na segunda-feira  (14) a vacina\u00e7\u00e3o itinerante para crian\u00e7as ser\u00e1 realizada na Escola Maria de F\u00e1tima, em Ch\u00e3 de Cruz. Na ter\u00e7a-feira (15), na Escola Municipal Jos\u00e9 Bonif\u00e1cio, em Ch\u00e3 de Conselho e na quarta-feira (16), em Mussurepe, na Escola Municipal Sinh\u00f4 Bandeira. A programa\u00e7\u00e3o continua na quinta-feira (17), no Col\u00e9gio Municipal de Guadalajara, em Guadalajara, e na sexta-feira (18), na Escola Municipal Elisa Fidelis, em Rosarinho. <\/p>\n","protected":false},"excerpt":{"rendered":"<p>A Prefeitura do Paudalho, por meio da Secretaria de Sa\u00fade em a\u00e7\u00e3o conjunta com a Secretaria de Educa\u00e7\u00e3o e Esporte, realizar\u00e1 na pr\u00f3xima semana a vacina\u00e7\u00e3o itinerante para crian\u00e7as de 5 a 11 anos nas escolas. O cronograma ser\u00e1 iniciado a partir da pr\u00f3xima segunda-feira (14) e seguir\u00e1 at\u00e9 a sexta-feira (18), nas escolas municipais, [&hellip;]<\/p>\n","protected":false},"author":2,"featured_media":21834,"comment_status":"open","ping_status":"open","sticky":false,"template":"","format":"standard","meta":{"_jetpack_newsletter_access":"","_jetpack_dont_email_post_to_subs":false,"_jetpack_newsletter_tier_id":0,"_jetpack_memberships_contains_paywalled_content":false,"_jetpack_memberships_contains_paid_content":false,"footnotes":""},"categories":[732,2,3],"tags":[22],"class_list":["post-21913","post","type-post","status-publish","format-standard","has-post-thumbnail","hentry","category-covid-19","category-destaque","category-saude","tag-prefeitura-do-paudalho"],"jetpack_featured_media_url":"https:\/\/www.paudalho.pe.gov.br\/portal\/wp-content\/uploads\/2022\/01\/WhatsApp-Image-2022-01-25-at-12.10.12-1.jpeg","jetpack_sharing_enabled":true,"jetpack_shortlink":"https:\/\/wp.me\/p98mS2-5Hr","_links":{"self":[{"href":"https:\/\/www.paudalho.pe.gov.br\/portal\/wp-json\/wp\/v2\/posts\/21913","targetHints":{"allow":["GET"]}}],"collection":[{"href":"https:\/\/www.paudalho.pe.gov.br\/portal\/wp-json\/wp\/v2\/posts"}],"about":[{"href":"https:\/\/www.paudalho.pe.gov.br\/portal\/wp-json\/wp\/v2\/types\/post"}],"author":[{"embeddable":true,"href":"https:\/\/www.paudalho.pe.gov.br\/portal\/wp-json\/wp\/v2\/users\/2"}],"replies":[{"embeddable":true,"href":"https:\/\/www.paudalho.pe.gov.br\/portal\/wp-json\/wp\/v2\/comments?post=21913"}],"version-history":[{"count":6,"href":"https:\/\/www.paudalho.pe.gov.br\/portal\/wp-json\/wp\/v2\/posts\/21913\/revisions"}],"predecessor-version":[{"id":21929,"href":"https:\/\/www.paudalho.pe.gov.br\/portal\/wp-json\/wp\/v2\/posts\/21913\/revisions\/21929"}],"wp:featuredmedia":[{"embeddable":true,"href":"https:\/\/www.paudalho.pe.gov.br\/portal\/wp-json\/wp\/v2\/media\/21834"}],"wp:attachment":[{"href":"https:\/\/www.paudalho.pe.gov.br\/portal\/wp-json\/wp\/v2\/media?parent=21913"}],"wp:term":[{"taxonomy":"category","embeddable":true,"href":"https:\/\/www.paudalho.pe.gov.br\/portal\/wp-json\/wp\/v2\/categories?post=21913"},{"taxonomy":"post_tag","embeddable":true,"href":"https:\/\/www.paudalho.pe.gov.br\/portal\/wp-json\/wp\/v2\/tags?post=21913"}],"curies":[{"name":"wp","href":"https:\/\/api.w.org\/{rel}","templated":true}]}}