{"id":2188,"date":"2017-12-19T21:00:10","date_gmt":"2017-12-20T00:00:10","guid":{"rendered":"http:\/\/www.paudalho.pe.gov.br\/portal\/?p=2188"},"modified":"2017-12-19T21:23:17","modified_gmt":"2017-12-20T00:23:17","slug":"eufrasio-campos-gouveia-uma-historia-de-vida-um-legado-de-vitorias","status":"publish","type":"post","link":"https:\/\/www.paudalho.pe.gov.br\/portal\/eufrasio-campos-gouveia-uma-historia-de-vida-um-legado-de-vitorias\/","title":{"rendered":"Eufr\u00e1sio Campos Gouveia: Uma hist\u00f3ria de vida, um legado de vit\u00f3rias"},"content":{"rendered":"<p>Na madrugada desta ter\u00e7a-feira (19) a not\u00edcia de que o ex-prefeito de Paudalho, Eufr\u00e1sio Campos Gouveia, havia falecido aos 99 anos, deixou os cora\u00e7\u00f5es paudalhenses estarrecidos. Grande homem, pai, av\u00f3, marido e gestor p\u00fablico, Eufr\u00e1sio Gouveia Nasceu em 07 de novembro de 1918 e foi o 30\u00ba\u00b7 prefeito da cidade. Desde pequeno j\u00e1 mostrava a lideran\u00e7a. Pioneiro, atrav\u00e9s de diversas a\u00e7\u00f5es transformou a vida de milhares de pessoas no Munic\u00edpio. Teve 10 filhos entre eles o ex-prefeito de Paudalho, Eufr\u00e1sio Gouveia (1993 a 1997) e \u00e9 av\u00f3 do atual prefeito, Marcelo Gouveia.<\/p>\n<p><img loading=\"lazy\" decoding=\"async\" data-attachment-id=\"2190\" data-permalink=\"https:\/\/www.paudalho.pe.gov.br\/portal\/eufrasio-campos-gouveia-uma-historia-de-vida-um-legado-de-vitorias\/25398646_844917722298645_8319868200622920041_n\/\" data-orig-file=\"https:\/\/www.paudalho.pe.gov.br\/portal\/wp-content\/uploads\/2017\/12\/25398646_844917722298645_8319868200622920041_n.jpg\" data-orig-size=\"952,960\" data-comments-opened=\"1\" data-image-meta=\"{&quot;aperture&quot;:&quot;0&quot;,&quot;credit&quot;:&quot;&quot;,&quot;camera&quot;:&quot;&quot;,&quot;caption&quot;:&quot;&quot;,&quot;created_timestamp&quot;:&quot;0&quot;,&quot;copyright&quot;:&quot;&quot;,&quot;focal_length&quot;:&quot;0&quot;,&quot;iso&quot;:&quot;0&quot;,&quot;shutter_speed&quot;:&quot;0&quot;,&quot;title&quot;:&quot;&quot;,&quot;orientation&quot;:&quot;0&quot;}\" data-image-title=\"25398646_844917722298645_8319868200622920041_n\" data-image-description=\"\" data-image-caption=\"\" data-medium-file=\"https:\/\/www.paudalho.pe.gov.br\/portal\/wp-content\/uploads\/2017\/12\/25398646_844917722298645_8319868200622920041_n-350x230.jpg\" data-large-file=\"https:\/\/www.paudalho.pe.gov.br\/portal\/wp-content\/uploads\/2017\/12\/25398646_844917722298645_8319868200622920041_n-800x450.jpg\" class=\"alignnone size-medium wp-image-2190\" src=\"http:\/\/www.paudalho.pe.gov.br\/portal\/wp-content\/uploads\/2017\/12\/25398646_844917722298645_8319868200622920041_n-350x230.jpg\" alt=\"\" width=\"300\" height=\"197\" \/><\/p>\n<div class=\"text_exposed_show\">\n<p>Enquanto esteve \u00e0 frente da Prefeitura entre os anos de 1966 e 1969 foi considerado o grande iniciador do trabalho. Entre as centenas de a\u00e7\u00f5es que realizou podemos destacar a constru\u00e7\u00e3o da Maternidade Laura Bandeira de Melo \u2013 que abriga as instala\u00e7\u00f5es da futura Unidade de Pronto Atendimento (UPA) do Munic\u00edpio; do ent\u00e3o \u201cGin\u00e1sio\u201d Municipal de Paudalho, o atual Col\u00e9gio Municipal do Paudalho (CMP) Carmem Pinheiro Campos Gouveia \u2013 fundado em janeiro de 1969, que tem 1.389 alunos matriculados; o Est\u00e1dio Municipal, localizado no bairro da Primavera; e a constru\u00e7\u00e3o de 106 casas populares, com a cria\u00e7\u00e3o de duas (02) vilas residenciais, sendo uma delas localizada \u00e0 margem da BR 408, conhecida como \u201cVila da Pista\u201d, e a outra, na localidade do Alto do Cruzeiro. Foi o primeiro a pavimentar ruas do Alto Dois Irm\u00e3os, Livramento, Pra\u00e7a Santa Tereza, Rua da Linha e implantou o primeiro servi\u00e7o de limpeza urbana.<\/p>\n<p>S\u00e3o incont\u00e1veis os feitos do gestor que tinha a popula\u00e7\u00e3o como sua fam\u00edlia. Mas, como diz a frase: grandes homens n\u00e3o morrem, apenas deixam hist\u00f3ria. O corpo de Eufr\u00e1sio Campos Gouveia Ser\u00e1 velado \u00e0s 15h, no cemit\u00e9rio Morada da Paz, em Paulista, no Grande Recife. A Prefeitura do Paudalho decretou Luto Oficial de tr\u00eas dias.<\/p>\n<\/div>\n<p>Combati o bom combate, acabei a carreira, guardei a f\u00e9.<br \/>\n(2 Tim\u00f3teo 4:7)<\/p>\n<div class=\"text_exposed_show\">\n<p>Com informa\u00e7\u00f5es de: Jos\u00e9 Luiz de Oliveira J\u00fanior e Eduardo Freitas.<\/p>\n<\/div>\n","protected":false},"excerpt":{"rendered":"<p>Na madrugada desta ter\u00e7a-feira (19) a not\u00edcia de que o ex-prefeito de Paudalho, Eufr\u00e1sio Campos Gouveia, havia falecido aos 99 anos, deixou os cora\u00e7\u00f5es paudalhenses estarrecidos. Grande homem, pai, av\u00f3, marido e gestor p\u00fablico, Eufr\u00e1sio Gouveia Nasceu em 07 de novembro de 1918 e foi o 30\u00ba\u00b7 prefeito da cidade. Desde pequeno j\u00e1 mostrava a [&hellip;]<\/p>\n","protected":false},"author":4,"featured_media":2189,"comment_status":"open","ping_status":"open","sticky":false,"template":"","format":"standard","meta":{"_jetpack_newsletter_access":"","_jetpack_dont_email_post_to_subs":false,"_jetpack_newsletter_tier_id":0,"_jetpack_memberships_contains_paywalled_content":false,"_jetpack_memberships_contains_paid_content":false,"footnotes":""},"categories":[2,1],"tags":[228,227,22],"class_list":["post-2188","post","type-post","status-publish","format-standard","has-post-thumbnail","hentry","category-destaque","category-noticias","tag-eufrasio-campos-gouveia","tag-morte","tag-prefeitura-do-paudalho"],"jetpack_featured_media_url":"https:\/\/www.paudalho.pe.gov.br\/portal\/wp-content\/uploads\/2017\/12\/25399039_844917758965308_3417228717641395550_n.jpg","jetpack_sharing_enabled":true,"jetpack_shortlink":"https:\/\/wp.me\/p98mS2-zi","_links":{"self":[{"href":"https:\/\/www.paudalho.pe.gov.br\/portal\/wp-json\/wp\/v2\/posts\/2188","targetHints":{"allow":["GET"]}}],"collection":[{"href":"https:\/\/www.paudalho.pe.gov.br\/portal\/wp-json\/wp\/v2\/posts"}],"about":[{"href":"https:\/\/www.paudalho.pe.gov.br\/portal\/wp-json\/wp\/v2\/types\/post"}],"author":[{"embeddable":true,"href":"https:\/\/www.paudalho.pe.gov.br\/portal\/wp-json\/wp\/v2\/users\/4"}],"replies":[{"embeddable":true,"href":"https:\/\/www.paudalho.pe.gov.br\/portal\/wp-json\/wp\/v2\/comments?post=2188"}],"version-history":[{"count":2,"href":"https:\/\/www.paudalho.pe.gov.br\/portal\/wp-json\/wp\/v2\/posts\/2188\/revisions"}],"predecessor-version":[{"id":2192,"href":"https:\/\/www.paudalho.pe.gov.br\/portal\/wp-json\/wp\/v2\/posts\/2188\/revisions\/2192"}],"wp:featuredmedia":[{"embeddable":true,"href":"https:\/\/www.paudalho.pe.gov.br\/portal\/wp-json\/wp\/v2\/media\/2189"}],"wp:attachment":[{"href":"https:\/\/www.paudalho.pe.gov.br\/portal\/wp-json\/wp\/v2\/media?parent=2188"}],"wp:term":[{"taxonomy":"category","embeddable":true,"href":"https:\/\/www.paudalho.pe.gov.br\/portal\/wp-json\/wp\/v2\/categories?post=2188"},{"taxonomy":"post_tag","embeddable":true,"href":"https:\/\/www.paudalho.pe.gov.br\/portal\/wp-json\/wp\/v2\/tags?post=2188"}],"curies":[{"name":"wp","href":"https:\/\/api.w.org\/{rel}","templated":true}]}}