{"id":21838,"date":"2022-01-28T14:14:45","date_gmt":"2022-01-28T17:14:45","guid":{"rendered":"https:\/\/www.paudalho.pe.gov.br\/portal\/?p=21838"},"modified":"2022-01-28T14:27:41","modified_gmt":"2022-01-28T17:27:41","slug":"paudalho-divulga-edital-para-eleicao-do-conselho-municipal-de-saude","status":"publish","type":"post","link":"https:\/\/www.paudalho.pe.gov.br\/portal\/paudalho-divulga-edital-para-eleicao-do-conselho-municipal-de-saude\/","title":{"rendered":"Paudalho divulga edital para elei\u00e7\u00e3o do Conselho Municipal de Sa\u00fade"},"content":{"rendered":"\n<p>A Prefeitura do Paudalho, por meio do Conselho Municipal de Sa\u00fade, torna p\u00fablico o edital para elei\u00e7\u00e3o dos membros que ir\u00e3o compor o Conselho Municipal de Sa\u00fade (CMS), o processo tem como finalidade a elei\u00e7\u00e3o dos conselheiros representantes da sociedade civil que ir\u00e3o atuar durante o bi\u00eanio 2022\/2024.<\/p>\n\n\n\n<h3 class=\"wp-block-heading\">Inscri\u00e7\u00f5es<\/h3>\n\n\n\n<p>Para participar do processo eleitoral ser\u00e3o eleg\u00edveis: Entidades de Usu\u00e1rios legalmente constitu\u00eddas e comprovadas nesta condi\u00e7\u00e3o; entidades dos trabalhadores de Sa\u00fade; Representa\u00e7\u00f5es de governo de prestadores de servi\u00e7o privados conveniados, ou sem fins lucrativos. As inscri\u00e7\u00f5es estar\u00e3o abertas at\u00e9 o dia 2 de fevereiro e ocorrem na sede da Secretaria de Sa\u00fade, localizada em frente a pra\u00e7a Pedro Coutinho, das 8h \u00e0s 12h das 13h \u00e0s 16h.<\/p>\n\n\n\n<h4 class=\"wp-block-heading\">Fa\u00e7a o download do edital abaixo:<\/h4>\n\n\n\n<div class=\"wp-block-file\"><a href=\"https:\/\/www.paudalho.pe.gov.br\/portal\/wp-content\/uploads\/2022\/01\/Edital-para-eleicao-do-Conselho-Municipal-de-Saude.pdf\">Edital-para-eleicao-do-Conselho-Municipal-de-Saude<\/a><a href=\"https:\/\/www.paudalho.pe.gov.br\/portal\/wp-content\/uploads\/2022\/01\/Edital-para-eleicao-do-Conselho-Municipal-de-Saude.pdf\" class=\"wp-block-file__button\" download>Baixar<\/a><\/div>\n\n\n\n<h3 class=\"wp-block-heading\">Conselho Municipal de Sa\u00fade<\/h3>\n\n\n\n<p>O Conselho Municipal de Sa\u00fade do Paudalho \u00e9 um \u00f3rg\u00e3o respons\u00e1vel pela fiscaliza\u00e7\u00e3o, propositura e delibera\u00e7\u00e3o das pol\u00edticas p\u00fablicas de sa\u00fade do munic\u00edpio.<\/p>\n\n\n\n<h3 class=\"wp-block-heading\">Realiza\u00e7\u00e3o do Processo Eleitoral<\/h3>\n\n\n\n<p>As elei\u00e7\u00f5es ocorrer\u00e3o no dia 09 de mar\u00e7o \u00e0s 14h, na Vigil\u00e2ncia Ambiental, anexo da Secretaria Municipal de Sa\u00fade.<\/p>\n","protected":false},"excerpt":{"rendered":"<p>A Prefeitura do Paudalho, por meio do Conselho Municipal de Sa\u00fade, torna p\u00fablico o edital para elei\u00e7\u00e3o dos membros que ir\u00e3o compor o Conselho Municipal de Sa\u00fade (CMS), o processo tem como finalidade a elei\u00e7\u00e3o dos conselheiros representantes da sociedade civil que ir\u00e3o atuar durante o bi\u00eanio 2022\/2024. Inscri\u00e7\u00f5es Para participar do processo eleitoral ser\u00e3o [&hellip;]<\/p>\n","protected":false},"author":2,"featured_media":17374,"comment_status":"open","ping_status":"open","sticky":false,"template":"","format":"standard","meta":{"_jetpack_newsletter_access":"","_jetpack_dont_email_post_to_subs":false,"_jetpack_newsletter_tier_id":0,"_jetpack_memberships_contains_paywalled_content":false,"_jetpack_memberships_contains_paid_content":false,"footnotes":""},"categories":[2],"tags":[22,16,168],"class_list":["post-21838","post","type-post","status-publish","format-standard","has-post-thumbnail","hentry","category-destaque","tag-prefeitura-do-paudalho","tag-saude","tag-secretaria-de-saude"],"jetpack_featured_media_url":"https:\/\/www.paudalho.pe.gov.br\/portal\/wp-content\/uploads\/2021\/08\/pexels-andrea-piacquadio-3760067-scaled.jpg","jetpack_sharing_enabled":true,"jetpack_shortlink":"https:\/\/wp.me\/p98mS2-5Ge","_links":{"self":[{"href":"https:\/\/www.paudalho.pe.gov.br\/portal\/wp-json\/wp\/v2\/posts\/21838","targetHints":{"allow":["GET"]}}],"collection":[{"href":"https:\/\/www.paudalho.pe.gov.br\/portal\/wp-json\/wp\/v2\/posts"}],"about":[{"href":"https:\/\/www.paudalho.pe.gov.br\/portal\/wp-json\/wp\/v2\/types\/post"}],"author":[{"embeddable":true,"href":"https:\/\/www.paudalho.pe.gov.br\/portal\/wp-json\/wp\/v2\/users\/2"}],"replies":[{"embeddable":true,"href":"https:\/\/www.paudalho.pe.gov.br\/portal\/wp-json\/wp\/v2\/comments?post=21838"}],"version-history":[{"count":4,"href":"https:\/\/www.paudalho.pe.gov.br\/portal\/wp-json\/wp\/v2\/posts\/21838\/revisions"}],"predecessor-version":[{"id":21843,"href":"https:\/\/www.paudalho.pe.gov.br\/portal\/wp-json\/wp\/v2\/posts\/21838\/revisions\/21843"}],"wp:featuredmedia":[{"embeddable":true,"href":"https:\/\/www.paudalho.pe.gov.br\/portal\/wp-json\/wp\/v2\/media\/17374"}],"wp:attachment":[{"href":"https:\/\/www.paudalho.pe.gov.br\/portal\/wp-json\/wp\/v2\/media?parent=21838"}],"wp:term":[{"taxonomy":"category","embeddable":true,"href":"https:\/\/www.paudalho.pe.gov.br\/portal\/wp-json\/wp\/v2\/categories?post=21838"},{"taxonomy":"post_tag","embeddable":true,"href":"https:\/\/www.paudalho.pe.gov.br\/portal\/wp-json\/wp\/v2\/tags?post=21838"}],"curies":[{"name":"wp","href":"https:\/\/api.w.org\/{rel}","templated":true}]}}