{"id":21831,"date":"2022-01-25T12:47:42","date_gmt":"2022-01-25T15:47:42","guid":{"rendered":"https:\/\/www.paudalho.pe.gov.br\/portal\/?p=21831"},"modified":"2025-01-08T00:39:02","modified_gmt":"2025-01-08T03:39:02","slug":"paudalho-realizara-dia-d-para-aplicacao-da-vacina-contra-a-covid-19-para-criancas-de-9-a-11-anos-e-de-5-a-11-com-comorbidades","status":"publish","type":"post","link":"https:\/\/www.paudalho.pe.gov.br\/portal\/paudalho-realizara-dia-d-para-aplicacao-da-vacina-contra-a-covid-19-para-criancas-de-9-a-11-anos-e-de-5-a-11-com-comorbidades\/","title":{"rendered":"Paudalho realizar\u00e1 Dia D para aplica\u00e7\u00e3o da vacina contra a covid-19 para crian\u00e7as de 9 a 11 anos e de 5 a 11 com comorbidades"},"content":{"rendered":"\n<p>A Prefeitura do Paudalho, atrav\u00e9s da Secretaria Municipal de Sa\u00fade, realizar\u00e1 nesta quarta-feira (26) o Dia D de vacina\u00e7\u00e3o contra a covid-19 para crian\u00e7as de 9 a 11 anos e de 5 a 11 anos com comorbidade. A a\u00e7\u00e3o ocorrer\u00e1 no ponto de imuniza\u00e7\u00e3o drive-thru, localizado na Pra\u00e7a Pedro Coutinho, no Centro, no hor\u00e1rio das 8h \u00e0s 16h. Para o atendimento, as crian\u00e7as devem ir acompanhadas de um respons\u00e1vel portando o RG e CPF do adulto o CPF e o cart\u00e3o de vacina da crian\u00e7a.\u00a0<br>A finalidade do evento \u00e9 incentivar a aplica\u00e7\u00e3o da dose para a crian\u00e7ada que ainda n\u00e3o tomou a vacina.<\/p>\n\n\n\n<p><\/p>\n\n\n\n<p>De acordo com dados divulgados pela Secretaria de Sa\u00fade atrav\u00e9s da ferramenta digital vacin\u00f4metro, do in\u00edcio da campanha de imuniza\u00e7\u00e3o, em janeiro de 2021, at\u00e9 esta ter\u00e7a-feira (25), cerca de 87.100 doses j\u00e1 foram aplicadas na popula\u00e7\u00e3o. Desse total, 42.540 foram da primeira dose, 36.874 da segunda, 580 foram dose \u00fanica e 7.105 foram dose refor\u00e7o.&nbsp; &nbsp;<br>Atualmente, a vacina\u00e7\u00e3o em Paudalho est\u00e1 sendo realizada para crian\u00e7as a partir dos 11 anos de idade. Quem ainda precisa tomar a primeira dose da vacina deve realizar o pr\u00e9-cadastro online por meio deste link e dirigir-se ao ponto de imuniza\u00e7\u00e3o drive-thru.&nbsp;<\/p>\n\n\n\n<h3 class=\"wp-block-heading\">Quais s\u00e3o as comorbidades?<\/h3>\n\n\n\n<p>Comorbidades s\u00e3o doen\u00e7as pr\u00e9-existentes que podem ocasionar risco de agravamento no quadro da covid-19. As enfermidades inclu\u00eddas no Plano Nacional de Imuniza\u00e7\u00e3o (PNI) s\u00e3o: Doen\u00e7a neurol\u00f3gicas cr\u00f4nicas, dist\u00farbios do desenvolvimento neurol\u00f3gico, priorizando neste momento meninos e meninas com S\u00edndrome de Down e Autismo.<\/p>\n\n\n\n<figure class=\"wp-block-gallery columns-1 is-cropped wp-block-gallery-1 is-layout-flex wp-block-gallery-is-layout-flex\"><ul class=\"blocks-gallery-grid\"><li class=\"blocks-gallery-item\"><figure><img loading=\"lazy\" decoding=\"async\" width=\"800\" height=\"450\" data-attachment-id=\"21834\" data-permalink=\"https:\/\/www.paudalho.pe.gov.br\/portal\/paudalho-realizara-dia-d-para-aplicacao-da-vacina-contra-a-covid-19-para-criancas-de-9-a-11-anos-e-de-5-a-11-com-comorbidades\/whatsapp-image-2022-01-25-at-12-10-12-1\/\" data-orig-file=\"https:\/\/www.paudalho.pe.gov.br\/portal\/wp-content\/uploads\/2022\/01\/WhatsApp-Image-2022-01-25-at-12.10.12-1.jpeg\" data-orig-size=\"1200,782\" data-comments-opened=\"1\" data-image-meta=\"{&quot;aperture&quot;:&quot;0&quot;,&quot;credit&quot;:&quot;&quot;,&quot;camera&quot;:&quot;&quot;,&quot;caption&quot;:&quot;&quot;,&quot;created_timestamp&quot;:&quot;0&quot;,&quot;copyright&quot;:&quot;&quot;,&quot;focal_length&quot;:&quot;0&quot;,&quot;iso&quot;:&quot;0&quot;,&quot;shutter_speed&quot;:&quot;0&quot;,&quot;title&quot;:&quot;&quot;,&quot;orientation&quot;:&quot;0&quot;}\" data-image-title=\"WhatsApp-Image-2022-01-25-at-12.10.12-1\" data-image-description=\"\" data-image-caption=\"\" data-medium-file=\"https:\/\/www.paudalho.pe.gov.br\/portal\/wp-content\/uploads\/2022\/01\/WhatsApp-Image-2022-01-25-at-12.10.12-1-350x230.jpeg\" data-large-file=\"https:\/\/www.paudalho.pe.gov.br\/portal\/wp-content\/uploads\/2022\/01\/WhatsApp-Image-2022-01-25-at-12.10.12-1-800x450.jpeg\" src=\"https:\/\/www.paudalho.pe.gov.br\/portal\/wp-content\/uploads\/2022\/01\/WhatsApp-Image-2022-01-25-at-12.10.12-1-800x450.jpeg\" alt=\"\" data-id=\"21834\" data-full-url=\"https:\/\/www.paudalho.pe.gov.br\/portal\/wp-content\/uploads\/2022\/01\/WhatsApp-Image-2022-01-25-at-12.10.12-1.jpeg\" data-link=\"https:\/\/www.paudalho.pe.gov.br\/portal\/?attachment_id=21834\" class=\"wp-image-21834\"\/><figcaption class=\"blocks-gallery-item__caption\">Guilherme Ricardo\/PMP<\/figcaption><\/figure><\/li><\/ul><\/figure>\n\n\n\n<h3 class=\"wp-block-heading\">Dose refor\u00e7o<\/h3>\n\n\n\n<p>J\u00e1 as doses de refor\u00e7o est\u00e3o sendo aplicadas em mun\u00edcipes que j\u00e1 completaram o esquema de vacina\u00e7\u00e3o h\u00e1 mais de quatro meses. Para a primeira dose \u00e9 necess\u00e1rio apresentar documento de identifica\u00e7\u00e3o (RG e\/ou CPF) e um comprovante de resid\u00eancia. Para a segunda ou a terceira, basta um documento com foto e ter em m\u00e3os a carteira de vacina\u00e7\u00e3o.<\/p>\n","protected":false},"excerpt":{"rendered":"<p>A Prefeitura do Paudalho, atrav\u00e9s da Secretaria Municipal de Sa\u00fade, realizar\u00e1 nesta quarta-feira (26) o Dia D de vacina\u00e7\u00e3o contra a covid-19 para crian\u00e7as de 9 a 11 anos e de 5 a 11 anos com comorbidade. A a\u00e7\u00e3o ocorrer\u00e1 no ponto de imuniza\u00e7\u00e3o drive-thru, localizado na Pra\u00e7a Pedro Coutinho, no Centro, no hor\u00e1rio das [&hellip;]<\/p>\n","protected":false},"author":2,"featured_media":21833,"comment_status":"open","ping_status":"open","sticky":false,"template":"","format":"standard","meta":{"_jetpack_newsletter_access":"","_jetpack_dont_email_post_to_subs":false,"_jetpack_newsletter_tier_id":0,"_jetpack_memberships_contains_paywalled_content":false,"_jetpack_memberships_contains_paid_content":false,"footnotes":""},"categories":[732,2,3],"tags":[621,14,22,16,168,738],"class_list":["post-21831","post","type-post","status-publish","format-standard","has-post-thumbnail","hentry","category-covid-19","category-destaque","category-saude","tag-coronavirus","tag-paudalho","tag-prefeitura-do-paudalho","tag-saude","tag-secretaria-de-saude","tag-vacinacao-contra-a-covid-19"],"jetpack_featured_media_url":"https:\/\/www.paudalho.pe.gov.br\/portal\/wp-content\/uploads\/2022\/01\/WhatsApp-Image-2022-01-25-at-12.10.11.jpeg","jetpack_sharing_enabled":true,"jetpack_shortlink":"https:\/\/wp.me\/p98mS2-5G7","_links":{"self":[{"href":"https:\/\/www.paudalho.pe.gov.br\/portal\/wp-json\/wp\/v2\/posts\/21831","targetHints":{"allow":["GET"]}}],"collection":[{"href":"https:\/\/www.paudalho.pe.gov.br\/portal\/wp-json\/wp\/v2\/posts"}],"about":[{"href":"https:\/\/www.paudalho.pe.gov.br\/portal\/wp-json\/wp\/v2\/types\/post"}],"author":[{"embeddable":true,"href":"https:\/\/www.paudalho.pe.gov.br\/portal\/wp-json\/wp\/v2\/users\/2"}],"replies":[{"embeddable":true,"href":"https:\/\/www.paudalho.pe.gov.br\/portal\/wp-json\/wp\/v2\/comments?post=21831"}],"version-history":[{"count":2,"href":"https:\/\/www.paudalho.pe.gov.br\/portal\/wp-json\/wp\/v2\/posts\/21831\/revisions"}],"predecessor-version":[{"id":21836,"href":"https:\/\/www.paudalho.pe.gov.br\/portal\/wp-json\/wp\/v2\/posts\/21831\/revisions\/21836"}],"wp:featuredmedia":[{"embeddable":true,"href":"https:\/\/www.paudalho.pe.gov.br\/portal\/wp-json\/wp\/v2\/media\/21833"}],"wp:attachment":[{"href":"https:\/\/www.paudalho.pe.gov.br\/portal\/wp-json\/wp\/v2\/media?parent=21831"}],"wp:term":[{"taxonomy":"category","embeddable":true,"href":"https:\/\/www.paudalho.pe.gov.br\/portal\/wp-json\/wp\/v2\/categories?post=21831"},{"taxonomy":"post_tag","embeddable":true,"href":"https:\/\/www.paudalho.pe.gov.br\/portal\/wp-json\/wp\/v2\/tags?post=21831"}],"curies":[{"name":"wp","href":"https:\/\/api.w.org\/{rel}","templated":true}]}}