{"id":21793,"date":"2022-01-20T00:40:10","date_gmt":"2022-01-20T03:40:10","guid":{"rendered":"https:\/\/www.paudalho.pe.gov.br\/portal\/?p=21793"},"modified":"2025-01-08T00:39:03","modified_gmt":"2025-01-08T03:39:03","slug":"paudalho-divulga-o-edital-do-cadastro-reserva-do-programa-minha-casa-minha-vida","status":"publish","type":"post","link":"https:\/\/www.paudalho.pe.gov.br\/portal\/paudalho-divulga-o-edital-do-cadastro-reserva-do-programa-minha-casa-minha-vida\/","title":{"rendered":"Paudalho divulga o edital do cadastro reserva do Programa Minha Casa Minha Vida"},"content":{"rendered":"\n<p>A Prefeitura do Paudalho, por meio da Secretaria de Desenvolvimento e Assist\u00eancia Social (SEDAS), tornou p\u00fablico nesta quinta-feira (20) o edital do cadastro reserva do Programa Minha Casa Minha Vida, Residencial Guadalajara I e II. Em conson\u00e2ncia com a Portaria n\u00ba 163, de 06 de maio de 2016, do Minist\u00e9rio das Cidades, torna p\u00fablico as regras de convoca\u00e7\u00e3o, visando selecionar fam\u00edlias para complementa\u00e7\u00e3o da demanda de <strong>cadastro reserva<\/strong> dos Empreendimentos Residenciais Guadalajara I com 72 vagas e Guadalajara II com 73 vagas. Totalizando 145 vagas para o <strong>cadastro reserva.<\/strong>  O presente Edital torna p\u00fablico o sorteio para hierarquiza\u00e7\u00e3o dos candidatos para cadastro reserva a benefici\u00e1rios do Programa Minha Casa Minha Vida, Guadalajara I e II.<\/p>\n\n\n\n<h3 class=\"wp-block-heading\">Vagas<\/h3>\n\n\n\n<p>As vagas para cadastro reserva das unidades ser\u00e3o distribu\u00eddas da seguinte forma:<\/p>\n\n\n\n<h4 class=\"wp-block-heading\">Residencial Guadalajara I<\/h4>\n\n\n\n<p>Idosos, Pessoa com Defici\u00eancia (PCD), \u00e1rea de risco, grupo I, grupo II e grupo III, seguindo a mesma forma para o <strong>Guadalajara II. <\/strong><\/p>\n\n\n\n<h3 class=\"wp-block-heading\">Sorteio<\/h3>\n\n\n\n<p>O sorteio ser\u00e1 realizado no Sal\u00e3o Nobre da Prefeitura Municipal do Paudalho, no Centro, nesta quinta-feira (20) \u00e0s 9h.<\/p>\n\n\n\n<h3 class=\"wp-block-heading\">Confira o edital:<\/h3>\n\n\n\n<div class=\"wp-block-file\"><a href=\"https:\/\/www.paudalho.pe.gov.br\/portal\/wp-content\/uploads\/2022\/01\/EDITAL-CADASTRO-RESERVA-ANEXOS-convertido.pdf\">EDITAL-CADASTRO-RESERVA<\/a><a href=\"https:\/\/www.paudalho.pe.gov.br\/portal\/wp-content\/uploads\/2022\/01\/EDITAL-CADASTRO-RESERVA-ANEXOS-convertido.pdf\" class=\"wp-block-file__button\" download>Baixar<\/a><\/div>\n","protected":false},"excerpt":{"rendered":"<p>A Prefeitura do Paudalho, por meio da Secretaria de Desenvolvimento e Assist\u00eancia Social (SEDAS), tornou p\u00fablico nesta quinta-feira (20) o edital do cadastro reserva do Programa Minha Casa Minha Vida, Residencial Guadalajara I e II. Em conson\u00e2ncia com a Portaria n\u00ba 163, de 06 de maio de 2016, do Minist\u00e9rio das Cidades, torna p\u00fablico as [&hellip;]<\/p>\n","protected":false},"author":2,"featured_media":14447,"comment_status":"open","ping_status":"open","sticky":false,"template":"","format":"standard","meta":{"_jetpack_newsletter_access":"","_jetpack_dont_email_post_to_subs":false,"_jetpack_newsletter_tier_id":0,"_jetpack_memberships_contains_paywalled_content":false,"_jetpack_memberships_contains_paid_content":false,"footnotes":""},"categories":[850,2,1],"tags":[],"class_list":["post-21793","post","type-post","status-publish","format-standard","has-post-thumbnail","hentry","category-assistencia-social","category-destaque","category-noticias"],"jetpack_featured_media_url":"https:\/\/www.paudalho.pe.gov.br\/portal\/wp-content\/uploads\/2021\/04\/WhatsApp-Image-2021-03-18-at-08.33.58.jpeg","jetpack_sharing_enabled":true,"jetpack_shortlink":"https:\/\/wp.me\/p98mS2-5Fv","_links":{"self":[{"href":"https:\/\/www.paudalho.pe.gov.br\/portal\/wp-json\/wp\/v2\/posts\/21793","targetHints":{"allow":["GET"]}}],"collection":[{"href":"https:\/\/www.paudalho.pe.gov.br\/portal\/wp-json\/wp\/v2\/posts"}],"about":[{"href":"https:\/\/www.paudalho.pe.gov.br\/portal\/wp-json\/wp\/v2\/types\/post"}],"author":[{"embeddable":true,"href":"https:\/\/www.paudalho.pe.gov.br\/portal\/wp-json\/wp\/v2\/users\/2"}],"replies":[{"embeddable":true,"href":"https:\/\/www.paudalho.pe.gov.br\/portal\/wp-json\/wp\/v2\/comments?post=21793"}],"version-history":[{"count":5,"href":"https:\/\/www.paudalho.pe.gov.br\/portal\/wp-json\/wp\/v2\/posts\/21793\/revisions"}],"predecessor-version":[{"id":21802,"href":"https:\/\/www.paudalho.pe.gov.br\/portal\/wp-json\/wp\/v2\/posts\/21793\/revisions\/21802"}],"wp:featuredmedia":[{"embeddable":true,"href":"https:\/\/www.paudalho.pe.gov.br\/portal\/wp-json\/wp\/v2\/media\/14447"}],"wp:attachment":[{"href":"https:\/\/www.paudalho.pe.gov.br\/portal\/wp-json\/wp\/v2\/media?parent=21793"}],"wp:term":[{"taxonomy":"category","embeddable":true,"href":"https:\/\/www.paudalho.pe.gov.br\/portal\/wp-json\/wp\/v2\/categories?post=21793"},{"taxonomy":"post_tag","embeddable":true,"href":"https:\/\/www.paudalho.pe.gov.br\/portal\/wp-json\/wp\/v2\/tags?post=21793"}],"curies":[{"name":"wp","href":"https:\/\/api.w.org\/{rel}","templated":true}]}}