{"id":21790,"date":"2022-01-18T16:47:26","date_gmt":"2022-01-18T19:47:26","guid":{"rendered":"https:\/\/www.paudalho.pe.gov.br\/portal\/?p=21790"},"modified":"2025-01-08T00:39:03","modified_gmt":"2025-01-08T03:39:03","slug":"paudalho-inicia-vacinacao-contra-a-covid-19-para-criancas-a-partir-dos-11-anos-de-idade","status":"publish","type":"post","link":"https:\/\/www.paudalho.pe.gov.br\/portal\/paudalho-inicia-vacinacao-contra-a-covid-19-para-criancas-a-partir-dos-11-anos-de-idade\/","title":{"rendered":"Paudalho inicia vacina\u00e7\u00e3o contra a covid-19 para crian\u00e7as a partir dos 11 anos de idade"},"content":{"rendered":"\n<p>A vacina\u00e7\u00e3o contra a covid-19 para crian\u00e7as a partir dos 11 anos de idade iniciou nesta ter\u00e7a-feira (18) no munic\u00edpio de Paudalho. A Secretaria Municipal de Sa\u00fade anunciou nesta ter\u00e7a-feira a abertura desse novo grupo composto por crian\u00e7as de 11 a 12 anos. O munic\u00edpio avan\u00e7a e j\u00e1 conta com mais de 85 mil doses aplicadas em sua popula\u00e7\u00e3o.<\/p>\n\n\n\n<p>Antes de ir para o ponto de vacina\u00e7\u00e3o drive-thru, localizado na Pra\u00e7a Pedro Coutinho, no Centro, os pais dever\u00e3o realizar o pr\u00e9-cadastro que est\u00e1 dispon\u00edvel no site da Prefeitura. Esse \u00e9 um passo inicial que tem o objetivo de organizar a campanha e adequar o n\u00famero de doses destinadas ao p\u00fablico.<\/p>\n\n\n\n<p><\/p>\n\n\n\n<p>Durante o pr\u00e9-cadastramento ser\u00e1 necess\u00e1rio que o mun\u00edcipe informe alguns dados pessoais, como o n\u00famero do CPF, o telefone e o endere\u00e7o. Tamb\u00e9m ser\u00e1 preciso informar a Unidade B\u00e1sica de Sa\u00fade em que o paudalhense \u00e9 atendido. Caso n\u00e3o haja cadastro em uma unidade, a pasta solicita que o mesmo seja realizado junto a um agente comunit\u00e1rio de sa\u00fade (ACS) do bairro onde o cidad\u00e3o reside.<\/p>\n\n\n\n<p>O ponto de vacina\u00e7\u00e3o drive-thru funciona de segunda a s\u00e1bado, das 8h \u00e0s 16h, com exce\u00e7\u00e3o para as quintas e ter\u00e7as-feiras, dias em que o hor\u00e1rio \u00e9 estendido at\u00e9 \u00e0s 20h. Durante o atendimento, a crian\u00e7a dever\u00e1 apresentar um documento com foto, o CPF e um comprovante de resid\u00eancia. \u00c9 obrigat\u00f3rio que o adolescente esteja acompanhado de um respons\u00e1vel maior de idade portando RG e a certid\u00e3o de nascimento da crian\u00e7a.<\/p>\n\n\n\n<p>A Secretaria de Sa\u00fade refor\u00e7a que a popula\u00e7\u00e3o acima de 12 anos que ainda n\u00e3o tomou a primeira dose da vacina ou<br>que est\u00e1 em atraso com a segunda ainda pode ser imunizada e deve procurar o atendimento o mais r\u00e1pido poss\u00edvel.<\/p>\n","protected":false},"excerpt":{"rendered":"<p>A vacina\u00e7\u00e3o contra a covid-19 para crian\u00e7as a partir dos 11 anos de idade iniciou nesta ter\u00e7a-feira (18) no munic\u00edpio de Paudalho. A Secretaria Municipal de Sa\u00fade anunciou nesta ter\u00e7a-feira a abertura desse novo grupo composto por crian\u00e7as de 11 a 12 anos. O munic\u00edpio avan\u00e7a e j\u00e1 conta com mais de 85 mil doses [&hellip;]<\/p>\n","protected":false},"author":2,"featured_media":16682,"comment_status":"open","ping_status":"open","sticky":false,"template":"","format":"standard","meta":{"_jetpack_newsletter_access":"","_jetpack_dont_email_post_to_subs":false,"_jetpack_newsletter_tier_id":0,"_jetpack_memberships_contains_paywalled_content":false,"_jetpack_memberships_contains_paid_content":false,"footnotes":""},"categories":[732,2,1,3],"tags":[22,16],"class_list":["post-21790","post","type-post","status-publish","format-standard","has-post-thumbnail","hentry","category-covid-19","category-destaque","category-noticias","category-saude","tag-prefeitura-do-paudalho","tag-saude"],"jetpack_featured_media_url":"https:\/\/www.paudalho.pe.gov.br\/portal\/wp-content\/uploads\/2021\/07\/Vacinacao-contra-a-covid19-em-Paudalho.jpeg","jetpack_sharing_enabled":true,"jetpack_shortlink":"https:\/\/wp.me\/p98mS2-5Fs","_links":{"self":[{"href":"https:\/\/www.paudalho.pe.gov.br\/portal\/wp-json\/wp\/v2\/posts\/21790","targetHints":{"allow":["GET"]}}],"collection":[{"href":"https:\/\/www.paudalho.pe.gov.br\/portal\/wp-json\/wp\/v2\/posts"}],"about":[{"href":"https:\/\/www.paudalho.pe.gov.br\/portal\/wp-json\/wp\/v2\/types\/post"}],"author":[{"embeddable":true,"href":"https:\/\/www.paudalho.pe.gov.br\/portal\/wp-json\/wp\/v2\/users\/2"}],"replies":[{"embeddable":true,"href":"https:\/\/www.paudalho.pe.gov.br\/portal\/wp-json\/wp\/v2\/comments?post=21790"}],"version-history":[{"count":2,"href":"https:\/\/www.paudalho.pe.gov.br\/portal\/wp-json\/wp\/v2\/posts\/21790\/revisions"}],"predecessor-version":[{"id":21792,"href":"https:\/\/www.paudalho.pe.gov.br\/portal\/wp-json\/wp\/v2\/posts\/21790\/revisions\/21792"}],"wp:featuredmedia":[{"embeddable":true,"href":"https:\/\/www.paudalho.pe.gov.br\/portal\/wp-json\/wp\/v2\/media\/16682"}],"wp:attachment":[{"href":"https:\/\/www.paudalho.pe.gov.br\/portal\/wp-json\/wp\/v2\/media?parent=21790"}],"wp:term":[{"taxonomy":"category","embeddable":true,"href":"https:\/\/www.paudalho.pe.gov.br\/portal\/wp-json\/wp\/v2\/categories?post=21790"},{"taxonomy":"post_tag","embeddable":true,"href":"https:\/\/www.paudalho.pe.gov.br\/portal\/wp-json\/wp\/v2\/tags?post=21790"}],"curies":[{"name":"wp","href":"https:\/\/api.w.org\/{rel}","templated":true}]}}