{"id":21783,"date":"2022-01-18T11:22:02","date_gmt":"2022-01-18T14:22:02","guid":{"rendered":"https:\/\/www.paudalho.pe.gov.br\/portal\/?p=21783"},"modified":"2022-01-18T11:22:02","modified_gmt":"2022-01-18T14:22:02","slug":"paudalho-inicia-vacinacao-contra-a-covid-19-para-criancas-a-partir-dos-5-anos-com-comorbidades","status":"publish","type":"post","link":"https:\/\/www.paudalho.pe.gov.br\/portal\/paudalho-inicia-vacinacao-contra-a-covid-19-para-criancas-a-partir-dos-5-anos-com-comorbidades\/","title":{"rendered":"Paudalho inicia vacina\u00e7\u00e3o contra a covid-19 para crian\u00e7as a partir dos 5 anos com comorbidades"},"content":{"rendered":"\n<p>A Prefeitura do Paudalho, iniciou nesta ter\u00e7a-feira (18), uma nova etapa na campanha de vacina\u00e7\u00e3o contra a covid-19 no munic\u00edpio. Nessa fase, crian\u00e7as a partir dos 5 anos com comorbidades ou ind\u00edgenas poder\u00e3o ser imunizadas. Para ter acesso \u00e0 vacina \u00e9 necess\u00e1rio que os respons\u00e1veis oficiais realizem o pr\u00e9-cadastro on-line.<\/p>\n\n\n\n<p><\/p>\n\n\n\n<p>A campanha segue ocorrendo em formato drive-thru, montado na Pra\u00e7a Pedro Coutinho, no Centro da cidade, com atendimento de segunda a s\u00e1bado, das 8h \u00e0s 16h e nas ter\u00e7as e quintas at\u00e9 \u00e0s 20h. Algumas doses tamb\u00e9m ser\u00e3o aplicadas em domic\u00edlio.<\/p>\n\n\n\n<p>De acordo com dados disponibilizados pela Secretaria Municipal de Sa\u00fade, do in\u00edcio da campanha de vacina\u00e7\u00e3o, em janeiro, at\u00e9 o momento atual, mais de 85 mil doses das vacinas j\u00e1 foram aplicadas na cidade. Esse n\u00famero pode ser acompanhado em tempo real atrav\u00e9s da ferramenta on-line Vacin\u00f4metro disponibilizada pela Prefeitura.<\/p>\n\n\n\n<h3 class=\"wp-block-heading\">Como receber a dose da vacina?<\/h3>\n\n\n\n<p>Para realizar o pr\u00e9-cadastramento e tomar a dose da vacina \u00e9 necess\u00e1rio que o respons\u00e1vel legal da crian\u00e7a acesse o portal eletr\u00f4nico da Prefeitura do Paudalho e preencha os dados requisitados. A vacina\u00e7\u00e3o ser\u00e1 realizada com a apresenta\u00e7\u00e3o obrigat\u00f3ria do laudo m\u00e9dico, certid\u00e3o de nascimento e CPF, al\u00e9m do CPF e RG do respons\u00e1vel oficial pela crian\u00e7a. Em caso de d\u00favidas, o mun\u00edcipe pode procurar a Unidade B\u00e1sica de Sa\u00fade (UBS) de refer\u00eancia para buscar mais informa\u00e7\u00f5es.<\/p>\n\n\n\n<h3 class=\"wp-block-heading\">Quais s\u00e3o as comorbidades? <\/h3>\n\n\n\n<p>Comorbidades s\u00e3o doen\u00e7as pr\u00e9-existentes que podem ocasionar risco de agravamento no quadro da covid-19. As enfermidades inclu\u00eddas no Plano Nacional de Imuniza\u00e7\u00e3o (PNI) s\u00e3o: Doen\u00e7a neurol\u00f3gicas cr\u00f4nicas, dist\u00farbios do desenvolvimento neurol\u00f3gico, priorizando neste momento meninos e meninas com S\u00edndrome de Down\u00a0e Autismo.<\/p>\n\n\n\n<h3 class=\"wp-block-heading\">Ind\u00edgenas<\/h3>\n\n\n\n<p>Os povos ind\u00edgenas do Brasil compreendem um grande n\u00famero de diferentes grupos \u00e9tnicos que habitam o pa\u00eds desde mil\u00eanios antes do in\u00edcio da coloniza\u00e7\u00e3o portuguesa, fazendo parte do grupo maior dos povos amer\u00edndios. Os povos ind\u00edgenas brasileiros deram contribui\u00e7\u00f5es significativas para a sociedade mundial.<\/p>\n","protected":false},"excerpt":{"rendered":"<p>A Prefeitura do Paudalho, iniciou nesta ter\u00e7a-feira (18), uma nova etapa na campanha de vacina\u00e7\u00e3o contra a covid-19 no munic\u00edpio. Nessa fase, crian\u00e7as a partir dos 5 anos com comorbidades ou ind\u00edgenas poder\u00e3o ser imunizadas. Para ter acesso \u00e0 vacina \u00e9 necess\u00e1rio que os respons\u00e1veis oficiais realizem o pr\u00e9-cadastro on-line. A campanha segue ocorrendo em [&hellip;]<\/p>\n","protected":false},"author":2,"featured_media":21785,"comment_status":"open","ping_status":"open","sticky":false,"template":"","format":"standard","meta":{"_jetpack_newsletter_access":"","_jetpack_dont_email_post_to_subs":false,"_jetpack_newsletter_tier_id":0,"_jetpack_memberships_contains_paywalled_content":false,"_jetpack_memberships_contains_paid_content":false,"footnotes":""},"categories":[732,2,3],"tags":[],"class_list":["post-21783","post","type-post","status-publish","format-standard","has-post-thumbnail","hentry","category-covid-19","category-destaque","category-saude"],"jetpack_featured_media_url":"https:\/\/www.paudalho.pe.gov.br\/portal\/wp-content\/uploads\/2022\/01\/WhatsApp-Image-2022-01-18-at-10.48.05-3.jpeg","jetpack_sharing_enabled":true,"jetpack_shortlink":"https:\/\/wp.me\/p98mS2-5Fl","_links":{"self":[{"href":"https:\/\/www.paudalho.pe.gov.br\/portal\/wp-json\/wp\/v2\/posts\/21783","targetHints":{"allow":["GET"]}}],"collection":[{"href":"https:\/\/www.paudalho.pe.gov.br\/portal\/wp-json\/wp\/v2\/posts"}],"about":[{"href":"https:\/\/www.paudalho.pe.gov.br\/portal\/wp-json\/wp\/v2\/types\/post"}],"author":[{"embeddable":true,"href":"https:\/\/www.paudalho.pe.gov.br\/portal\/wp-json\/wp\/v2\/users\/2"}],"replies":[{"embeddable":true,"href":"https:\/\/www.paudalho.pe.gov.br\/portal\/wp-json\/wp\/v2\/comments?post=21783"}],"version-history":[{"count":2,"href":"https:\/\/www.paudalho.pe.gov.br\/portal\/wp-json\/wp\/v2\/posts\/21783\/revisions"}],"predecessor-version":[{"id":21786,"href":"https:\/\/www.paudalho.pe.gov.br\/portal\/wp-json\/wp\/v2\/posts\/21783\/revisions\/21786"}],"wp:featuredmedia":[{"embeddable":true,"href":"https:\/\/www.paudalho.pe.gov.br\/portal\/wp-json\/wp\/v2\/media\/21785"}],"wp:attachment":[{"href":"https:\/\/www.paudalho.pe.gov.br\/portal\/wp-json\/wp\/v2\/media?parent=21783"}],"wp:term":[{"taxonomy":"category","embeddable":true,"href":"https:\/\/www.paudalho.pe.gov.br\/portal\/wp-json\/wp\/v2\/categories?post=21783"},{"taxonomy":"post_tag","embeddable":true,"href":"https:\/\/www.paudalho.pe.gov.br\/portal\/wp-json\/wp\/v2\/tags?post=21783"}],"curies":[{"name":"wp","href":"https:\/\/api.w.org\/{rel}","templated":true}]}}