{"id":21711,"date":"2022-01-05T14:34:55","date_gmt":"2022-01-05T17:34:55","guid":{"rendered":"https:\/\/www.paudalho.pe.gov.br\/portal\/?p=21711"},"modified":"2025-01-08T00:39:03","modified_gmt":"2025-01-08T03:39:03","slug":"ibge-prorroga-as-inscricoes-para-vagas-temporarias-para-o-censo-2022-confira-as-oportunidades-em-paudalho","status":"publish","type":"post","link":"https:\/\/www.paudalho.pe.gov.br\/portal\/ibge-prorroga-as-inscricoes-para-vagas-temporarias-para-o-censo-2022-confira-as-oportunidades-em-paudalho\/","title":{"rendered":"IBGE prorroga as inscri\u00e7\u00f5es para vagas tempor\u00e1rias para o Censo 2022. Confira as oportunidades em Paudalho"},"content":{"rendered":"\n<p>Durante este m\u00eas, o Instituto Brasileiro de Geografia e Estat\u00edstica (IBGE) publicou quatro editais para contrata\u00e7\u00e3o tempor\u00e1ria de recenseadores, agentes censit\u00e1rios e coordenadores censit\u00e1rios para o\u00a0<strong>Censo Demogr\u00e1fico 2022<\/strong>. Ao todo, est\u00e3o sendo disponibilizadas 206.891 vagas distribu\u00eddas por todo o Brasil, sendo 9.060 destinadas para o estado de Pernambuco.\u00a0 As inscri\u00e7\u00f5es para o as vagas tempor\u00e1rias seguem at\u00e9 o dia 21 de janeiro.<\/p>\n\n\n\n<p>As oportunidades s\u00e3o tanto para candidatos com n\u00edvel de escolaridade fundamental como para n\u00edvel m\u00e9dio. Em Paudalho, est\u00e3o dispon\u00edveis 44 vagas para a fun\u00e7\u00e3o de recenseador, 05 para a de agente censit\u00e1rio supervisor (ACS) e 01 para a de agente censit\u00e1rio municipal (ACS). A expectativa \u00e9 que as provas sejam aplicadas no dia 27 de mar\u00e7o de 2022.\u00a0<\/p>\n\n\n\n<h3 class=\"wp-block-heading\"><strong>Inscri\u00e7\u00f5es<\/strong><\/h3>\n\n\n\n<p>As inscri\u00e7\u00f5es para as fun\u00e7\u00f5es de agente censit\u00e1rio supervisor, agente censit\u00e1rio municipal e recenseador dever\u00e3o ser realizadas por meio do&nbsp;<a rel=\"noreferrer noopener\" href=\"https:\/\/conhecimento.fgv.br\/concursos\/ibgepss21\" target=\"_blank\">site da Funda\u00e7\u00e3o Get\u00falio Vargas Conhecimento<\/a>&nbsp;at\u00e9 \u00e0s 16h do dia 29 de dezembro. Para a vaga de recenseador s\u00e3o cobrados R$ 57,50 de taxa de inscri\u00e7\u00e3o e para de ACS e ACM a quantia de R$ 60,50.<\/p>\n\n\n\n<p>J\u00e1 as inscri\u00e7\u00f5es para o cargo de CAA e ACAI devem ser realizadas no\u00a0<a rel=\"noreferrer noopener\" href=\"https:\/\/www.ibfc.org.br\/menus\/inscricoes_online\" target=\"_blank\">site do Instituto Brasileiro de Forma\u00e7\u00e3o e Capacita\u00e7\u00e3o (IBFC)<\/a>. As taxas s\u00e3o nos valores de R$ 66 e R$ 44, respectivamente. Candidatos que forem cadastrados no Cadastro \u00danico para Programas Sociais do Governo Federal, o Cad\u00danico, podem solicitar isen\u00e7\u00e3o.<\/p>\n\n\n\n<p><em>Para mais informa\u00e7\u00f5es, acesse\u00a0<a rel=\"noreferrer noopener\" href=\"https:\/\/conhecimento.fgv.br\/concursos\/ibgepss21\" target=\"_blank\">https:\/\/conhecimento.fgv.br\/concursos\/ibgepss21<\/a>\u00a0ou<\/em><\/p>\n\n\n\n<p><em>\u00a0<a rel=\"noreferrer noopener\" href=\"https:\/\/www.ibfc.org.br\/menus\/inscricoes_online\" target=\"_blank\">https:\/\/www.ibfc.org.br\/menus\/inscricoes_online<\/a><\/em><\/p>\n","protected":false},"excerpt":{"rendered":"<p>Durante este m\u00eas, o Instituto Brasileiro de Geografia e Estat\u00edstica (IBGE) publicou quatro editais para contrata\u00e7\u00e3o tempor\u00e1ria de recenseadores, agentes censit\u00e1rios e coordenadores censit\u00e1rios para o\u00a0Censo Demogr\u00e1fico 2022. Ao todo, est\u00e3o sendo disponibilizadas 206.891 vagas distribu\u00eddas por todo o Brasil, sendo 9.060 destinadas para o estado de Pernambuco.\u00a0 As inscri\u00e7\u00f5es para o as vagas tempor\u00e1rias [&hellip;]<\/p>\n","protected":false},"author":2,"featured_media":21561,"comment_status":"open","ping_status":"open","sticky":false,"template":"","format":"standard","meta":{"_jetpack_newsletter_access":"","_jetpack_dont_email_post_to_subs":false,"_jetpack_newsletter_tier_id":0,"_jetpack_memberships_contains_paywalled_content":false,"_jetpack_memberships_contains_paid_content":false,"footnotes":""},"categories":[2,5],"tags":[22],"class_list":["post-21711","post","type-post","status-publish","format-standard","has-post-thumbnail","hentry","category-destaque","category-emprego","tag-prefeitura-do-paudalho"],"jetpack_featured_media_url":"https:\/\/www.paudalho.pe.gov.br\/portal\/wp-content\/uploads\/2021\/12\/ibge.jpg","jetpack_sharing_enabled":true,"jetpack_shortlink":"https:\/\/wp.me\/p98mS2-5Eb","_links":{"self":[{"href":"https:\/\/www.paudalho.pe.gov.br\/portal\/wp-json\/wp\/v2\/posts\/21711","targetHints":{"allow":["GET"]}}],"collection":[{"href":"https:\/\/www.paudalho.pe.gov.br\/portal\/wp-json\/wp\/v2\/posts"}],"about":[{"href":"https:\/\/www.paudalho.pe.gov.br\/portal\/wp-json\/wp\/v2\/types\/post"}],"author":[{"embeddable":true,"href":"https:\/\/www.paudalho.pe.gov.br\/portal\/wp-json\/wp\/v2\/users\/2"}],"replies":[{"embeddable":true,"href":"https:\/\/www.paudalho.pe.gov.br\/portal\/wp-json\/wp\/v2\/comments?post=21711"}],"version-history":[{"count":4,"href":"https:\/\/www.paudalho.pe.gov.br\/portal\/wp-json\/wp\/v2\/posts\/21711\/revisions"}],"predecessor-version":[{"id":21717,"href":"https:\/\/www.paudalho.pe.gov.br\/portal\/wp-json\/wp\/v2\/posts\/21711\/revisions\/21717"}],"wp:featuredmedia":[{"embeddable":true,"href":"https:\/\/www.paudalho.pe.gov.br\/portal\/wp-json\/wp\/v2\/media\/21561"}],"wp:attachment":[{"href":"https:\/\/www.paudalho.pe.gov.br\/portal\/wp-json\/wp\/v2\/media?parent=21711"}],"wp:term":[{"taxonomy":"category","embeddable":true,"href":"https:\/\/www.paudalho.pe.gov.br\/portal\/wp-json\/wp\/v2\/categories?post=21711"},{"taxonomy":"post_tag","embeddable":true,"href":"https:\/\/www.paudalho.pe.gov.br\/portal\/wp-json\/wp\/v2\/tags?post=21711"}],"curies":[{"name":"wp","href":"https:\/\/api.w.org\/{rel}","templated":true}]}}