{"id":2164,"date":"2017-12-14T12:54:37","date_gmt":"2017-12-14T15:54:37","guid":{"rendered":"http:\/\/www.paudalho.pe.gov.br\/portal\/?p=2164"},"modified":"2017-12-14T12:56:09","modified_gmt":"2017-12-14T15:56:09","slug":"secretaria-de-desenvolvimento-e-assistencia-social-avanca-em-2017-e-acumula-mais-de-10-mil-atendimentos","status":"publish","type":"post","link":"https:\/\/www.paudalho.pe.gov.br\/portal\/secretaria-de-desenvolvimento-e-assistencia-social-avanca-em-2017-e-acumula-mais-de-10-mil-atendimentos\/","title":{"rendered":"Secretaria de Desenvolvimento e Assist\u00eancia Social avan\u00e7a em 2017 e acumula mais de 10 mil atendimentos"},"content":{"rendered":"<p><span style=\"font-weight: 400\">Em menos de um ano, a gest\u00e3o avan\u00e7ou e mostrou que o trabalho pode ser feito com seriedade e compromisso. E um dos alvos da Prefeitura do Paudalho \u00e9 o cuidado com pessoas que necessitam de apoio e est\u00e3o em vulnerabilidade social. Em balan\u00e7o, a secret\u00e1ria de Desenvolvimento e Assist\u00eancia Social, Valqu\u00edria Marinho, comentou que a falta de recuso foi superada e o trabalho ocorreu. \u201cA gente tem o Programa de Benef\u00edcio Eventual que \u00e9 aprovado por lei, deliberado pelo Conselho e n\u00f3s conseguimos nesse ano atender dentro do Programa de Benef\u00edcio Eventual, que o nome j\u00e1 est\u00e1 dizendo, existe uma eventualidade&#8230;Quase 100 gestantes com Aux\u00edlio Natalidade&#8230;N\u00f3s atendemos ainda 57 Auxilio Funeral&#8230;Foram disponibilizadas durante o ano 350 cestas b\u00e1sicas&#8230;Segunda via de Registro Civil, n\u00f3s atendemos 55. Temos hoje tamb\u00e9m dentro do Aux\u00edlio Aluguel: 57 usu\u00e1rios que encontram-se em risco habitacional&#8230; Vale salientar que esses aux\u00edlios s\u00e3o todos custeados com recursos pr\u00f3prios como rege a lei&#8230;Gra\u00e7as a Deus n\u00f3s temos conseguido atender nossa demanda, com muito esfor\u00e7o e muito sacrif\u00edcios, pois n\u00f3s sabemos da dificuldade financeira\u201d, disse.<\/span><\/p>\n<h2><span style=\"font-weight: 400\">Os servi\u00e7os n\u00e3o param<\/span><\/h2>\n<p><span style=\"font-weight: 400\">Quem pensa que as a\u00e7\u00f5es da Secretaria acabaram est\u00e1 enganado. Ainda segundo a secret\u00e1ria da pasta, um fato a ser comemorado foi a distribui\u00e7\u00e3o do peixe na Semana Santa. Segundo ela, cerca de 10 mil fam\u00edlias foram contempladas. \u201cA gente sabe que n\u00e3o \u00e9 a solu\u00e7\u00e3o de tudo, mas a gente conseguiu manter o peixe na mesa de quem mais precisava naquele momento\u201d, comentou. Com apoio da Secretaria e outras pastas, a<\/span><span style=\"font-weight: 400\">\u00a0Prefeitura realizou o programa <a href=\"http:\/\/www.paudalho.pe.gov.br\/portal\/cidadania-em-acao-supera-as-expectativas-e-realiza-quase-2-400-atendimentos-em-cha-de-cruz\/\" target=\"_blank\" rel=\"noopener\">Cidadania em A\u00e7\u00e3o<\/a> que ofertou \u00e0 popula\u00e7\u00e3o de Ch\u00e3 de Cruz mais de dois mil atendimentos de sa\u00fade, educa\u00e7\u00e3o, assist\u00eancia social, entre outros.<\/span><\/p>\n<p><img loading=\"lazy\" decoding=\"async\" data-attachment-id=\"885\" data-permalink=\"https:\/\/www.paudalho.pe.gov.br\/portal\/cidadania-em-acao-supera-as-expectativas-e-realiza-quase-2-400-atendimentos-em-cha-de-cruz\/9d027dfd-a125-4dae-8c55-163875236f87\/\" data-orig-file=\"https:\/\/www.paudalho.pe.gov.br\/portal\/wp-content\/uploads\/2017\/09\/9d027dfd-a125-4dae-8c55-163875236f87.jpg\" data-orig-size=\"720,720\" data-comments-opened=\"1\" data-image-meta=\"{&quot;aperture&quot;:&quot;0&quot;,&quot;credit&quot;:&quot;&quot;,&quot;camera&quot;:&quot;&quot;,&quot;caption&quot;:&quot;&quot;,&quot;created_timestamp&quot;:&quot;0&quot;,&quot;copyright&quot;:&quot;&quot;,&quot;focal_length&quot;:&quot;0&quot;,&quot;iso&quot;:&quot;0&quot;,&quot;shutter_speed&quot;:&quot;0&quot;,&quot;title&quot;:&quot;&quot;,&quot;orientation&quot;:&quot;0&quot;}\" data-image-title=\"9d027dfd-a125-4dae-8c55-163875236f87\" data-image-description=\"\" data-image-caption=\"\" data-medium-file=\"https:\/\/www.paudalho.pe.gov.br\/portal\/wp-content\/uploads\/2017\/09\/9d027dfd-a125-4dae-8c55-163875236f87-350x230.jpg\" data-large-file=\"https:\/\/www.paudalho.pe.gov.br\/portal\/wp-content\/uploads\/2017\/09\/9d027dfd-a125-4dae-8c55-163875236f87-720x450.jpg\" class=\"alignnone size-medium wp-image-885\" src=\"http:\/\/www.paudalho.pe.gov.br\/portal\/wp-content\/uploads\/2017\/09\/9d027dfd-a125-4dae-8c55-163875236f87-350x230.jpg\" alt=\"\" width=\"300\" height=\"197\" \/><\/p>\n<p><span style=\"font-weight: 400\">E as crian\u00e7as tiverem vez nas a\u00e7\u00f5es da pasta. Em uma a\u00e7\u00e3o conjunta com as Secretaria de Cultura e Turismo e Educa\u00e7\u00e3o, foi realizada a <a href=\"http:\/\/www.paudalho.pe.gov.br\/portal\/com-programacao-nunca-vista-prefeitura-do-paudalho-inicia-semana-da-crianca-com-parque-de-diversao\/\" target=\"_blank\" rel=\"noopener\">Semana da Crian\u00e7a<\/a> com parque de divers\u00e3o gratuito e programa\u00e7\u00e3o recheada que ofertou ainda picol\u00e9, algod\u00e3o doce, oficinas e recrea\u00e7\u00e3o. \u201cO resgate da inf\u00e2ncia e da adolesc\u00eancia\u201d, explicou. No decorrer do ano a popula\u00e7\u00e3o ainda contou com o Plant\u00e3o Social que atende diariamente e nas festas e programa\u00e7\u00f5es da cidade oferecendo suporte aos mun\u00edcipes que se encontrarem em situa\u00e7\u00e3o de vulnerabilidade.<\/span><\/p>\n<p><img loading=\"lazy\" decoding=\"async\" data-attachment-id=\"1492\" data-permalink=\"https:\/\/www.paudalho.pe.gov.br\/portal\/com-programacao-nunca-vista-prefeitura-do-paudalho-inicia-semana-da-crianca-com-parque-de-diversao\/essa\/\" data-orig-file=\"https:\/\/www.paudalho.pe.gov.br\/portal\/wp-content\/uploads\/2017\/10\/essa.jpg\" data-orig-size=\"1024,683\" data-comments-opened=\"1\" data-image-meta=\"{&quot;aperture&quot;:&quot;0&quot;,&quot;credit&quot;:&quot;&quot;,&quot;camera&quot;:&quot;&quot;,&quot;caption&quot;:&quot;&quot;,&quot;created_timestamp&quot;:&quot;0&quot;,&quot;copyright&quot;:&quot;&quot;,&quot;focal_length&quot;:&quot;0&quot;,&quot;iso&quot;:&quot;0&quot;,&quot;shutter_speed&quot;:&quot;0&quot;,&quot;title&quot;:&quot;&quot;,&quot;orientation&quot;:&quot;0&quot;}\" data-image-title=\"essa\" data-image-description=\"\" data-image-caption=\"\" data-medium-file=\"https:\/\/www.paudalho.pe.gov.br\/portal\/wp-content\/uploads\/2017\/10\/essa-350x230.jpg\" data-large-file=\"https:\/\/www.paudalho.pe.gov.br\/portal\/wp-content\/uploads\/2017\/10\/essa-800x450.jpg\" class=\"alignnone size-medium wp-image-1492\" src=\"http:\/\/www.paudalho.pe.gov.br\/portal\/wp-content\/uploads\/2017\/10\/essa-350x230.jpg\" alt=\"\" width=\"300\" height=\"197\" \/><\/p>\n<p><img loading=\"lazy\" decoding=\"async\" data-attachment-id=\"1545\" data-permalink=\"https:\/\/www.paudalho.pe.gov.br\/portal\/em-comemoracao-ao-dia-das-criancas-prefeitura-do-paudalho-oferece-parque-de-diversao-gratuito-em-guadalajara\/22366523_798790956911322_567447430455266562_n\/\" data-orig-file=\"https:\/\/www.paudalho.pe.gov.br\/portal\/wp-content\/uploads\/2017\/10\/22366523_798790956911322_567447430455266562_n.jpg\" data-orig-size=\"960,640\" data-comments-opened=\"1\" data-image-meta=\"{&quot;aperture&quot;:&quot;0&quot;,&quot;credit&quot;:&quot;&quot;,&quot;camera&quot;:&quot;&quot;,&quot;caption&quot;:&quot;&quot;,&quot;created_timestamp&quot;:&quot;0&quot;,&quot;copyright&quot;:&quot;&quot;,&quot;focal_length&quot;:&quot;0&quot;,&quot;iso&quot;:&quot;0&quot;,&quot;shutter_speed&quot;:&quot;0&quot;,&quot;title&quot;:&quot;&quot;,&quot;orientation&quot;:&quot;0&quot;}\" data-image-title=\"22366523_798790956911322_567447430455266562_n\" data-image-description=\"\" data-image-caption=\"\" data-medium-file=\"https:\/\/www.paudalho.pe.gov.br\/portal\/wp-content\/uploads\/2017\/10\/22366523_798790956911322_567447430455266562_n-350x230.jpg\" data-large-file=\"https:\/\/www.paudalho.pe.gov.br\/portal\/wp-content\/uploads\/2017\/10\/22366523_798790956911322_567447430455266562_n-800x450.jpg\" class=\"alignnone size-medium wp-image-1545\" src=\"http:\/\/www.paudalho.pe.gov.br\/portal\/wp-content\/uploads\/2017\/10\/22366523_798790956911322_567447430455266562_n-350x230.jpg\" alt=\"\" width=\"300\" height=\"197\" \/><\/p>\n<div id=\"attachment_1571\" style=\"width: 310px\" class=\"wp-caption alignnone\"><img loading=\"lazy\" decoding=\"async\" aria-describedby=\"caption-attachment-1571\" data-attachment-id=\"1571\" data-permalink=\"https:\/\/www.paudalho.pe.gov.br\/portal\/marca-a-vida-da-crianca-diz-morador-de-guadalajara-sobre-parque-de-diversao\/22405632_801743149949436_1586080307743048344_n\/\" data-orig-file=\"https:\/\/www.paudalho.pe.gov.br\/portal\/wp-content\/uploads\/2017\/10\/22405632_801743149949436_1586080307743048344_n.jpg\" data-orig-size=\"960,640\" data-comments-opened=\"1\" data-image-meta=\"{&quot;aperture&quot;:&quot;0&quot;,&quot;credit&quot;:&quot;&quot;,&quot;camera&quot;:&quot;&quot;,&quot;caption&quot;:&quot;&quot;,&quot;created_timestamp&quot;:&quot;0&quot;,&quot;copyright&quot;:&quot;&quot;,&quot;focal_length&quot;:&quot;0&quot;,&quot;iso&quot;:&quot;0&quot;,&quot;shutter_speed&quot;:&quot;0&quot;,&quot;title&quot;:&quot;&quot;,&quot;orientation&quot;:&quot;0&quot;}\" data-image-title=\"22405632_801743149949436_1586080307743048344_n\" data-image-description=\"\" data-image-caption=\"&lt;p&gt;Foto: Isak de Castro\/Comunica\u00e7\u00e3oPrefeituradePaudalho&lt;\/p&gt;\n\" data-medium-file=\"https:\/\/www.paudalho.pe.gov.br\/portal\/wp-content\/uploads\/2017\/10\/22405632_801743149949436_1586080307743048344_n-350x230.jpg\" data-large-file=\"https:\/\/www.paudalho.pe.gov.br\/portal\/wp-content\/uploads\/2017\/10\/22405632_801743149949436_1586080307743048344_n-800x450.jpg\" class=\"size-medium wp-image-1571\" src=\"http:\/\/www.paudalho.pe.gov.br\/portal\/wp-content\/uploads\/2017\/10\/22405632_801743149949436_1586080307743048344_n-350x230.jpg\" alt=\"\" width=\"300\" height=\"197\" \/><p id=\"caption-attachment-1571\" class=\"wp-caption-text\">Foto: Isak de Castro\/Comunica\u00e7\u00e3oPrefeituradePaudalho<\/p><\/div>\n<div id=\"attachment_1572\" style=\"width: 310px\" class=\"wp-caption alignnone\"><img loading=\"lazy\" decoding=\"async\" aria-describedby=\"caption-attachment-1572\" data-attachment-id=\"1572\" data-permalink=\"https:\/\/www.paudalho.pe.gov.br\/portal\/marca-a-vida-da-crianca-diz-morador-de-guadalajara-sobre-parque-de-diversao\/22406227_801743116616106_7290455644443619197_n\/\" data-orig-file=\"https:\/\/www.paudalho.pe.gov.br\/portal\/wp-content\/uploads\/2017\/10\/22406227_801743116616106_7290455644443619197_n.jpg\" data-orig-size=\"960,640\" data-comments-opened=\"1\" data-image-meta=\"{&quot;aperture&quot;:&quot;0&quot;,&quot;credit&quot;:&quot;&quot;,&quot;camera&quot;:&quot;&quot;,&quot;caption&quot;:&quot;&quot;,&quot;created_timestamp&quot;:&quot;0&quot;,&quot;copyright&quot;:&quot;&quot;,&quot;focal_length&quot;:&quot;0&quot;,&quot;iso&quot;:&quot;0&quot;,&quot;shutter_speed&quot;:&quot;0&quot;,&quot;title&quot;:&quot;&quot;,&quot;orientation&quot;:&quot;0&quot;}\" data-image-title=\"22406227_801743116616106_7290455644443619197_n\" data-image-description=\"\" data-image-caption=\"&lt;p&gt;Foto: Isak de Castro\/Comunica\u00e7\u00e3oPrefeituradePaudalho&lt;\/p&gt;\n\" data-medium-file=\"https:\/\/www.paudalho.pe.gov.br\/portal\/wp-content\/uploads\/2017\/10\/22406227_801743116616106_7290455644443619197_n-350x230.jpg\" data-large-file=\"https:\/\/www.paudalho.pe.gov.br\/portal\/wp-content\/uploads\/2017\/10\/22406227_801743116616106_7290455644443619197_n-800x450.jpg\" class=\"size-medium wp-image-1572\" src=\"http:\/\/www.paudalho.pe.gov.br\/portal\/wp-content\/uploads\/2017\/10\/22406227_801743116616106_7290455644443619197_n-350x230.jpg\" alt=\"\" width=\"300\" height=\"197\" \/><p id=\"caption-attachment-1572\" class=\"wp-caption-text\">Foto: Isak de Castro\/Comunica\u00e7\u00e3oPrefeituradePaudalho<\/p><\/div>\n<div id=\"attachment_1551\" style=\"width: 310px\" class=\"wp-caption alignnone\"><img loading=\"lazy\" decoding=\"async\" aria-describedby=\"caption-attachment-1551\" data-attachment-id=\"1551\" data-permalink=\"https:\/\/www.paudalho.pe.gov.br\/portal\/no-dia-das-criancas-prefeitura-oferece-programacao-recheada-e-parque-de-diversao-para-todas-a-garotada\/d16dff19-ceb0-4516-b05b-15bebfdf656d\/\" data-orig-file=\"https:\/\/www.paudalho.pe.gov.br\/portal\/wp-content\/uploads\/2017\/10\/d16dff19-ceb0-4516-b05b-15bebfdf656d.jpg\" data-orig-size=\"1280,720\" data-comments-opened=\"1\" data-image-meta=\"{&quot;aperture&quot;:&quot;0&quot;,&quot;credit&quot;:&quot;&quot;,&quot;camera&quot;:&quot;&quot;,&quot;caption&quot;:&quot;&quot;,&quot;created_timestamp&quot;:&quot;0&quot;,&quot;copyright&quot;:&quot;&quot;,&quot;focal_length&quot;:&quot;0&quot;,&quot;iso&quot;:&quot;0&quot;,&quot;shutter_speed&quot;:&quot;0&quot;,&quot;title&quot;:&quot;&quot;,&quot;orientation&quot;:&quot;0&quot;}\" data-image-title=\"d16dff19-ceb0-4516-b05b-15bebfdf656d\" data-image-description=\"\" data-image-caption=\"&lt;p&gt;Foto: Kirlly Lima\/Comuni\u00e7\u00e3oPrefeituradoPaudalho&lt;\/p&gt;\n\" data-medium-file=\"https:\/\/www.paudalho.pe.gov.br\/portal\/wp-content\/uploads\/2017\/10\/d16dff19-ceb0-4516-b05b-15bebfdf656d-350x230.jpg\" data-large-file=\"https:\/\/www.paudalho.pe.gov.br\/portal\/wp-content\/uploads\/2017\/10\/d16dff19-ceb0-4516-b05b-15bebfdf656d-800x450.jpg\" class=\"size-medium wp-image-1551\" src=\"http:\/\/www.paudalho.pe.gov.br\/portal\/wp-content\/uploads\/2017\/10\/d16dff19-ceb0-4516-b05b-15bebfdf656d-350x230.jpg\" alt=\"\" width=\"300\" height=\"197\" \/><p id=\"caption-attachment-1551\" class=\"wp-caption-text\">Foto: Kirlly Lima\/Comuni\u00e7\u00e3oPrefeituradoPaudalho<\/p><\/div>\n<h2><span style=\"font-weight: 400\">Conquista<\/span><\/h2>\n<p><span style=\"font-weight: 400\">A secret\u00e1ria ainda destacou a aprova\u00e7\u00e3o da Lei N\u00ba792 que isenta deficientes do pagamento do Imposto Predial Territorial (IPTU) em Paudalho. De acordo com ela, a Lei Municipal s\u00f3 mostra o comprometimento da gest\u00e3o com as necessidades da popula\u00e7\u00e3o. \u201cEm todo o lar que tiver uma pessoa com defici\u00eancia, dentro do perfil de renda, ele poder\u00e1 ser contemplado com a isen\u00e7\u00e3o do IPTU. Foi uma grande vit\u00f3ria\u201d, destacou. <\/span><\/p>\n<h2><span style=\"font-weight: 400\">Planos e a\u00e7\u00f5es em 2018 <\/span><\/h2>\n<p><span style=\"font-weight: 400\">Dois mil 2017 est\u00e1 acabando, mas o trabalho n\u00e3o vai parar. Para 2018, grandes novidades: a reconstru\u00e7\u00e3o do Centro de Refer\u00eancia de Assist\u00eancia Social (CRAS) e do Centro de Refer\u00eancia Especializada de Assist\u00eancia Social (CREAS), a entrega de um ve\u00edculo novo para o programa Bolsa Fam\u00edlia, a inaugura\u00e7\u00e3o do Servi\u00e7o de Conviv\u00eancia totalmente equipado, a compra de equipamentos novos de inform\u00e1tica, a implanta\u00e7\u00e3o do Conselho Municipal de Seguran\u00e7a Alimentar e Nutricional, a implanta\u00e7\u00e3o do programas Crian\u00e7a Feliz, de programas de gera\u00e7\u00e3o de renda com cursos profissionalizantes, entre outras a\u00e7\u00f5es. Valqu\u00edria Marinho encerrou comentando que em 2018 o trabalho continua.<\/span><\/p>\n<h2><span style=\"font-weight: 400\">Servi\u00e7o<\/span><\/h2>\n<p><span style=\"font-weight: 400\">Secretaria de Desenvolvimento e Assist\u00eancia Social <\/span><\/p>\n<p><span style=\"font-weight: 400\">Endere\u00e7o: Rua Santa Tereza \u2013 n\u00ba 92 \u2013 Paudalho (PE)<\/span><\/p>\n","protected":false},"excerpt":{"rendered":"<p>Em menos de um ano, a gest\u00e3o avan\u00e7ou e mostrou que o trabalho pode ser feito com seriedade e compromisso. E um dos alvos da Prefeitura do Paudalho \u00e9 o cuidado com pessoas que necessitam de apoio e est\u00e3o em vulnerabilidade social. Em balan\u00e7o, a secret\u00e1ria de Desenvolvimento e Assist\u00eancia Social, Valqu\u00edria Marinho, comentou que [&hellip;]<\/p>\n","protected":false},"author":4,"featured_media":2166,"comment_status":"open","ping_status":"open","sticky":false,"template":"","format":"standard","meta":{"_jetpack_newsletter_access":"","_jetpack_dont_email_post_to_subs":false,"_jetpack_newsletter_tier_id":0,"_jetpack_memberships_contains_paywalled_content":false,"_jetpack_memberships_contains_paid_content":false,"footnotes":""},"categories":[2,1],"tags":[224,22,124],"class_list":["post-2164","post","type-post","status-publish","format-standard","has-post-thumbnail","hentry","category-destaque","category-noticias","tag-balanco","tag-prefeitura-do-paudalho","tag-secretaria-de-desenvolvimento-e-assistencia-social"],"jetpack_featured_media_url":"https:\/\/www.paudalho.pe.gov.br\/portal\/wp-content\/uploads\/2017\/12\/FB_IMG_1513265997106.jpg","jetpack_sharing_enabled":true,"jetpack_shortlink":"https:\/\/wp.me\/p98mS2-yU","_links":{"self":[{"href":"https:\/\/www.paudalho.pe.gov.br\/portal\/wp-json\/wp\/v2\/posts\/2164","targetHints":{"allow":["GET"]}}],"collection":[{"href":"https:\/\/www.paudalho.pe.gov.br\/portal\/wp-json\/wp\/v2\/posts"}],"about":[{"href":"https:\/\/www.paudalho.pe.gov.br\/portal\/wp-json\/wp\/v2\/types\/post"}],"author":[{"embeddable":true,"href":"https:\/\/www.paudalho.pe.gov.br\/portal\/wp-json\/wp\/v2\/users\/4"}],"replies":[{"embeddable":true,"href":"https:\/\/www.paudalho.pe.gov.br\/portal\/wp-json\/wp\/v2\/comments?post=2164"}],"version-history":[{"count":4,"href":"https:\/\/www.paudalho.pe.gov.br\/portal\/wp-json\/wp\/v2\/posts\/2164\/revisions"}],"predecessor-version":[{"id":2169,"href":"https:\/\/www.paudalho.pe.gov.br\/portal\/wp-json\/wp\/v2\/posts\/2164\/revisions\/2169"}],"wp:featuredmedia":[{"embeddable":true,"href":"https:\/\/www.paudalho.pe.gov.br\/portal\/wp-json\/wp\/v2\/media\/2166"}],"wp:attachment":[{"href":"https:\/\/www.paudalho.pe.gov.br\/portal\/wp-json\/wp\/v2\/media?parent=2164"}],"wp:term":[{"taxonomy":"category","embeddable":true,"href":"https:\/\/www.paudalho.pe.gov.br\/portal\/wp-json\/wp\/v2\/categories?post=2164"},{"taxonomy":"post_tag","embeddable":true,"href":"https:\/\/www.paudalho.pe.gov.br\/portal\/wp-json\/wp\/v2\/tags?post=2164"}],"curies":[{"name":"wp","href":"https:\/\/api.w.org\/{rel}","templated":true}]}}