{"id":21596,"date":"2021-12-22T11:14:25","date_gmt":"2021-12-22T14:14:25","guid":{"rendered":"https:\/\/www.paudalho.pe.gov.br\/portal\/?p=21596"},"modified":"2025-01-08T00:39:16","modified_gmt":"2025-01-08T03:39:16","slug":"prefeitura-do-paudalho-realizara-2o-pedal-natalino-nesta-quarta-feira-22","status":"publish","type":"post","link":"https:\/\/www.paudalho.pe.gov.br\/portal\/prefeitura-do-paudalho-realizara-2o-pedal-natalino-nesta-quarta-feira-22\/","title":{"rendered":"Prefeitura do Paudalho realizar\u00e1  2\u00ba Pedal Natalino nesta quarta-feira (22)"},"content":{"rendered":"\n<p>Na noite desta quarta-feira (22), os ciclistas de Paudalho poder\u00e3o participar de um passeio em celebra\u00e7\u00e3o ao Natal. A Prefeitura do Paudalho promover\u00e1 o <strong>2\u00ba Pedal Natalino<\/strong>, evento que comp\u00f5e a programa\u00e7\u00e3o especial de fim de ano do munic\u00edpio e que tem o objetivo de proporcionar lazer, divers\u00e3o e entretenimento para toda a fam\u00edlia.<\/p>\n\n\n\n<p>A iniciativa tem organiza\u00e7\u00e3o do Governo Municipal em parceira com os grupos de ciclismo Gera\u00e7\u00e3o Sa\u00fade, Alta Press\u00e3o Bike, Ita\u00edba Bike, Pedal Charmoso, Alcateia Bike, Divas do Pedal, Cabral Bike e Os Farrapeiros. O ponto de partida do encontro ser\u00e1 a Academia da Sa\u00fade, situada pr\u00f3ximo ao P\u00e1tio da Feira Prefeito Ulisses Roque, no Centro. O hor\u00e1rio da concentra\u00e7\u00e3o ser\u00e1 \u00e0s 18h e o da sa\u00edda \u00e0s 18h30. A rota inclu\u00edra as principais ruas da Zona Urbana da cidade.<\/p>\n\n\n\n<p>Al\u00e9m de incentivar a pr\u00e1tica de exerc\u00edcios f\u00edsicos, o evento tamb\u00e9m busca despertar a solidariedade dos participantes por meio da arrecada\u00e7\u00e3o de pirulitos e pipocas. Essas guloseimas ser\u00e3o distribu\u00eddas para crian\u00e7as, jovens e adultos ao longo do percurso.<\/p>\n\n\n\n<p>E para entrar no clima festivo, a Prefeitura faz um convite para que os participantes usem roupas que remetam ao Natal, como pe\u00e7as nas cores vermelho e verde, touca de Papai Noel, entre outros s\u00edmbolos caracter\u00edsticos. Em preven\u00e7\u00e3o ao cont\u00e1gio da covid-19, tamb\u00e9m \u00e9 recomend\u00e1vel o uso de m\u00e1scara e o respeito aos protocolos sanit\u00e1rios.<\/p>\n","protected":false},"excerpt":{"rendered":"<p>Na noite desta quarta-feira (22), os ciclistas de Paudalho poder\u00e3o participar de um passeio em celebra\u00e7\u00e3o ao Natal. A Prefeitura do Paudalho promover\u00e1 o 2\u00ba Pedal Natalino, evento que comp\u00f5e a programa\u00e7\u00e3o especial de fim de ano do munic\u00edpio e que tem o objetivo de proporcionar lazer, divers\u00e3o e entretenimento para toda a fam\u00edlia. A [&hellip;]<\/p>\n","protected":false},"author":6,"featured_media":21593,"comment_status":"open","ping_status":"open","sticky":false,"template":"","format":"standard","meta":{"_jetpack_newsletter_access":"","_jetpack_dont_email_post_to_subs":false,"_jetpack_newsletter_tier_id":0,"_jetpack_memberships_contains_paywalled_content":false,"_jetpack_memberships_contains_paid_content":false,"footnotes":""},"categories":[2,1,3],"tags":[854,855,852,22],"class_list":["post-21596","post","type-post","status-publish","format-standard","has-post-thumbnail","hentry","category-destaque","category-noticias","category-saude","tag-bicicleta","tag-natal-2021","tag-pedal-natalino","tag-prefeitura-do-paudalho"],"jetpack_featured_media_url":"https:\/\/www.paudalho.pe.gov.br\/portal\/wp-content\/uploads\/2021\/12\/Pedalada-Natalina-em-Paudalho.jpeg","jetpack_sharing_enabled":true,"jetpack_shortlink":"https:\/\/wp.me\/p98mS2-5Ck","_links":{"self":[{"href":"https:\/\/www.paudalho.pe.gov.br\/portal\/wp-json\/wp\/v2\/posts\/21596","targetHints":{"allow":["GET"]}}],"collection":[{"href":"https:\/\/www.paudalho.pe.gov.br\/portal\/wp-json\/wp\/v2\/posts"}],"about":[{"href":"https:\/\/www.paudalho.pe.gov.br\/portal\/wp-json\/wp\/v2\/types\/post"}],"author":[{"embeddable":true,"href":"https:\/\/www.paudalho.pe.gov.br\/portal\/wp-json\/wp\/v2\/users\/6"}],"replies":[{"embeddable":true,"href":"https:\/\/www.paudalho.pe.gov.br\/portal\/wp-json\/wp\/v2\/comments?post=21596"}],"version-history":[{"count":4,"href":"https:\/\/www.paudalho.pe.gov.br\/portal\/wp-json\/wp\/v2\/posts\/21596\/revisions"}],"predecessor-version":[{"id":21605,"href":"https:\/\/www.paudalho.pe.gov.br\/portal\/wp-json\/wp\/v2\/posts\/21596\/revisions\/21605"}],"wp:featuredmedia":[{"embeddable":true,"href":"https:\/\/www.paudalho.pe.gov.br\/portal\/wp-json\/wp\/v2\/media\/21593"}],"wp:attachment":[{"href":"https:\/\/www.paudalho.pe.gov.br\/portal\/wp-json\/wp\/v2\/media?parent=21596"}],"wp:term":[{"taxonomy":"category","embeddable":true,"href":"https:\/\/www.paudalho.pe.gov.br\/portal\/wp-json\/wp\/v2\/categories?post=21596"},{"taxonomy":"post_tag","embeddable":true,"href":"https:\/\/www.paudalho.pe.gov.br\/portal\/wp-json\/wp\/v2\/tags?post=21596"}],"curies":[{"name":"wp","href":"https:\/\/api.w.org\/{rel}","templated":true}]}}