{"id":21532,"date":"2021-12-21T11:44:49","date_gmt":"2021-12-21T14:44:49","guid":{"rendered":"https:\/\/www.paudalho.pe.gov.br\/portal\/?p=21532"},"modified":"2025-01-08T00:39:16","modified_gmt":"2025-01-08T03:39:16","slug":"prefeitura-do-paudalho-abre-edital-de-chamamento-publico-para-selecao-de-propostas-artisticas-locais","status":"publish","type":"post","link":"https:\/\/www.paudalho.pe.gov.br\/portal\/prefeitura-do-paudalho-abre-edital-de-chamamento-publico-para-selecao-de-propostas-artisticas-locais\/","title":{"rendered":"Prefeitura do Paudalho abre edital de chamamento p\u00fablico para sele\u00e7\u00e3o de propostas art\u00edsticas locais"},"content":{"rendered":"\n<p>A Prefeitura do Paudalho, por meio da Secretaria Municipal de Cultura, Turismo, Lazer e Juventude, divulga nesta ter\u00e7a-feira (21), a abertura das inscri\u00e7\u00f5es para a habilita\u00e7\u00e3o de propostas de atra\u00e7\u00f5es art\u00edsticas locais para compor a grade de apresenta\u00e7\u00f5es das festividades art\u00edsticas e culturais do munic\u00edpio no ano de 2022. <\/p>\n\n\n\n<p>O per\u00edodo de inscri\u00e7\u00e3o prosseguir\u00e1 at\u00e9 o dia 05 de janeiro. O cadastro deve ser realizado de forma presencial na sede da Secretaria, situada no P\u00e1tio de Eventos Beira Rio Pio Guerra, Avenida Luiz Maranh\u00e3o, localizada no Centro da cidade. O atendimento ao p\u00fablico no local estar\u00e1 dispon\u00edvel de segunda a sexta, das 8h \u00e0s 16h. O Edital da Convocat\u00f3ria e seus anexos estar\u00e3o \u00e0 disposi\u00e7\u00e3o dos interessados no endere\u00e7o citado.\u00a0<\/p>\n\n\n\n<p><\/p>\n","protected":false},"excerpt":{"rendered":"<p>A Prefeitura do Paudalho, por meio da Secretaria Municipal de Cultura, Turismo, Lazer e Juventude, divulga nesta ter\u00e7a-feira (21), a abertura das inscri\u00e7\u00f5es para a habilita\u00e7\u00e3o de propostas de atra\u00e7\u00f5es art\u00edsticas locais para compor a grade de apresenta\u00e7\u00f5es das festividades art\u00edsticas e culturais do munic\u00edpio no ano de 2022. O per\u00edodo de inscri\u00e7\u00e3o prosseguir\u00e1 at\u00e9 [&hellip;]<\/p>\n","protected":false},"author":6,"featured_media":21555,"comment_status":"open","ping_status":"open","sticky":false,"template":"","format":"standard","meta":{"_jetpack_newsletter_access":"","_jetpack_dont_email_post_to_subs":false,"_jetpack_newsletter_tier_id":0,"_jetpack_memberships_contains_paywalled_content":false,"_jetpack_memberships_contains_paid_content":false,"footnotes":""},"categories":[6,2,1],"tags":[690,22],"class_list":["post-21532","post","type-post","status-publish","format-standard","has-post-thumbnail","hentry","category-cultura","category-destaque","category-noticias","tag-chamada-publica","tag-prefeitura-do-paudalho"],"jetpack_featured_media_url":"https:\/\/www.paudalho.pe.gov.br\/portal\/wp-content\/uploads\/2021\/12\/Artista-paudalhense.jpeg","jetpack_sharing_enabled":true,"jetpack_shortlink":"https:\/\/wp.me\/p98mS2-5Bi","_links":{"self":[{"href":"https:\/\/www.paudalho.pe.gov.br\/portal\/wp-json\/wp\/v2\/posts\/21532","targetHints":{"allow":["GET"]}}],"collection":[{"href":"https:\/\/www.paudalho.pe.gov.br\/portal\/wp-json\/wp\/v2\/posts"}],"about":[{"href":"https:\/\/www.paudalho.pe.gov.br\/portal\/wp-json\/wp\/v2\/types\/post"}],"author":[{"embeddable":true,"href":"https:\/\/www.paudalho.pe.gov.br\/portal\/wp-json\/wp\/v2\/users\/6"}],"replies":[{"embeddable":true,"href":"https:\/\/www.paudalho.pe.gov.br\/portal\/wp-json\/wp\/v2\/comments?post=21532"}],"version-history":[{"count":15,"href":"https:\/\/www.paudalho.pe.gov.br\/portal\/wp-json\/wp\/v2\/posts\/21532\/revisions"}],"predecessor-version":[{"id":21588,"href":"https:\/\/www.paudalho.pe.gov.br\/portal\/wp-json\/wp\/v2\/posts\/21532\/revisions\/21588"}],"wp:featuredmedia":[{"embeddable":true,"href":"https:\/\/www.paudalho.pe.gov.br\/portal\/wp-json\/wp\/v2\/media\/21555"}],"wp:attachment":[{"href":"https:\/\/www.paudalho.pe.gov.br\/portal\/wp-json\/wp\/v2\/media?parent=21532"}],"wp:term":[{"taxonomy":"category","embeddable":true,"href":"https:\/\/www.paudalho.pe.gov.br\/portal\/wp-json\/wp\/v2\/categories?post=21532"},{"taxonomy":"post_tag","embeddable":true,"href":"https:\/\/www.paudalho.pe.gov.br\/portal\/wp-json\/wp\/v2\/tags?post=21532"}],"curies":[{"name":"wp","href":"https:\/\/api.w.org\/{rel}","templated":true}]}}