{"id":2153,"date":"2017-12-12T12:48:16","date_gmt":"2017-12-12T15:48:16","guid":{"rendered":"http:\/\/www.paudalho.pe.gov.br\/portal\/?p=2153"},"modified":"2017-12-14T20:55:37","modified_gmt":"2017-12-14T23:55:37","slug":"secretario-de-cultura-faz-balanco-de-gestao-e-assegura-festa-de-sao-sebastiao-e-carnaval-2018","status":"publish","type":"post","link":"https:\/\/www.paudalho.pe.gov.br\/portal\/secretario-de-cultura-faz-balanco-de-gestao-e-assegura-festa-de-sao-sebastiao-e-carnaval-2018\/","title":{"rendered":"Secret\u00e1rio de Cultura faz balan\u00e7o de gest\u00e3o e assegura Festa de S\u00e3o Sebasti\u00e3o e Carnaval 2018"},"content":{"rendered":"<p>Em menos de um ano de gest\u00e3o, a Prefeitura do Paudalho tem avan\u00e7ando e mesmo com a crise financeira tem realizado diversas obras. \u00c9 muito trabalho na Educa\u00e7\u00e3o, Sa\u00fade, Esporte, Assist\u00eancia Social e Obras. O secret\u00e1rio de Cultura, Turismo e Esportes, Jobson Oliveira, fez um balan\u00e7o sobre o primeiro ano de gest\u00e3o \u00e0 frente da pasta. Ele comentou que mesmo com as dificuldades, diversas a\u00e7\u00f5es foram realizadas. \u201cEu analiso positivo diante das dificuldades encontradas&#8230; A gente pegou uma \u201ccasa\u201d sem \u201creboco\u201d sem \u201ctelhado, s\u00f3 com as \u201cparedes\u201d e precisava entrar dentro dessa casa. Ent\u00e3o qual a prioridade? A prioridade \u00e9 voc\u00ea cobrir a casa&#8230;A cobertura da casa era o que? Investir em Educa\u00e7\u00e3o e principalmente em Sa\u00fade, porque a Sa\u00fade em Paudalho estava um caos. \u201cEnt\u00e3o, coberta a \u201ccasa\u201d depois a gente vai tratar do reboco\u201d, comentou.<\/p>\n<p>O secret\u00e1rio ainda destacou que as dificuldades n\u00e3o impediram \u00e0 gest\u00e3o de promover divers\u00e3o, lazer e o bem-estar da popula\u00e7\u00e3o. \u201cMesmo com muita dificuldade a gente conseguiu fazer um grande Carnaval, n\u00f3s fizemos sem sombra de d\u00favidas o melhor S\u00e3o Jo\u00e3o de todos os tempos mesmo&#8230; E esses outros detalhes que voc\u00ea falou: a Semana da Crian\u00e7a que foi uma coisa in\u00e9dita e o canta Paudalho tamb\u00e9m in\u00e9dito. E a gente vai tentando fazer com poucos recursos com que o dinheiro do povo volte para o povo, n\u00e9? Atrav\u00e9s da Educa\u00e7\u00e3o, atrav\u00e9s da Sa\u00fade, mas tamb\u00e9m atrav\u00e9s do Lazer, o povo tamb\u00e9m precisa do Lazer.<\/p>\n<h2>Festa de S\u00e3o Sebasti\u00e3o<\/h2>\n<p>A tradicional Festa de S\u00e3o Sebasti\u00e3o ocorrer\u00e1 entre os dias 19 e 28 de janeiro e j\u00e1 tem lugar cativo no calend\u00e1rio dos paudalhenses. Sobre o evento, Jobson Oliveira destacou que a celebra\u00e7\u00e3o est\u00e1 assegurada. \u201cS\u00e3o Sebasti\u00e3o termina dia 28&#8230;Tudo assegurado e em breve a gente estar\u00e1 lan\u00e7ando a programa\u00e7\u00e3o como os paudalhenses merecem\u201d, disse.<\/p>\n<h2>Carnaval 2018<\/h2>\n<p>Mostrando comprometimento, a Secretaria de Cultura, Turismo e Esporte realiza nesta quarta-feira (13) uma reuni\u00e3o com representantes de clubes, maracatus, caboclinhos, bois, blocos l\u00edricos e demais agremia\u00e7\u00f5es para o come\u00e7o da organiza\u00e7\u00e3o da festa momesca na cidade. O evento ocorre no P\u00e1tio da Feira Prefeito Ulisses Roque, \u00e0s 19h. Jobson Oliveira deixou um convite \u00e0 popula\u00e7\u00e3o. \u201cEu quero convidar voc\u00ea que \u00e9 propriet\u00e1rio, faz parte de bloco, tanto faz se voc\u00ea saiu esse ano, ou n\u00e3o saiu&#8230;Venha para a nossa reuni\u00e3o \u00e9 muito importante sua presen\u00e7a amanh\u00e3&#8230;Vamos fazer um grande Carnaval em 2018\u201d, falou.<\/p>\n","protected":false},"excerpt":{"rendered":"<p>Em menos de um ano de gest\u00e3o, a Prefeitura do Paudalho tem avan\u00e7ando e mesmo com a crise financeira tem realizado diversas obras. \u00c9 muito trabalho na Educa\u00e7\u00e3o, Sa\u00fade, Esporte, Assist\u00eancia Social e Obras. O secret\u00e1rio de Cultura, Turismo e Esportes, Jobson Oliveira, fez um balan\u00e7o sobre o primeiro ano de gest\u00e3o \u00e0 frente da [&hellip;]<\/p>\n","protected":false},"author":4,"featured_media":2154,"comment_status":"open","ping_status":"open","sticky":false,"template":"","format":"standard","meta":{"_jetpack_newsletter_access":"","_jetpack_dont_email_post_to_subs":false,"_jetpack_newsletter_tier_id":0,"_jetpack_memberships_contains_paywalled_content":false,"_jetpack_memberships_contains_paid_content":false,"footnotes":""},"categories":[6,2],"tags":[38,223,196],"class_list":["post-2153","post","type-post","status-publish","format-standard","has-post-thumbnail","hentry","category-cultura","category-destaque","tag-carnaval","tag-festa-de-sao-sebastiao","tag-secretaria-de-cultura"],"jetpack_featured_media_url":"https:\/\/www.paudalho.pe.gov.br\/portal\/wp-content\/uploads\/2017\/12\/9216114e-3252-4de6-92a6-edb2f0864451.jpg","jetpack_sharing_enabled":true,"jetpack_shortlink":"https:\/\/wp.me\/p98mS2-yJ","_links":{"self":[{"href":"https:\/\/www.paudalho.pe.gov.br\/portal\/wp-json\/wp\/v2\/posts\/2153","targetHints":{"allow":["GET"]}}],"collection":[{"href":"https:\/\/www.paudalho.pe.gov.br\/portal\/wp-json\/wp\/v2\/posts"}],"about":[{"href":"https:\/\/www.paudalho.pe.gov.br\/portal\/wp-json\/wp\/v2\/types\/post"}],"author":[{"embeddable":true,"href":"https:\/\/www.paudalho.pe.gov.br\/portal\/wp-json\/wp\/v2\/users\/4"}],"replies":[{"embeddable":true,"href":"https:\/\/www.paudalho.pe.gov.br\/portal\/wp-json\/wp\/v2\/comments?post=2153"}],"version-history":[{"count":3,"href":"https:\/\/www.paudalho.pe.gov.br\/portal\/wp-json\/wp\/v2\/posts\/2153\/revisions"}],"predecessor-version":[{"id":2171,"href":"https:\/\/www.paudalho.pe.gov.br\/portal\/wp-json\/wp\/v2\/posts\/2153\/revisions\/2171"}],"wp:featuredmedia":[{"embeddable":true,"href":"https:\/\/www.paudalho.pe.gov.br\/portal\/wp-json\/wp\/v2\/media\/2154"}],"wp:attachment":[{"href":"https:\/\/www.paudalho.pe.gov.br\/portal\/wp-json\/wp\/v2\/media?parent=2153"}],"wp:term":[{"taxonomy":"category","embeddable":true,"href":"https:\/\/www.paudalho.pe.gov.br\/portal\/wp-json\/wp\/v2\/categories?post=2153"},{"taxonomy":"post_tag","embeddable":true,"href":"https:\/\/www.paudalho.pe.gov.br\/portal\/wp-json\/wp\/v2\/tags?post=2153"}],"curies":[{"name":"wp","href":"https:\/\/api.w.org\/{rel}","templated":true}]}}