{"id":21521,"date":"2021-12-22T11:39:32","date_gmt":"2021-12-22T14:39:32","guid":{"rendered":"https:\/\/www.paudalho.pe.gov.br\/portal\/?p=21521"},"modified":"2025-01-08T00:39:16","modified_gmt":"2025-01-08T03:39:16","slug":"ibge-abre-edital-com-vagas-temporarias-para-o-censo-2022-confira-as-oportunidades-em-paudalho","status":"publish","type":"post","link":"https:\/\/www.paudalho.pe.gov.br\/portal\/ibge-abre-edital-com-vagas-temporarias-para-o-censo-2022-confira-as-oportunidades-em-paudalho\/","title":{"rendered":"IBGE abre editais com vagas tempor\u00e1rias para o Censo 2022. Confira as oportunidades em Paudalho"},"content":{"rendered":"\n<p>Durante este m\u00eas, o Instituto Brasileiro de Geografia e Estat\u00edstica (IBGE) publicou quatro editais para contrata\u00e7\u00e3o tempor\u00e1ria de recenseadores, agentes censit\u00e1rios e coordenadores censit\u00e1rios para o <strong>Censo Demogr\u00e1fico 2022<\/strong>. Ao todo, est\u00e3o sendo disponibilizadas 206.891 vagas distribu\u00eddas por todo o Brasil, sendo 9.060 destinadas para o estado de Pernambuco.&nbsp;<\/p>\n\n\n\n<p>As oportunidades s\u00e3o tanto para candidatos com n\u00edvel de escolaridade fundamental como para n\u00edvel m\u00e9dio. Em Paudalho, est\u00e3o dispon\u00edveis 44 vagas para a fun\u00e7\u00e3o de recenseador, 05 para a de agente censit\u00e1rio supervisor (ACS) e 01 para a de agente censit\u00e1rio municipal (ACS). A expectativa \u00e9 que as provas sejam aplicadas no dia 27 de mar\u00e7o de 2022.&nbsp;<\/p>\n\n\n\n<h3 class=\"wp-block-heading\"><strong>Sal\u00e1rio<\/strong><\/h3>\n\n\n\n<p>O valor dos sal\u00e1rios varia conforme os cargos. A remunera\u00e7\u00e3o para a fun\u00e7\u00e3o de ACS ser\u00e1 de R$ 2.100,00 e para ACM de R$ 1.700,00, ambos com carga de 40 horas semanais (oito horas di\u00e1rias). Outros direitos tamb\u00e9m ser\u00e3o inclu\u00eddos, como: aux\u00edlio-transporte, aux\u00edlio-alimenta\u00e7\u00e3o, aux\u00edlio pr\u00e9-escola, f\u00e9rias e 13\u00ba proporcionais. J\u00e1 para os recenseadores, o sal\u00e1rio ser\u00e1 vari\u00e1vel de acordo com a produ\u00e7\u00e3o.<\/p>\n\n\n\n<p>Al\u00e9m desses cargos, tamb\u00e9m est\u00e3o abertos os editais para a fun\u00e7\u00e3o de coordenador censit\u00e1rio de \u00e1rea (CCA), com sal\u00e1rio de R$ 3.677,27, e de agente censit\u00e1rio de administra\u00e7\u00e3o e inform\u00e1tica (ACAI), com remunera\u00e7\u00e3o de R$ 1.700,00. Esses processos simplificados tem como banca organizadora o <a href=\"https:\/\/www.ibfc.org.br\/menus\/inscricoes_online\" target=\"_blank\" rel=\"noreferrer noopener\">Instituto Brasileiro de Forma\u00e7\u00e3o e Capacita\u00e7\u00e3o (IBFC)<\/a>.&nbsp;&nbsp;<\/p>\n\n\n\n<h3 class=\"wp-block-heading\"><strong>Inscri\u00e7\u00f5es<\/strong><\/h3>\n\n\n\n<p>As inscri\u00e7\u00f5es para as fun\u00e7\u00f5es de agente censit\u00e1rio supervisor, agente censit\u00e1rio municipal e recenseador dever\u00e3o ser realizadas por meio do <a rel=\"noreferrer noopener\" href=\"https:\/\/conhecimento.fgv.br\/concursos\/ibgepss21\" target=\"_blank\">site da Funda\u00e7\u00e3o Get\u00falio Vargas Conhecimento<\/a> at\u00e9 \u00e0s 16h do dia 29 de dezembro. Para a vaga de recenseador s\u00e3o cobrados R$ 57,50 de taxa de inscri\u00e7\u00e3o e para de ACS e ACM a quantia de R$ 60,50. <\/p>\n\n\n\n<p>J\u00e1 as inscri\u00e7\u00f5es para o cargo de CAA e ACAI devem ser realizadas no <a rel=\"noreferrer noopener\" href=\"https:\/\/www.ibfc.org.br\/menus\/inscricoes_online\" target=\"_blank\">site do Instituto Brasileiro de Forma\u00e7\u00e3o e Capacita\u00e7\u00e3o (IBFC)<\/a> at\u00e9 o dia 10 de janeiro. As taxas s\u00e3o nos valores de R$ 66 e R$ 44, respectivamente. Candidatos que forem cadastrados no Cadastro \u00danico para Programas Sociais do Governo Federal, o Cad\u00danico, podem solicitar isen\u00e7\u00e3o.<\/p>\n\n\n\n<p><em>Para mais informa\u00e7\u00f5es, acesse <a href=\"https:\/\/conhecimento.fgv.br\/concursos\/ibgepss21\" target=\"_blank\" rel=\"noreferrer noopener\">https:\/\/conhecimento.fgv.br\/concursos\/ibgepss21<\/a> ou <a rel=\"noreferrer noopener\" href=\"https:\/\/www.ibfc.org.br\/menus\/inscricoes_online\" target=\"_blank\">https:\/\/www.ibfc.org.br\/menus\/inscricoes_online<\/a><\/em><\/p>\n\n\n\n<h3 class=\"wp-block-heading\"><strong>Censo 2022<\/strong><\/h3>\n\n\n\n<p>O Censo Demogr\u00e1fico \u00e9 uma das principais pesquisas feitas pelo Instituto Brasileiro de Geografia e Estat\u00edstica (IBGE). Realizada a cada 10 anos, ela tem como finalidade contar a popula\u00e7\u00e3o e obter informa\u00e7\u00f5es sobre as principais caracter\u00edsticas dos habitantes e de seus domic\u00edlios. O levantamento verifica a distribui\u00e7\u00e3o territorial no pa\u00eds e a evolu\u00e7\u00e3o de seu quantitativo ao longo do tempo. A previs\u00e3o \u00e9 que o Censo 2022 dure tr\u00eas meses e que comece em junho de 2022.<\/p>\n\n\n\n<p><em>Com informa\u00e7\u00f5es do <a rel=\"noreferrer noopener\" href=\"https:\/\/www.ibge.gov.br\/noticia.html?id=32569\" target=\"_blank\">Portal do Instituto Brasileiro de Geografia e Estat\u00edstica (IBGE)<\/a>. Foto: Divulga\u00e7\u00e3o\/IBGE.<\/em><\/p>\n","protected":false},"excerpt":{"rendered":"<p>Durante este m\u00eas, o Instituto Brasileiro de Geografia e Estat\u00edstica (IBGE) publicou quatro editais para contrata\u00e7\u00e3o tempor\u00e1ria de recenseadores, agentes censit\u00e1rios e coordenadores censit\u00e1rios para o Censo Demogr\u00e1fico 2022. Ao todo, est\u00e3o sendo disponibilizadas 206.891 vagas distribu\u00eddas por todo o Brasil, sendo 9.060 destinadas para o estado de Pernambuco.&nbsp; As oportunidades s\u00e3o tanto para candidatos [&hellip;]<\/p>\n","protected":false},"author":6,"featured_media":21561,"comment_status":"open","ping_status":"open","sticky":false,"template":"","format":"standard","meta":{"_jetpack_newsletter_access":"","_jetpack_dont_email_post_to_subs":false,"_jetpack_newsletter_tier_id":0,"_jetpack_memberships_contains_paywalled_content":false,"_jetpack_memberships_contains_paid_content":false,"footnotes":""},"categories":[2,5,1,753],"tags":[618,22,849],"class_list":["post-21521","post","type-post","status-publish","format-standard","has-post-thumbnail","hentry","category-destaque","category-emprego","category-noticias","category-qualificacao-profissional","tag-ibge","tag-prefeitura-do-paudalho","tag-processo-seletivo-simplificado"],"jetpack_featured_media_url":"https:\/\/www.paudalho.pe.gov.br\/portal\/wp-content\/uploads\/2021\/12\/ibge.jpg","jetpack_sharing_enabled":true,"jetpack_shortlink":"https:\/\/wp.me\/p98mS2-5B7","_links":{"self":[{"href":"https:\/\/www.paudalho.pe.gov.br\/portal\/wp-json\/wp\/v2\/posts\/21521","targetHints":{"allow":["GET"]}}],"collection":[{"href":"https:\/\/www.paudalho.pe.gov.br\/portal\/wp-json\/wp\/v2\/posts"}],"about":[{"href":"https:\/\/www.paudalho.pe.gov.br\/portal\/wp-json\/wp\/v2\/types\/post"}],"author":[{"embeddable":true,"href":"https:\/\/www.paudalho.pe.gov.br\/portal\/wp-json\/wp\/v2\/users\/6"}],"replies":[{"embeddable":true,"href":"https:\/\/www.paudalho.pe.gov.br\/portal\/wp-json\/wp\/v2\/comments?post=21521"}],"version-history":[{"count":23,"href":"https:\/\/www.paudalho.pe.gov.br\/portal\/wp-json\/wp\/v2\/posts\/21521\/revisions"}],"predecessor-version":[{"id":21606,"href":"https:\/\/www.paudalho.pe.gov.br\/portal\/wp-json\/wp\/v2\/posts\/21521\/revisions\/21606"}],"wp:featuredmedia":[{"embeddable":true,"href":"https:\/\/www.paudalho.pe.gov.br\/portal\/wp-json\/wp\/v2\/media\/21561"}],"wp:attachment":[{"href":"https:\/\/www.paudalho.pe.gov.br\/portal\/wp-json\/wp\/v2\/media?parent=21521"}],"wp:term":[{"taxonomy":"category","embeddable":true,"href":"https:\/\/www.paudalho.pe.gov.br\/portal\/wp-json\/wp\/v2\/categories?post=21521"},{"taxonomy":"post_tag","embeddable":true,"href":"https:\/\/www.paudalho.pe.gov.br\/portal\/wp-json\/wp\/v2\/tags?post=21521"}],"curies":[{"name":"wp","href":"https:\/\/api.w.org\/{rel}","templated":true}]}}