{"id":2145,"date":"2017-12-12T12:04:29","date_gmt":"2017-12-12T15:04:29","guid":{"rendered":"http:\/\/www.paudalho.pe.gov.br\/portal\/?p=2145"},"modified":"2017-12-14T20:54:23","modified_gmt":"2017-12-14T23:54:23","slug":"confira-a-ordem-de-apresentacao-dos-finalistas-do-canta-paudalho","status":"publish","type":"post","link":"https:\/\/www.paudalho.pe.gov.br\/portal\/confira-a-ordem-de-apresentacao-dos-finalistas-do-canta-paudalho\/","title":{"rendered":"Confira a ordem de apresenta\u00e7\u00e3o dos finalistas do Canta Paudalho"},"content":{"rendered":"<p>Depois de tr\u00eas meses de concurso, o Munic\u00edpio conhecer\u00e1 neste domingo (17) o grande vencedor do Canta Paudalho. A competi\u00e7\u00e3o come\u00e7ou com 45 candidatos que se apresentaram nos mais diversos estilos como: gospel, MPB, brega, sertanejo, entre outros.<\/p>\n<p>Nesta ter\u00e7a-feira (12) a Secretaria de Cultura, Turismo e Esportes por meio do secret\u00e1rio Jobson Oliveira realizou o sorteio em rede social para tornar a disputa ainda mais transparente. Al\u00e9m disso, ensaios com os 10 finalistas ocorreram nesta segunda-feira (11) para melhorar ainda mais a qualidade das apresenta\u00e7\u00f5es que j\u00e1 t\u00eam superado as expectativas. O secret\u00e1rio falou dos preparativos para a grande final. \u201cO pessoal pode esperar um show. Eu tive a oportunidade de ver alguns artistas ensaiando e estou muito otimista, vai ser realmente diferenciado, vai ser um show, um verdadeiro show\u201d, adiantou. Entre os pr\u00eamios, o vencedor vai levar para casa uma grava\u00e7\u00e3o de CD.<\/p>\n<p>Confira a ordem:<\/p>\n<ul>\n<li>Detran do Brega<\/li>\n<li>Jo\u00e3o Victor<\/li>\n<li>Deni\u00eare Martins<\/li>\n<li>Jo\u00e3o e Henrique<\/li>\n<li>M\u00e1rio Medim<\/li>\n<li>Lauren dos Santos<\/li>\n<li>Ninho Pernambucano<\/li>\n<li>Dagm\u00e1rcia Felix<\/li>\n<li>Douglas<\/li>\n<li>Dig\u00e3o Freitas<\/li>\n<\/ul>\n<h2>Balan\u00e7o do ano<\/h2>\n<p>Em sua fala, o secret\u00e1rio Jobson Oliveira ainda fez um balan\u00e7o sobre o primeiro ano de gest\u00e3o \u00e0 frente da pasta. Ele comentou que mesmo com as dificuldades, diversas a\u00e7\u00f5es foram realizadas. \u201cEu analiso positivo diante das dificuldades encontradas&#8230; A gente pegou uma \u201ccasa\u201d sem \u201creboco\u201d sem \u201ctelhado, s\u00f3 com as \u201cparedes\u201d e precisava entrar dentro dessa casa. Ent\u00e3o qual a prioridade? A prioridade \u00e9 voc\u00ea cobrir a casa&#8230;A cobertura da casa era o que? Investir em Educa\u00e7\u00e3o e principalmente em Sa\u00fade, porque a Sa\u00fade em Paudalho estava um caos. \u201cEnt\u00e3o, coberta a \u201ccasa\u201d depois a gente vai tratar do reboco\u201d, comentou.<\/p>\n<p>Mas, o secret\u00e1rio ainda destacou que as dificuldades n\u00e3o impediram a pasta de promover divers\u00e3o, lazer e o bem-estar da popula\u00e7\u00e3o. \u201cMesmo com muita dificuldade a gente conseguiu fazer um grande Carnaval, n\u00f3s fizemos sem sombra de d\u00favidas o melhor S\u00e3o Jo\u00e3o de todos os tempos mesmo&#8230; E esses outros detalhes que voc\u00ea falou: a Semana da Crian\u00e7a que foi uma coisa in\u00e9dita e o canta Paudalho tamb\u00e9m in\u00e9dito. E a gente vai tentando fazer com poucos recursos com que o dinheiro do povo volte para o povo, n\u00e9? Atrav\u00e9s da Educa\u00e7\u00e3o, atrav\u00e9s da Sa\u00fade, mas tamb\u00e9m atrav\u00e9s do Lazer, o povo tamb\u00e9m precisa do Lazer.<\/p>\n<div id=\"attachment_1551\" style=\"width: 310px\" class=\"wp-caption alignnone\"><img loading=\"lazy\" decoding=\"async\" aria-describedby=\"caption-attachment-1551\" data-attachment-id=\"1551\" data-permalink=\"https:\/\/www.paudalho.pe.gov.br\/portal\/no-dia-das-criancas-prefeitura-oferece-programacao-recheada-e-parque-de-diversao-para-todas-a-garotada\/d16dff19-ceb0-4516-b05b-15bebfdf656d\/\" data-orig-file=\"https:\/\/www.paudalho.pe.gov.br\/portal\/wp-content\/uploads\/2017\/10\/d16dff19-ceb0-4516-b05b-15bebfdf656d.jpg\" data-orig-size=\"1280,720\" data-comments-opened=\"1\" data-image-meta=\"{&quot;aperture&quot;:&quot;0&quot;,&quot;credit&quot;:&quot;&quot;,&quot;camera&quot;:&quot;&quot;,&quot;caption&quot;:&quot;&quot;,&quot;created_timestamp&quot;:&quot;0&quot;,&quot;copyright&quot;:&quot;&quot;,&quot;focal_length&quot;:&quot;0&quot;,&quot;iso&quot;:&quot;0&quot;,&quot;shutter_speed&quot;:&quot;0&quot;,&quot;title&quot;:&quot;&quot;,&quot;orientation&quot;:&quot;0&quot;}\" data-image-title=\"d16dff19-ceb0-4516-b05b-15bebfdf656d\" data-image-description=\"\" data-image-caption=\"&lt;p&gt;Foto: Kirlly Lima\/Comuni\u00e7\u00e3oPrefeituradoPaudalho&lt;\/p&gt;\n\" data-medium-file=\"https:\/\/www.paudalho.pe.gov.br\/portal\/wp-content\/uploads\/2017\/10\/d16dff19-ceb0-4516-b05b-15bebfdf656d-350x230.jpg\" data-large-file=\"https:\/\/www.paudalho.pe.gov.br\/portal\/wp-content\/uploads\/2017\/10\/d16dff19-ceb0-4516-b05b-15bebfdf656d-800x450.jpg\" class=\"size-medium wp-image-1551\" src=\"http:\/\/www.paudalho.pe.gov.br\/portal\/wp-content\/uploads\/2017\/10\/d16dff19-ceb0-4516-b05b-15bebfdf656d-350x230.jpg\" alt=\"\" width=\"300\" height=\"197\" \/><p id=\"caption-attachment-1551\" class=\"wp-caption-text\">Imagem da Semana da Crian\u00e7a\/ Foto: Kirlly Lima\/PMP<\/p><\/div>\n<div id=\"attachment_2146\" style=\"width: 310px\" class=\"wp-caption alignnone\"><img loading=\"lazy\" decoding=\"async\" aria-describedby=\"caption-attachment-2146\" data-attachment-id=\"2146\" data-permalink=\"https:\/\/www.paudalho.pe.gov.br\/portal\/confira-a-ordem-de-apresentacao-dos-finalistas-do-canta-paudalho\/19430090_739141952876223_1371264045834513618_n\/\" data-orig-file=\"https:\/\/www.paudalho.pe.gov.br\/portal\/wp-content\/uploads\/2017\/12\/19430090_739141952876223_1371264045834513618_n.jpg\" data-orig-size=\"960,640\" data-comments-opened=\"1\" data-image-meta=\"{&quot;aperture&quot;:&quot;0&quot;,&quot;credit&quot;:&quot;&quot;,&quot;camera&quot;:&quot;&quot;,&quot;caption&quot;:&quot;&quot;,&quot;created_timestamp&quot;:&quot;0&quot;,&quot;copyright&quot;:&quot;&quot;,&quot;focal_length&quot;:&quot;0&quot;,&quot;iso&quot;:&quot;0&quot;,&quot;shutter_speed&quot;:&quot;0&quot;,&quot;title&quot;:&quot;&quot;,&quot;orientation&quot;:&quot;0&quot;}\" data-image-title=\"19430090_739141952876223_1371264045834513618_n\" data-image-description=\"\" data-image-caption=\"&lt;p&gt;Imagem do S\u00e3o Jo\u00e3o\/ Foto: Isak de Castro\/PMP&lt;\/p&gt;\n\" data-medium-file=\"https:\/\/www.paudalho.pe.gov.br\/portal\/wp-content\/uploads\/2017\/12\/19430090_739141952876223_1371264045834513618_n-350x230.jpg\" data-large-file=\"https:\/\/www.paudalho.pe.gov.br\/portal\/wp-content\/uploads\/2017\/12\/19430090_739141952876223_1371264045834513618_n-800x450.jpg\" class=\"size-medium wp-image-2146\" src=\"http:\/\/www.paudalho.pe.gov.br\/portal\/wp-content\/uploads\/2017\/12\/19430090_739141952876223_1371264045834513618_n-350x230.jpg\" alt=\"\" width=\"300\" height=\"197\" \/><p id=\"caption-attachment-2146\" class=\"wp-caption-text\">Imagem do S\u00e3o Jo\u00e3o\/ Foto: Isak de Castro\/PMP<\/p><\/div>\n<div id=\"attachment_2147\" style=\"width: 310px\" class=\"wp-caption alignnone\"><img loading=\"lazy\" decoding=\"async\" aria-describedby=\"caption-attachment-2147\" data-attachment-id=\"2147\" data-permalink=\"https:\/\/www.paudalho.pe.gov.br\/portal\/confira-a-ordem-de-apresentacao-dos-finalistas-do-canta-paudalho\/17022203_631542726969480_1373766674084686687_n\/\" data-orig-file=\"https:\/\/www.paudalho.pe.gov.br\/portal\/wp-content\/uploads\/2017\/12\/17022203_631542726969480_1373766674084686687_n.jpg\" data-orig-size=\"960,640\" data-comments-opened=\"1\" data-image-meta=\"{&quot;aperture&quot;:&quot;0&quot;,&quot;credit&quot;:&quot;&quot;,&quot;camera&quot;:&quot;&quot;,&quot;caption&quot;:&quot;&quot;,&quot;created_timestamp&quot;:&quot;0&quot;,&quot;copyright&quot;:&quot;&quot;,&quot;focal_length&quot;:&quot;0&quot;,&quot;iso&quot;:&quot;0&quot;,&quot;shutter_speed&quot;:&quot;0&quot;,&quot;title&quot;:&quot;&quot;,&quot;orientation&quot;:&quot;0&quot;}\" data-image-title=\"17022203_631542726969480_1373766674084686687_n\" data-image-description=\"\" data-image-caption=\"&lt;p&gt;Imagem Carnaval \/ Foto: Isak de Castro\/PMP&lt;\/p&gt;\n\" data-medium-file=\"https:\/\/www.paudalho.pe.gov.br\/portal\/wp-content\/uploads\/2017\/12\/17022203_631542726969480_1373766674084686687_n-350x230.jpg\" data-large-file=\"https:\/\/www.paudalho.pe.gov.br\/portal\/wp-content\/uploads\/2017\/12\/17022203_631542726969480_1373766674084686687_n.jpg\" class=\"size-medium wp-image-2147\" src=\"http:\/\/www.paudalho.pe.gov.br\/portal\/wp-content\/uploads\/2017\/12\/17022203_631542726969480_1373766674084686687_n-350x230.jpg\" alt=\"\" width=\"300\" height=\"197\" \/><p id=\"caption-attachment-2147\" class=\"wp-caption-text\">Imagem Carnaval \/ Foto: Isak de Castro\/PMP<\/p><\/div>\n<h2>Servi\u00e7o<\/h2>\n<p>Evento: Final Canta Paudalho<\/p>\n<p>Local: Parque de Eventos Beira-Rio<\/p>\n<p>Data: Domingo, 17 de dezembro de 2017<\/p>\n<p>Hora: 18h<\/p>\n<p>Leia mais:\u00a0<a href=\"http:\/\/www.paudalho.pe.gov.br\/portal\/com-programacao-nunca-vista-prefeitura-do-paudalho-inicia-semana-da-crianca-com-parque-de-diversao\/\" target=\"_blank\" rel=\"noopener\">Com programa\u00e7\u00e3o nunca vista, Prefeitura do Paudalho inicia Semana da Crian\u00e7a com parque de divers\u00e3o<\/a><\/p>\n<p>&nbsp;<\/p>\n<p>&nbsp;<\/p>\n<p>&nbsp;<\/p>\n<p>&nbsp;<\/p>\n<p>&nbsp;<\/p>\n<p>&nbsp;<\/p>\n<p>&nbsp;<\/p>\n<p>&nbsp;<\/p>\n<p>&nbsp;<\/p>\n<p>&nbsp;<\/p>\n<p>&nbsp;<\/p>\n<p>&nbsp;<\/p>\n","protected":false},"excerpt":{"rendered":"<p>Depois de tr\u00eas meses de concurso, o Munic\u00edpio conhecer\u00e1 neste domingo (17) o grande vencedor do Canta Paudalho. A competi\u00e7\u00e3o come\u00e7ou com 45 candidatos que se apresentaram nos mais diversos estilos como: gospel, MPB, brega, sertanejo, entre outros. Nesta ter\u00e7a-feira (12) a Secretaria de Cultura, Turismo e Esportes por meio do secret\u00e1rio Jobson Oliveira realizou [&hellip;]<\/p>\n","protected":false},"author":4,"featured_media":2148,"comment_status":"open","ping_status":"open","sticky":false,"template":"","format":"standard","meta":{"_jetpack_newsletter_access":"","_jetpack_dont_email_post_to_subs":false,"_jetpack_newsletter_tier_id":0,"_jetpack_memberships_contains_paywalled_content":false,"_jetpack_memberships_contains_paid_content":false,"footnotes":""},"categories":[6,2],"tags":[144,221,222,22],"class_list":["post-2145","post","type-post","status-publish","format-standard","has-post-thumbnail","hentry","category-cultura","category-destaque","tag-canta-paudalho","tag-final","tag-musica","tag-prefeitura-do-paudalho"],"jetpack_featured_media_url":"https:\/\/www.paudalho.pe.gov.br\/portal\/wp-content\/uploads\/2017\/12\/halfway.jpg","jetpack_sharing_enabled":true,"jetpack_shortlink":"https:\/\/wp.me\/p98mS2-yB","_links":{"self":[{"href":"https:\/\/www.paudalho.pe.gov.br\/portal\/wp-json\/wp\/v2\/posts\/2145","targetHints":{"allow":["GET"]}}],"collection":[{"href":"https:\/\/www.paudalho.pe.gov.br\/portal\/wp-json\/wp\/v2\/posts"}],"about":[{"href":"https:\/\/www.paudalho.pe.gov.br\/portal\/wp-json\/wp\/v2\/types\/post"}],"author":[{"embeddable":true,"href":"https:\/\/www.paudalho.pe.gov.br\/portal\/wp-json\/wp\/v2\/users\/4"}],"replies":[{"embeddable":true,"href":"https:\/\/www.paudalho.pe.gov.br\/portal\/wp-json\/wp\/v2\/comments?post=2145"}],"version-history":[{"count":9,"href":"https:\/\/www.paudalho.pe.gov.br\/portal\/wp-json\/wp\/v2\/posts\/2145\/revisions"}],"predecessor-version":[{"id":2170,"href":"https:\/\/www.paudalho.pe.gov.br\/portal\/wp-json\/wp\/v2\/posts\/2145\/revisions\/2170"}],"wp:featuredmedia":[{"embeddable":true,"href":"https:\/\/www.paudalho.pe.gov.br\/portal\/wp-json\/wp\/v2\/media\/2148"}],"wp:attachment":[{"href":"https:\/\/www.paudalho.pe.gov.br\/portal\/wp-json\/wp\/v2\/media?parent=2145"}],"wp:term":[{"taxonomy":"category","embeddable":true,"href":"https:\/\/www.paudalho.pe.gov.br\/portal\/wp-json\/wp\/v2\/categories?post=2145"},{"taxonomy":"post_tag","embeddable":true,"href":"https:\/\/www.paudalho.pe.gov.br\/portal\/wp-json\/wp\/v2\/tags?post=2145"}],"curies":[{"name":"wp","href":"https:\/\/api.w.org\/{rel}","templated":true}]}}