{"id":21395,"date":"2021-12-20T12:47:37","date_gmt":"2021-12-20T15:47:37","guid":{"rendered":"https:\/\/www.paudalho.pe.gov.br\/portal\/?p=21395"},"modified":"2025-01-08T00:39:16","modified_gmt":"2025-01-08T03:39:16","slug":"em-clima-de-natal-prefeitura-do-paudalho-realiza-cantata-natalina","status":"publish","type":"post","link":"https:\/\/www.paudalho.pe.gov.br\/portal\/em-clima-de-natal-prefeitura-do-paudalho-realiza-cantata-natalina\/","title":{"rendered":"Em clima de Natal, Prefeitura do Paudalho realiza Cantata Natalina"},"content":{"rendered":"\n<p>No \u00faltimo s\u00e1bado (18), a Prefeitura do Paudalho, por meio de sua Secretaria Municipal de Cultura, Turismo, Lazer e Juventude, realizou uma programa\u00e7\u00e3o especial em comemora\u00e7\u00e3o ao Natal, a <strong>Cantata Natalina<\/strong>. O evento teve in\u00edcio \u00e0s 18h e ocorreu na Pra\u00e7a do Ros\u00e1rio, localizada no centro da cidade. <\/p>\n\n\n\n<p>O encontro foi planejado com o intuito de despertar nos paudalhenses o clima de uni\u00e3o e esperan\u00e7a inerente ao per\u00edodo natalino, al\u00e9m de destacar o real significado dessa data comemorativa, que \u00e9 a celebra\u00e7\u00e3o do nascimento de Jesus Cristo. A pra\u00e7a onde tudo ocorreu foi decorada com luzes pisca-piscas, la\u00e7os e uma \u00e1rvore de natal criativa feita com galhos secos. <\/p>\n\n\n\n<p>A festividade contou com diversas atra\u00e7\u00f5es. A primeira delas foi o desfile do Papai Noel pelas ruas do munic\u00edpio. O trajeto teve in\u00edcio na entrada da cidade e incluiu pontos tur\u00edsticos como o Parque de Eventos Beira Rio, o Pa\u00e7o Municipal e a Igreja Matriz do Divino Esp\u00edrito Santo. <\/p>\n\n\n\n<figure class=\"wp-block-gallery columns-2 is-cropped wp-block-gallery-1 is-layout-flex wp-block-gallery-is-layout-flex\"><ul class=\"blocks-gallery-grid\"><li class=\"blocks-gallery-item\"><figure><img loading=\"lazy\" decoding=\"async\" width=\"800\" height=\"450\" data-attachment-id=\"21397\" data-permalink=\"https:\/\/www.paudalho.pe.gov.br\/portal\/em-clima-de-natal-prefeitura-do-paudalho-realiza-cantata-natalina\/02-7\/\" data-orig-file=\"https:\/\/www.paudalho.pe.gov.br\/portal\/wp-content\/uploads\/2021\/12\/02.jpeg\" data-orig-size=\"1280,853\" data-comments-opened=\"1\" data-image-meta=\"{&quot;aperture&quot;:&quot;0&quot;,&quot;credit&quot;:&quot;&quot;,&quot;camera&quot;:&quot;&quot;,&quot;caption&quot;:&quot;&quot;,&quot;created_timestamp&quot;:&quot;0&quot;,&quot;copyright&quot;:&quot;&quot;,&quot;focal_length&quot;:&quot;0&quot;,&quot;iso&quot;:&quot;0&quot;,&quot;shutter_speed&quot;:&quot;0&quot;,&quot;title&quot;:&quot;&quot;,&quot;orientation&quot;:&quot;0&quot;}\" data-image-title=\"02\" data-image-description=\"\" data-image-caption=\"&lt;p&gt;Chegada do Papai Noel durante Cantata Natalina em Paudalho, Pernambuco. Foto: Josu\u00e9 J\u00fanior\/PMP.&lt;\/p&gt;\n\" data-medium-file=\"https:\/\/www.paudalho.pe.gov.br\/portal\/wp-content\/uploads\/2021\/12\/02-350x230.jpeg\" data-large-file=\"https:\/\/www.paudalho.pe.gov.br\/portal\/wp-content\/uploads\/2021\/12\/02-800x450.jpeg\" src=\"https:\/\/www.paudalho.pe.gov.br\/portal\/wp-content\/uploads\/2021\/12\/02-800x450.jpeg\" alt=\"\" data-id=\"21397\" data-full-url=\"https:\/\/www.paudalho.pe.gov.br\/portal\/wp-content\/uploads\/2021\/12\/02.jpeg\" data-link=\"https:\/\/www.paudalho.pe.gov.br\/portal\/?attachment_id=21397\" class=\"wp-image-21397\"\/><figcaption class=\"blocks-gallery-item__caption\"><em>Chegada do Papai Noel durante Cantata Natalina em Paudalho, Pernambuco. Foto: Josu\u00e9 J\u00fanior\/PMP.<\/em><\/figcaption><\/figure><\/li><li class=\"blocks-gallery-item\"><figure><img loading=\"lazy\" decoding=\"async\" width=\"800\" height=\"450\" data-attachment-id=\"21412\" data-permalink=\"https:\/\/www.paudalho.pe.gov.br\/portal\/em-clima-de-natal-prefeitura-do-paudalho-realiza-cantata-natalina\/17-5\/\" data-orig-file=\"https:\/\/www.paudalho.pe.gov.br\/portal\/wp-content\/uploads\/2021\/12\/17.jpeg\" data-orig-size=\"1280,853\" data-comments-opened=\"1\" data-image-meta=\"{&quot;aperture&quot;:&quot;0&quot;,&quot;credit&quot;:&quot;&quot;,&quot;camera&quot;:&quot;&quot;,&quot;caption&quot;:&quot;&quot;,&quot;created_timestamp&quot;:&quot;0&quot;,&quot;copyright&quot;:&quot;&quot;,&quot;focal_length&quot;:&quot;0&quot;,&quot;iso&quot;:&quot;0&quot;,&quot;shutter_speed&quot;:&quot;0&quot;,&quot;title&quot;:&quot;&quot;,&quot;orientation&quot;:&quot;0&quot;}\" data-image-title=\"17\" data-image-description=\"\" data-image-caption=\"\" data-medium-file=\"https:\/\/www.paudalho.pe.gov.br\/portal\/wp-content\/uploads\/2021\/12\/17-350x230.jpeg\" data-large-file=\"https:\/\/www.paudalho.pe.gov.br\/portal\/wp-content\/uploads\/2021\/12\/17-800x450.jpeg\" src=\"https:\/\/www.paudalho.pe.gov.br\/portal\/wp-content\/uploads\/2021\/12\/17-800x450.jpeg\" alt=\"\" data-id=\"21412\" data-full-url=\"https:\/\/www.paudalho.pe.gov.br\/portal\/wp-content\/uploads\/2021\/12\/17.jpeg\" data-link=\"https:\/\/www.paudalho.pe.gov.br\/portal\/?attachment_id=21412\" class=\"wp-image-21412\"\/><figcaption class=\"blocks-gallery-item__caption\"><em>O espet\u00e1culo teatral &#8220;Um Sonho de Crian\u00e7a&#8221; foi a segunda atra\u00e7\u00e3o da Cantata Natalina realizada em Paudalho. Foto: Josu\u00e9 J\u00fanior\/PMP.<\/em><\/figcaption><\/figure><\/li><\/ul><\/figure>\n\n\n\n<p>A paudalhense Gabriela Constantino esteve presente na ocasi\u00e3o e trouxe seus dois filhos para ver a chegada do bom velhinho. <em>&#8220;Estou achando [a Cantata] muito legal, muito bonita, eu gostei da decora\u00e7\u00e3o. Estou vendo a felicidade no rosto das crian\u00e7as e isso \u00e9 algo gratificante para todos&#8221;<\/em>, comentou.<\/p>\n\n\n\n<p>Ap\u00f3s o desfile, o p\u00fablico p\u00f4de prestigiar o espet\u00e1culo teatral \u201cUm Sonho de Crian\u00e7a\u201d. A apresenta\u00e7\u00e3o encantou pela musicalidade e anima\u00e7\u00e3o. Em seguida, foi a vez do Ballet Linda Flor da Mata abrilhantar a noite. O grupo \u00e9 formado por mais de 60 crian\u00e7as inscritas da Casa das Juventudes Ma\u00edlson Francisco da Silva. Por fim, a \u00faltima atra\u00e7\u00e3o foi a tradicional Orquestra Sinf\u00f4nica 22 de Novembro.<\/p>\n\n\n\n<figure class=\"wp-block-gallery columns-2 is-cropped wp-block-gallery-2 is-layout-flex wp-block-gallery-is-layout-flex\"><ul class=\"blocks-gallery-grid\"><li class=\"blocks-gallery-item\"><figure><img loading=\"lazy\" decoding=\"async\" width=\"800\" height=\"450\" data-attachment-id=\"21407\" data-permalink=\"https:\/\/www.paudalho.pe.gov.br\/portal\/em-clima-de-natal-prefeitura-do-paudalho-realiza-cantata-natalina\/12-6\/\" data-orig-file=\"https:\/\/www.paudalho.pe.gov.br\/portal\/wp-content\/uploads\/2021\/12\/12.jpeg\" data-orig-size=\"1280,853\" data-comments-opened=\"1\" data-image-meta=\"{&quot;aperture&quot;:&quot;0&quot;,&quot;credit&quot;:&quot;&quot;,&quot;camera&quot;:&quot;&quot;,&quot;caption&quot;:&quot;&quot;,&quot;created_timestamp&quot;:&quot;0&quot;,&quot;copyright&quot;:&quot;&quot;,&quot;focal_length&quot;:&quot;0&quot;,&quot;iso&quot;:&quot;0&quot;,&quot;shutter_speed&quot;:&quot;0&quot;,&quot;title&quot;:&quot;&quot;,&quot;orientation&quot;:&quot;0&quot;}\" data-image-title=\"12\" data-image-description=\"\" data-image-caption=\"&lt;p&gt;A celebra\u00e7\u00e3o reuniu toda a fam\u00edlia. Foto: Josu\u00e9 J\u00fanior\/PMP.&lt;\/p&gt;\n\" data-medium-file=\"https:\/\/www.paudalho.pe.gov.br\/portal\/wp-content\/uploads\/2021\/12\/12-350x230.jpeg\" data-large-file=\"https:\/\/www.paudalho.pe.gov.br\/portal\/wp-content\/uploads\/2021\/12\/12-800x450.jpeg\" src=\"https:\/\/www.paudalho.pe.gov.br\/portal\/wp-content\/uploads\/2021\/12\/12-800x450.jpeg\" alt=\"\" data-id=\"21407\" data-full-url=\"https:\/\/www.paudalho.pe.gov.br\/portal\/wp-content\/uploads\/2021\/12\/12.jpeg\" data-link=\"https:\/\/www.paudalho.pe.gov.br\/portal\/?attachment_id=21407\" class=\"wp-image-21407\"\/><figcaption class=\"blocks-gallery-item__caption\"><em>A celebra\u00e7\u00e3o reuniu v\u00e1rias fam\u00edlias paudalhenses. Foto: Josu\u00e9 J\u00fanior\/PMP.<\/em><\/figcaption><\/figure><\/li><li class=\"blocks-gallery-item\"><figure><img loading=\"lazy\" decoding=\"async\" width=\"800\" height=\"450\" data-attachment-id=\"21419\" data-permalink=\"https:\/\/www.paudalho.pe.gov.br\/portal\/em-clima-de-natal-prefeitura-do-paudalho-realiza-cantata-natalina\/whatsapp-image-2021-12-18-at-23-21-18-4\/\" data-orig-file=\"https:\/\/www.paudalho.pe.gov.br\/portal\/wp-content\/uploads\/2021\/12\/WhatsApp-Image-2021-12-18-at-23.21.18-4.jpeg\" data-orig-size=\"1280,853\" data-comments-opened=\"1\" data-image-meta=\"{&quot;aperture&quot;:&quot;0&quot;,&quot;credit&quot;:&quot;&quot;,&quot;camera&quot;:&quot;&quot;,&quot;caption&quot;:&quot;&quot;,&quot;created_timestamp&quot;:&quot;0&quot;,&quot;copyright&quot;:&quot;&quot;,&quot;focal_length&quot;:&quot;0&quot;,&quot;iso&quot;:&quot;0&quot;,&quot;shutter_speed&quot;:&quot;0&quot;,&quot;title&quot;:&quot;&quot;,&quot;orientation&quot;:&quot;0&quot;}\" data-image-title=\"WhatsApp-Image-2021-12-18-at-23.21.18-4\" data-image-description=\"\" data-image-caption=\"&lt;p&gt;Apresenta\u00e7\u00e3o do Ballet Linda Flor da Mata. Foto: Josu\u00e9 J\u00fanior\/PMP.&lt;\/p&gt;\n\" data-medium-file=\"https:\/\/www.paudalho.pe.gov.br\/portal\/wp-content\/uploads\/2021\/12\/WhatsApp-Image-2021-12-18-at-23.21.18-4-350x230.jpeg\" data-large-file=\"https:\/\/www.paudalho.pe.gov.br\/portal\/wp-content\/uploads\/2021\/12\/WhatsApp-Image-2021-12-18-at-23.21.18-4-800x450.jpeg\" src=\"https:\/\/www.paudalho.pe.gov.br\/portal\/wp-content\/uploads\/2021\/12\/WhatsApp-Image-2021-12-18-at-23.21.18-4-800x450.jpeg\" alt=\"\" data-id=\"21419\" data-full-url=\"https:\/\/www.paudalho.pe.gov.br\/portal\/wp-content\/uploads\/2021\/12\/WhatsApp-Image-2021-12-18-at-23.21.18-4.jpeg\" data-link=\"https:\/\/www.paudalho.pe.gov.br\/portal\/?attachment_id=21419\" class=\"wp-image-21419\"\/><figcaption class=\"blocks-gallery-item__caption\"><em>Apresenta\u00e7\u00e3o do Ballet Linda Flor da Mata. <em>Foto: Josu\u00e9 J\u00fanior\/PMP.<\/em><\/em><\/figcaption><\/figure><\/li><\/ul><\/figure>\n\n\n\n<p>O prefeito do munic\u00edpio, Marcelo Gouveia, demonstrou satisfa\u00e7\u00e3o em poder proporcionar uma bela festa de Natal \u00e0 popula\u00e7\u00e3o. <em>&#8220;Fico muito feliz em poder promover esse tipo de a\u00e7\u00e3o, em dar esse tipo de apoio \u00e0s fam\u00edlias paudalhenses. Hoje, sem d\u00favidas, \u00e9 um dia de festa. Tudo que se relaciona \u00e0 crian\u00e7a, ao Natal, \u00e0 Jesus, s\u00f3 pode sair coisa boa quando a gente re\u00fane tantas palavras bonitas em uma s\u00f3 frase.&#8221; <\/em><\/p>\n\n\n\n<p>De acordo com a secret\u00e1ria municipal de Cultura, Turismo, Lazer e Juventude, Carolina Gouveia, a comemora\u00e7\u00e3o superou as expectativas e atraiu pessoas de v\u00e1rias idades. <em>&#8220;\u00c9 com muita satisfa\u00e7\u00e3o e alegria que estamos hoje aqui para o encerramento do nosso ano, celebrando o Natal, celebrando o sentimento de prosperidade, de paz e de amor. Esse \u00e9 um evento maravilhoso que foi organizado por toda a equipe da Secretaria. Estamos muito felizes em ver tantas pessoas aqui prestigiando esse momento.<\/em> <em>Eu desejo a todos os paudalhenses um Feliz Natal, um ano melhor, um ano mais pr\u00f3spero e com mais sa\u00fade.&#8221;<\/em><\/p>\n\n\n\n<figure class=\"wp-block-gallery columns-2 is-cropped wp-block-gallery-3 is-layout-flex wp-block-gallery-is-layout-flex\"><ul class=\"blocks-gallery-grid\"><li class=\"blocks-gallery-item\"><figure><img loading=\"lazy\" decoding=\"async\" width=\"800\" height=\"450\" data-attachment-id=\"21427\" data-permalink=\"https:\/\/www.paudalho.pe.gov.br\/portal\/em-clima-de-natal-prefeitura-do-paudalho-realiza-cantata-natalina\/whatsapp-image-2021-12-18-at-23-21-25-1\/\" data-orig-file=\"https:\/\/www.paudalho.pe.gov.br\/portal\/wp-content\/uploads\/2021\/12\/WhatsApp-Image-2021-12-18-at-23.21.25-1.jpeg\" data-orig-size=\"1280,719\" data-comments-opened=\"1\" data-image-meta=\"{&quot;aperture&quot;:&quot;0&quot;,&quot;credit&quot;:&quot;&quot;,&quot;camera&quot;:&quot;&quot;,&quot;caption&quot;:&quot;&quot;,&quot;created_timestamp&quot;:&quot;0&quot;,&quot;copyright&quot;:&quot;&quot;,&quot;focal_length&quot;:&quot;0&quot;,&quot;iso&quot;:&quot;0&quot;,&quot;shutter_speed&quot;:&quot;0&quot;,&quot;title&quot;:&quot;&quot;,&quot;orientation&quot;:&quot;0&quot;}\" data-image-title=\"WhatsApp-Image-2021-12-18-at-23.21.25-1\" data-image-description=\"\" data-image-caption=\"&lt;p&gt;A noite tamb\u00e9m contou com a apresenta\u00e7\u00e3o da tradicional Orquestra Sinf\u00f4nica 22 de Novembro. &lt;\/p&gt;\n\" data-medium-file=\"https:\/\/www.paudalho.pe.gov.br\/portal\/wp-content\/uploads\/2021\/12\/WhatsApp-Image-2021-12-18-at-23.21.25-1-350x230.jpeg\" data-large-file=\"https:\/\/www.paudalho.pe.gov.br\/portal\/wp-content\/uploads\/2021\/12\/WhatsApp-Image-2021-12-18-at-23.21.25-1-800x450.jpeg\" src=\"https:\/\/www.paudalho.pe.gov.br\/portal\/wp-content\/uploads\/2021\/12\/WhatsApp-Image-2021-12-18-at-23.21.25-1-800x450.jpeg\" alt=\"\" data-id=\"21427\" data-full-url=\"https:\/\/www.paudalho.pe.gov.br\/portal\/wp-content\/uploads\/2021\/12\/WhatsApp-Image-2021-12-18-at-23.21.25-1.jpeg\" data-link=\"https:\/\/www.paudalho.pe.gov.br\/portal\/?attachment_id=21427\" class=\"wp-image-21427\" srcset=\"https:\/\/www.paudalho.pe.gov.br\/portal\/wp-content\/uploads\/2021\/12\/WhatsApp-Image-2021-12-18-at-23.21.25-1-800x450.jpeg 800w, https:\/\/www.paudalho.pe.gov.br\/portal\/wp-content\/uploads\/2021\/12\/WhatsApp-Image-2021-12-18-at-23.21.25-1-768x431.jpeg 768w, https:\/\/www.paudalho.pe.gov.br\/portal\/wp-content\/uploads\/2021\/12\/WhatsApp-Image-2021-12-18-at-23.21.25-1.jpeg 1280w\" sizes=\"auto, (max-width: 800px) 100vw, 800px\" \/><figcaption class=\"blocks-gallery-item__caption\"><em>A noite tamb\u00e9m contou com a apresenta\u00e7\u00e3o da tradicional Orquestra Sinf\u00f4nica 22 de Novembro. Foto: Josu\u00e9 J\u00fanior\/PMP.<\/em> <\/figcaption><\/figure><\/li><li class=\"blocks-gallery-item\"><figure><img loading=\"lazy\" decoding=\"async\" width=\"800\" height=\"450\" data-attachment-id=\"21406\" data-permalink=\"https:\/\/www.paudalho.pe.gov.br\/portal\/em-clima-de-natal-prefeitura-do-paudalho-realiza-cantata-natalina\/11-6\/\" data-orig-file=\"https:\/\/www.paudalho.pe.gov.br\/portal\/wp-content\/uploads\/2021\/12\/11.jpeg\" data-orig-size=\"1280,719\" data-comments-opened=\"1\" data-image-meta=\"{&quot;aperture&quot;:&quot;0&quot;,&quot;credit&quot;:&quot;&quot;,&quot;camera&quot;:&quot;&quot;,&quot;caption&quot;:&quot;&quot;,&quot;created_timestamp&quot;:&quot;0&quot;,&quot;copyright&quot;:&quot;&quot;,&quot;focal_length&quot;:&quot;0&quot;,&quot;iso&quot;:&quot;0&quot;,&quot;shutter_speed&quot;:&quot;0&quot;,&quot;title&quot;:&quot;&quot;,&quot;orientation&quot;:&quot;0&quot;}\" data-image-title=\"11\" data-image-description=\"\" data-image-caption=\"&lt;p&gt;A Cantata Natalina destacou o real sentido do natal: o nascimento de Jesus Cristo. &lt;\/p&gt;\n\" data-medium-file=\"https:\/\/www.paudalho.pe.gov.br\/portal\/wp-content\/uploads\/2021\/12\/11-350x230.jpeg\" data-large-file=\"https:\/\/www.paudalho.pe.gov.br\/portal\/wp-content\/uploads\/2021\/12\/11-800x450.jpeg\" src=\"https:\/\/www.paudalho.pe.gov.br\/portal\/wp-content\/uploads\/2021\/12\/11-800x450.jpeg\" alt=\"\" data-id=\"21406\" data-full-url=\"https:\/\/www.paudalho.pe.gov.br\/portal\/wp-content\/uploads\/2021\/12\/11.jpeg\" data-link=\"https:\/\/www.paudalho.pe.gov.br\/portal\/?attachment_id=21406\" class=\"wp-image-21406\" srcset=\"https:\/\/www.paudalho.pe.gov.br\/portal\/wp-content\/uploads\/2021\/12\/11-800x450.jpeg 800w, https:\/\/www.paudalho.pe.gov.br\/portal\/wp-content\/uploads\/2021\/12\/11-768x431.jpeg 768w, https:\/\/www.paudalho.pe.gov.br\/portal\/wp-content\/uploads\/2021\/12\/11.jpeg 1280w\" sizes=\"auto, (max-width: 800px) 100vw, 800px\" \/><figcaption class=\"blocks-gallery-item__caption\"><em>A Cantata Natalina destacou o real sentido do natal: o nascimento de Jesus Cristo. Foto: Josu\u00e9 J\u00fanior\/PMP.<\/em> <\/figcaption><\/figure><\/li><\/ul><\/figure>\n\n\n\n<p>A Cantata foi uma festa que reuniu toda a fam\u00edlia e alegrou o cora\u00e7\u00e3o dos paudalhenses. Quem n\u00e3o p\u00f4de comparecer ao evento ainda pode prestigiar a programa\u00e7\u00e3o de forma online por meio da transmiss\u00e3o ao vivo disponibilizada na p\u00e1gina da Prefeitura do Paudalho no Facebook, <a rel=\"noreferrer noopener\" href=\"https:\/\/www.facebook.com\/PrefeituraPaudalho\/videos\/274814631374649\" target=\"_blank\"><strong>clique aqui<\/strong><\/a> para assistir.<\/p>\n\n\n\n<p><strong>Confira mais registros da Cantata Natalina na galeria abaixo:<\/strong><\/p>\n\n\n\n<figure class=\"wp-block-gallery columns-3 is-cropped wp-block-gallery-4 is-layout-flex wp-block-gallery-is-layout-flex\"><ul class=\"blocks-gallery-grid\"><li class=\"blocks-gallery-item\"><figure><img loading=\"lazy\" decoding=\"async\" width=\"800\" height=\"450\" data-attachment-id=\"21398\" data-permalink=\"https:\/\/www.paudalho.pe.gov.br\/portal\/em-clima-de-natal-prefeitura-do-paudalho-realiza-cantata-natalina\/03-5\/\" data-orig-file=\"https:\/\/www.paudalho.pe.gov.br\/portal\/wp-content\/uploads\/2021\/12\/03.jpeg\" data-orig-size=\"1280,853\" data-comments-opened=\"1\" data-image-meta=\"{&quot;aperture&quot;:&quot;0&quot;,&quot;credit&quot;:&quot;&quot;,&quot;camera&quot;:&quot;&quot;,&quot;caption&quot;:&quot;&quot;,&quot;created_timestamp&quot;:&quot;0&quot;,&quot;copyright&quot;:&quot;&quot;,&quot;focal_length&quot;:&quot;0&quot;,&quot;iso&quot;:&quot;0&quot;,&quot;shutter_speed&quot;:&quot;0&quot;,&quot;title&quot;:&quot;&quot;,&quot;orientation&quot;:&quot;0&quot;}\" data-image-title=\"03\" data-image-description=\"\" data-image-caption=\"\" data-medium-file=\"https:\/\/www.paudalho.pe.gov.br\/portal\/wp-content\/uploads\/2021\/12\/03-350x230.jpeg\" data-large-file=\"https:\/\/www.paudalho.pe.gov.br\/portal\/wp-content\/uploads\/2021\/12\/03-800x450.jpeg\" src=\"https:\/\/www.paudalho.pe.gov.br\/portal\/wp-content\/uploads\/2021\/12\/03-800x450.jpeg\" alt=\"\" data-id=\"21398\" data-full-url=\"https:\/\/www.paudalho.pe.gov.br\/portal\/wp-content\/uploads\/2021\/12\/03.jpeg\" data-link=\"https:\/\/www.paudalho.pe.gov.br\/portal\/?attachment_id=21398\" class=\"wp-image-21398\"\/><\/figure><\/li><li class=\"blocks-gallery-item\"><figure><img loading=\"lazy\" decoding=\"async\" width=\"800\" height=\"450\" data-attachment-id=\"21399\" data-permalink=\"https:\/\/www.paudalho.pe.gov.br\/portal\/em-clima-de-natal-prefeitura-do-paudalho-realiza-cantata-natalina\/04-6\/\" data-orig-file=\"https:\/\/www.paudalho.pe.gov.br\/portal\/wp-content\/uploads\/2021\/12\/04.jpeg\" data-orig-size=\"1280,853\" data-comments-opened=\"1\" data-image-meta=\"{&quot;aperture&quot;:&quot;0&quot;,&quot;credit&quot;:&quot;&quot;,&quot;camera&quot;:&quot;&quot;,&quot;caption&quot;:&quot;&quot;,&quot;created_timestamp&quot;:&quot;0&quot;,&quot;copyright&quot;:&quot;&quot;,&quot;focal_length&quot;:&quot;0&quot;,&quot;iso&quot;:&quot;0&quot;,&quot;shutter_speed&quot;:&quot;0&quot;,&quot;title&quot;:&quot;&quot;,&quot;orientation&quot;:&quot;0&quot;}\" data-image-title=\"04\" data-image-description=\"\" data-image-caption=\"\" data-medium-file=\"https:\/\/www.paudalho.pe.gov.br\/portal\/wp-content\/uploads\/2021\/12\/04-350x230.jpeg\" data-large-file=\"https:\/\/www.paudalho.pe.gov.br\/portal\/wp-content\/uploads\/2021\/12\/04-800x450.jpeg\" src=\"https:\/\/www.paudalho.pe.gov.br\/portal\/wp-content\/uploads\/2021\/12\/04-800x450.jpeg\" alt=\"\" data-id=\"21399\" data-full-url=\"https:\/\/www.paudalho.pe.gov.br\/portal\/wp-content\/uploads\/2021\/12\/04.jpeg\" data-link=\"https:\/\/www.paudalho.pe.gov.br\/portal\/?attachment_id=21399\" class=\"wp-image-21399\"\/><\/figure><\/li><li class=\"blocks-gallery-item\"><figure><img loading=\"lazy\" decoding=\"async\" width=\"800\" height=\"450\" data-attachment-id=\"21400\" data-permalink=\"https:\/\/www.paudalho.pe.gov.br\/portal\/em-clima-de-natal-prefeitura-do-paudalho-realiza-cantata-natalina\/05-5\/\" data-orig-file=\"https:\/\/www.paudalho.pe.gov.br\/portal\/wp-content\/uploads\/2021\/12\/05.jpeg\" data-orig-size=\"1280,853\" data-comments-opened=\"1\" data-image-meta=\"{&quot;aperture&quot;:&quot;0&quot;,&quot;credit&quot;:&quot;&quot;,&quot;camera&quot;:&quot;&quot;,&quot;caption&quot;:&quot;&quot;,&quot;created_timestamp&quot;:&quot;0&quot;,&quot;copyright&quot;:&quot;&quot;,&quot;focal_length&quot;:&quot;0&quot;,&quot;iso&quot;:&quot;0&quot;,&quot;shutter_speed&quot;:&quot;0&quot;,&quot;title&quot;:&quot;&quot;,&quot;orientation&quot;:&quot;0&quot;}\" data-image-title=\"05\" data-image-description=\"\" data-image-caption=\"\" data-medium-file=\"https:\/\/www.paudalho.pe.gov.br\/portal\/wp-content\/uploads\/2021\/12\/05-350x230.jpeg\" data-large-file=\"https:\/\/www.paudalho.pe.gov.br\/portal\/wp-content\/uploads\/2021\/12\/05-800x450.jpeg\" src=\"https:\/\/www.paudalho.pe.gov.br\/portal\/wp-content\/uploads\/2021\/12\/05-800x450.jpeg\" alt=\"\" data-id=\"21400\" data-full-url=\"https:\/\/www.paudalho.pe.gov.br\/portal\/wp-content\/uploads\/2021\/12\/05.jpeg\" data-link=\"https:\/\/www.paudalho.pe.gov.br\/portal\/?attachment_id=21400\" class=\"wp-image-21400\"\/><\/figure><\/li><li class=\"blocks-gallery-item\"><figure><img loading=\"lazy\" decoding=\"async\" width=\"720\" height=\"450\" data-attachment-id=\"21401\" data-permalink=\"https:\/\/www.paudalho.pe.gov.br\/portal\/em-clima-de-natal-prefeitura-do-paudalho-realiza-cantata-natalina\/06-6\/\" data-orig-file=\"https:\/\/www.paudalho.pe.gov.br\/portal\/wp-content\/uploads\/2021\/12\/06.jpeg\" data-orig-size=\"720,1280\" data-comments-opened=\"1\" data-image-meta=\"{&quot;aperture&quot;:&quot;0&quot;,&quot;credit&quot;:&quot;&quot;,&quot;camera&quot;:&quot;&quot;,&quot;caption&quot;:&quot;&quot;,&quot;created_timestamp&quot;:&quot;0&quot;,&quot;copyright&quot;:&quot;&quot;,&quot;focal_length&quot;:&quot;0&quot;,&quot;iso&quot;:&quot;0&quot;,&quot;shutter_speed&quot;:&quot;0&quot;,&quot;title&quot;:&quot;&quot;,&quot;orientation&quot;:&quot;0&quot;}\" data-image-title=\"06\" data-image-description=\"\" data-image-caption=\"\" data-medium-file=\"https:\/\/www.paudalho.pe.gov.br\/portal\/wp-content\/uploads\/2021\/12\/06-350x230.jpeg\" data-large-file=\"https:\/\/www.paudalho.pe.gov.br\/portal\/wp-content\/uploads\/2021\/12\/06-720x450.jpeg\" src=\"https:\/\/www.paudalho.pe.gov.br\/portal\/wp-content\/uploads\/2021\/12\/06-720x450.jpeg\" alt=\"\" data-id=\"21401\" data-full-url=\"https:\/\/www.paudalho.pe.gov.br\/portal\/wp-content\/uploads\/2021\/12\/06.jpeg\" data-link=\"https:\/\/www.paudalho.pe.gov.br\/portal\/?attachment_id=21401\" class=\"wp-image-21401\"\/><\/figure><\/li><li class=\"blocks-gallery-item\"><figure><img loading=\"lazy\" decoding=\"async\" width=\"800\" height=\"450\" data-attachment-id=\"21403\" data-permalink=\"https:\/\/www.paudalho.pe.gov.br\/portal\/em-clima-de-natal-prefeitura-do-paudalho-realiza-cantata-natalina\/08-6\/\" data-orig-file=\"https:\/\/www.paudalho.pe.gov.br\/portal\/wp-content\/uploads\/2021\/12\/08.jpeg\" data-orig-size=\"1280,720\" data-comments-opened=\"1\" data-image-meta=\"{&quot;aperture&quot;:&quot;0&quot;,&quot;credit&quot;:&quot;&quot;,&quot;camera&quot;:&quot;&quot;,&quot;caption&quot;:&quot;&quot;,&quot;created_timestamp&quot;:&quot;0&quot;,&quot;copyright&quot;:&quot;&quot;,&quot;focal_length&quot;:&quot;0&quot;,&quot;iso&quot;:&quot;0&quot;,&quot;shutter_speed&quot;:&quot;0&quot;,&quot;title&quot;:&quot;&quot;,&quot;orientation&quot;:&quot;0&quot;}\" data-image-title=\"08\" data-image-description=\"\" data-image-caption=\"\" data-medium-file=\"https:\/\/www.paudalho.pe.gov.br\/portal\/wp-content\/uploads\/2021\/12\/08-350x230.jpeg\" data-large-file=\"https:\/\/www.paudalho.pe.gov.br\/portal\/wp-content\/uploads\/2021\/12\/08-800x450.jpeg\" src=\"https:\/\/www.paudalho.pe.gov.br\/portal\/wp-content\/uploads\/2021\/12\/08-800x450.jpeg\" alt=\"\" data-id=\"21403\" data-full-url=\"https:\/\/www.paudalho.pe.gov.br\/portal\/wp-content\/uploads\/2021\/12\/08.jpeg\" data-link=\"https:\/\/www.paudalho.pe.gov.br\/portal\/?attachment_id=21403\" class=\"wp-image-21403\" srcset=\"https:\/\/www.paudalho.pe.gov.br\/portal\/wp-content\/uploads\/2021\/12\/08-800x450.jpeg 800w, https:\/\/www.paudalho.pe.gov.br\/portal\/wp-content\/uploads\/2021\/12\/08-768x432.jpeg 768w, https:\/\/www.paudalho.pe.gov.br\/portal\/wp-content\/uploads\/2021\/12\/08.jpeg 1280w\" sizes=\"auto, (max-width: 800px) 100vw, 800px\" \/><\/figure><\/li><li class=\"blocks-gallery-item\"><figure><img loading=\"lazy\" decoding=\"async\" width=\"800\" height=\"450\" data-attachment-id=\"21404\" data-permalink=\"https:\/\/www.paudalho.pe.gov.br\/portal\/em-clima-de-natal-prefeitura-do-paudalho-realiza-cantata-natalina\/09-6\/\" data-orig-file=\"https:\/\/www.paudalho.pe.gov.br\/portal\/wp-content\/uploads\/2021\/12\/09.jpeg\" data-orig-size=\"1280,853\" data-comments-opened=\"1\" data-image-meta=\"{&quot;aperture&quot;:&quot;0&quot;,&quot;credit&quot;:&quot;&quot;,&quot;camera&quot;:&quot;&quot;,&quot;caption&quot;:&quot;&quot;,&quot;created_timestamp&quot;:&quot;0&quot;,&quot;copyright&quot;:&quot;&quot;,&quot;focal_length&quot;:&quot;0&quot;,&quot;iso&quot;:&quot;0&quot;,&quot;shutter_speed&quot;:&quot;0&quot;,&quot;title&quot;:&quot;&quot;,&quot;orientation&quot;:&quot;0&quot;}\" data-image-title=\"09\" data-image-description=\"\" data-image-caption=\"\" data-medium-file=\"https:\/\/www.paudalho.pe.gov.br\/portal\/wp-content\/uploads\/2021\/12\/09-350x230.jpeg\" data-large-file=\"https:\/\/www.paudalho.pe.gov.br\/portal\/wp-content\/uploads\/2021\/12\/09-800x450.jpeg\" src=\"https:\/\/www.paudalho.pe.gov.br\/portal\/wp-content\/uploads\/2021\/12\/09-800x450.jpeg\" alt=\"\" data-id=\"21404\" data-full-url=\"https:\/\/www.paudalho.pe.gov.br\/portal\/wp-content\/uploads\/2021\/12\/09.jpeg\" data-link=\"https:\/\/www.paudalho.pe.gov.br\/portal\/?attachment_id=21404\" class=\"wp-image-21404\"\/><\/figure><\/li><li class=\"blocks-gallery-item\"><figure><img loading=\"lazy\" decoding=\"async\" width=\"800\" height=\"450\" data-attachment-id=\"21405\" data-permalink=\"https:\/\/www.paudalho.pe.gov.br\/portal\/em-clima-de-natal-prefeitura-do-paudalho-realiza-cantata-natalina\/10-6\/\" data-orig-file=\"https:\/\/www.paudalho.pe.gov.br\/portal\/wp-content\/uploads\/2021\/12\/10.jpeg\" data-orig-size=\"1280,853\" data-comments-opened=\"1\" data-image-meta=\"{&quot;aperture&quot;:&quot;0&quot;,&quot;credit&quot;:&quot;&quot;,&quot;camera&quot;:&quot;&quot;,&quot;caption&quot;:&quot;&quot;,&quot;created_timestamp&quot;:&quot;0&quot;,&quot;copyright&quot;:&quot;&quot;,&quot;focal_length&quot;:&quot;0&quot;,&quot;iso&quot;:&quot;0&quot;,&quot;shutter_speed&quot;:&quot;0&quot;,&quot;title&quot;:&quot;&quot;,&quot;orientation&quot;:&quot;0&quot;}\" data-image-title=\"10\" data-image-description=\"\" data-image-caption=\"\" data-medium-file=\"https:\/\/www.paudalho.pe.gov.br\/portal\/wp-content\/uploads\/2021\/12\/10-350x230.jpeg\" data-large-file=\"https:\/\/www.paudalho.pe.gov.br\/portal\/wp-content\/uploads\/2021\/12\/10-800x450.jpeg\" src=\"https:\/\/www.paudalho.pe.gov.br\/portal\/wp-content\/uploads\/2021\/12\/10-800x450.jpeg\" alt=\"\" data-id=\"21405\" data-full-url=\"https:\/\/www.paudalho.pe.gov.br\/portal\/wp-content\/uploads\/2021\/12\/10.jpeg\" data-link=\"https:\/\/www.paudalho.pe.gov.br\/portal\/?attachment_id=21405\" class=\"wp-image-21405\"\/><\/figure><\/li><li class=\"blocks-gallery-item\"><figure><img loading=\"lazy\" decoding=\"async\" width=\"800\" height=\"450\" data-attachment-id=\"21408\" data-permalink=\"https:\/\/www.paudalho.pe.gov.br\/portal\/em-clima-de-natal-prefeitura-do-paudalho-realiza-cantata-natalina\/13-7\/\" data-orig-file=\"https:\/\/www.paudalho.pe.gov.br\/portal\/wp-content\/uploads\/2021\/12\/13.jpeg\" data-orig-size=\"1280,853\" data-comments-opened=\"1\" data-image-meta=\"{&quot;aperture&quot;:&quot;0&quot;,&quot;credit&quot;:&quot;&quot;,&quot;camera&quot;:&quot;&quot;,&quot;caption&quot;:&quot;&quot;,&quot;created_timestamp&quot;:&quot;0&quot;,&quot;copyright&quot;:&quot;&quot;,&quot;focal_length&quot;:&quot;0&quot;,&quot;iso&quot;:&quot;0&quot;,&quot;shutter_speed&quot;:&quot;0&quot;,&quot;title&quot;:&quot;&quot;,&quot;orientation&quot;:&quot;0&quot;}\" data-image-title=\"13\" data-image-description=\"\" data-image-caption=\"\" data-medium-file=\"https:\/\/www.paudalho.pe.gov.br\/portal\/wp-content\/uploads\/2021\/12\/13-350x230.jpeg\" data-large-file=\"https:\/\/www.paudalho.pe.gov.br\/portal\/wp-content\/uploads\/2021\/12\/13-800x450.jpeg\" src=\"https:\/\/www.paudalho.pe.gov.br\/portal\/wp-content\/uploads\/2021\/12\/13-800x450.jpeg\" alt=\"\" data-id=\"21408\" data-full-url=\"https:\/\/www.paudalho.pe.gov.br\/portal\/wp-content\/uploads\/2021\/12\/13.jpeg\" data-link=\"https:\/\/www.paudalho.pe.gov.br\/portal\/?attachment_id=21408\" class=\"wp-image-21408\"\/><\/figure><\/li><li class=\"blocks-gallery-item\"><figure><img loading=\"lazy\" decoding=\"async\" width=\"800\" height=\"450\" data-attachment-id=\"21409\" data-permalink=\"https:\/\/www.paudalho.pe.gov.br\/portal\/em-clima-de-natal-prefeitura-do-paudalho-realiza-cantata-natalina\/14-7\/\" data-orig-file=\"https:\/\/www.paudalho.pe.gov.br\/portal\/wp-content\/uploads\/2021\/12\/14.jpeg\" data-orig-size=\"1280,853\" data-comments-opened=\"1\" data-image-meta=\"{&quot;aperture&quot;:&quot;0&quot;,&quot;credit&quot;:&quot;&quot;,&quot;camera&quot;:&quot;&quot;,&quot;caption&quot;:&quot;&quot;,&quot;created_timestamp&quot;:&quot;0&quot;,&quot;copyright&quot;:&quot;&quot;,&quot;focal_length&quot;:&quot;0&quot;,&quot;iso&quot;:&quot;0&quot;,&quot;shutter_speed&quot;:&quot;0&quot;,&quot;title&quot;:&quot;&quot;,&quot;orientation&quot;:&quot;0&quot;}\" data-image-title=\"14\" data-image-description=\"\" data-image-caption=\"\" data-medium-file=\"https:\/\/www.paudalho.pe.gov.br\/portal\/wp-content\/uploads\/2021\/12\/14-350x230.jpeg\" data-large-file=\"https:\/\/www.paudalho.pe.gov.br\/portal\/wp-content\/uploads\/2021\/12\/14-800x450.jpeg\" src=\"https:\/\/www.paudalho.pe.gov.br\/portal\/wp-content\/uploads\/2021\/12\/14-800x450.jpeg\" alt=\"\" data-id=\"21409\" data-full-url=\"https:\/\/www.paudalho.pe.gov.br\/portal\/wp-content\/uploads\/2021\/12\/14.jpeg\" data-link=\"https:\/\/www.paudalho.pe.gov.br\/portal\/?attachment_id=21409\" class=\"wp-image-21409\"\/><\/figure><\/li><li class=\"blocks-gallery-item\"><figure><img loading=\"lazy\" decoding=\"async\" width=\"800\" height=\"450\" data-attachment-id=\"21410\" data-permalink=\"https:\/\/www.paudalho.pe.gov.br\/portal\/em-clima-de-natal-prefeitura-do-paudalho-realiza-cantata-natalina\/15-6\/\" data-orig-file=\"https:\/\/www.paudalho.pe.gov.br\/portal\/wp-content\/uploads\/2021\/12\/15.jpeg\" data-orig-size=\"1280,853\" data-comments-opened=\"1\" data-image-meta=\"{&quot;aperture&quot;:&quot;0&quot;,&quot;credit&quot;:&quot;&quot;,&quot;camera&quot;:&quot;&quot;,&quot;caption&quot;:&quot;&quot;,&quot;created_timestamp&quot;:&quot;0&quot;,&quot;copyright&quot;:&quot;&quot;,&quot;focal_length&quot;:&quot;0&quot;,&quot;iso&quot;:&quot;0&quot;,&quot;shutter_speed&quot;:&quot;0&quot;,&quot;title&quot;:&quot;&quot;,&quot;orientation&quot;:&quot;0&quot;}\" data-image-title=\"15\" data-image-description=\"\" data-image-caption=\"\" data-medium-file=\"https:\/\/www.paudalho.pe.gov.br\/portal\/wp-content\/uploads\/2021\/12\/15-350x230.jpeg\" data-large-file=\"https:\/\/www.paudalho.pe.gov.br\/portal\/wp-content\/uploads\/2021\/12\/15-800x450.jpeg\" src=\"https:\/\/www.paudalho.pe.gov.br\/portal\/wp-content\/uploads\/2021\/12\/15-800x450.jpeg\" alt=\"\" data-id=\"21410\" data-full-url=\"https:\/\/www.paudalho.pe.gov.br\/portal\/wp-content\/uploads\/2021\/12\/15.jpeg\" data-link=\"https:\/\/www.paudalho.pe.gov.br\/portal\/?attachment_id=21410\" class=\"wp-image-21410\"\/><\/figure><\/li><li class=\"blocks-gallery-item\"><figure><img loading=\"lazy\" decoding=\"async\" width=\"800\" height=\"450\" data-attachment-id=\"21411\" data-permalink=\"https:\/\/www.paudalho.pe.gov.br\/portal\/em-clima-de-natal-prefeitura-do-paudalho-realiza-cantata-natalina\/16-6\/\" data-orig-file=\"https:\/\/www.paudalho.pe.gov.br\/portal\/wp-content\/uploads\/2021\/12\/16.jpeg\" data-orig-size=\"1280,853\" data-comments-opened=\"1\" data-image-meta=\"{&quot;aperture&quot;:&quot;0&quot;,&quot;credit&quot;:&quot;&quot;,&quot;camera&quot;:&quot;&quot;,&quot;caption&quot;:&quot;&quot;,&quot;created_timestamp&quot;:&quot;0&quot;,&quot;copyright&quot;:&quot;&quot;,&quot;focal_length&quot;:&quot;0&quot;,&quot;iso&quot;:&quot;0&quot;,&quot;shutter_speed&quot;:&quot;0&quot;,&quot;title&quot;:&quot;&quot;,&quot;orientation&quot;:&quot;0&quot;}\" data-image-title=\"16\" data-image-description=\"\" data-image-caption=\"\" data-medium-file=\"https:\/\/www.paudalho.pe.gov.br\/portal\/wp-content\/uploads\/2021\/12\/16-350x230.jpeg\" data-large-file=\"https:\/\/www.paudalho.pe.gov.br\/portal\/wp-content\/uploads\/2021\/12\/16-800x450.jpeg\" src=\"https:\/\/www.paudalho.pe.gov.br\/portal\/wp-content\/uploads\/2021\/12\/16-800x450.jpeg\" alt=\"\" data-id=\"21411\" data-full-url=\"https:\/\/www.paudalho.pe.gov.br\/portal\/wp-content\/uploads\/2021\/12\/16.jpeg\" data-link=\"https:\/\/www.paudalho.pe.gov.br\/portal\/?attachment_id=21411\" class=\"wp-image-21411\"\/><\/figure><\/li><li class=\"blocks-gallery-item\"><figure><img loading=\"lazy\" decoding=\"async\" width=\"800\" height=\"450\" data-attachment-id=\"21413\" data-permalink=\"https:\/\/www.paudalho.pe.gov.br\/portal\/em-clima-de-natal-prefeitura-do-paudalho-realiza-cantata-natalina\/18-6\/\" data-orig-file=\"https:\/\/www.paudalho.pe.gov.br\/portal\/wp-content\/uploads\/2021\/12\/18.jpeg\" data-orig-size=\"853,1280\" data-comments-opened=\"1\" data-image-meta=\"{&quot;aperture&quot;:&quot;0&quot;,&quot;credit&quot;:&quot;&quot;,&quot;camera&quot;:&quot;&quot;,&quot;caption&quot;:&quot;&quot;,&quot;created_timestamp&quot;:&quot;0&quot;,&quot;copyright&quot;:&quot;&quot;,&quot;focal_length&quot;:&quot;0&quot;,&quot;iso&quot;:&quot;0&quot;,&quot;shutter_speed&quot;:&quot;0&quot;,&quot;title&quot;:&quot;&quot;,&quot;orientation&quot;:&quot;0&quot;}\" data-image-title=\"18\" data-image-description=\"\" data-image-caption=\"\" data-medium-file=\"https:\/\/www.paudalho.pe.gov.br\/portal\/wp-content\/uploads\/2021\/12\/18-350x230.jpeg\" data-large-file=\"https:\/\/www.paudalho.pe.gov.br\/portal\/wp-content\/uploads\/2021\/12\/18-800x450.jpeg\" src=\"https:\/\/www.paudalho.pe.gov.br\/portal\/wp-content\/uploads\/2021\/12\/18-800x450.jpeg\" alt=\"\" data-id=\"21413\" data-full-url=\"https:\/\/www.paudalho.pe.gov.br\/portal\/wp-content\/uploads\/2021\/12\/18.jpeg\" data-link=\"https:\/\/www.paudalho.pe.gov.br\/portal\/?attachment_id=21413\" class=\"wp-image-21413\"\/><\/figure><\/li><li class=\"blocks-gallery-item\"><figure><img loading=\"lazy\" decoding=\"async\" width=\"800\" height=\"450\" data-attachment-id=\"21414\" data-permalink=\"https:\/\/www.paudalho.pe.gov.br\/portal\/em-clima-de-natal-prefeitura-do-paudalho-realiza-cantata-natalina\/whatsapp-image-2021-12-18-at-23-21-17-3\/\" data-orig-file=\"https:\/\/www.paudalho.pe.gov.br\/portal\/wp-content\/uploads\/2021\/12\/WhatsApp-Image-2021-12-18-at-23.21.17-3.jpeg\" data-orig-size=\"853,1280\" data-comments-opened=\"1\" data-image-meta=\"{&quot;aperture&quot;:&quot;0&quot;,&quot;credit&quot;:&quot;&quot;,&quot;camera&quot;:&quot;&quot;,&quot;caption&quot;:&quot;&quot;,&quot;created_timestamp&quot;:&quot;0&quot;,&quot;copyright&quot;:&quot;&quot;,&quot;focal_length&quot;:&quot;0&quot;,&quot;iso&quot;:&quot;0&quot;,&quot;shutter_speed&quot;:&quot;0&quot;,&quot;title&quot;:&quot;&quot;,&quot;orientation&quot;:&quot;0&quot;}\" data-image-title=\"WhatsApp-Image-2021-12-18-at-23.21.17-3\" data-image-description=\"\" data-image-caption=\"\" data-medium-file=\"https:\/\/www.paudalho.pe.gov.br\/portal\/wp-content\/uploads\/2021\/12\/WhatsApp-Image-2021-12-18-at-23.21.17-3-350x230.jpeg\" data-large-file=\"https:\/\/www.paudalho.pe.gov.br\/portal\/wp-content\/uploads\/2021\/12\/WhatsApp-Image-2021-12-18-at-23.21.17-3-800x450.jpeg\" src=\"https:\/\/www.paudalho.pe.gov.br\/portal\/wp-content\/uploads\/2021\/12\/WhatsApp-Image-2021-12-18-at-23.21.17-3-800x450.jpeg\" alt=\"\" data-id=\"21414\" data-full-url=\"https:\/\/www.paudalho.pe.gov.br\/portal\/wp-content\/uploads\/2021\/12\/WhatsApp-Image-2021-12-18-at-23.21.17-3.jpeg\" data-link=\"https:\/\/www.paudalho.pe.gov.br\/portal\/?attachment_id=21414\" class=\"wp-image-21414\"\/><\/figure><\/li><li class=\"blocks-gallery-item\"><figure><img loading=\"lazy\" decoding=\"async\" width=\"800\" height=\"450\" data-attachment-id=\"21415\" data-permalink=\"https:\/\/www.paudalho.pe.gov.br\/portal\/em-clima-de-natal-prefeitura-do-paudalho-realiza-cantata-natalina\/whatsapp-image-2021-12-18-at-23-21-17\/\" data-orig-file=\"https:\/\/www.paudalho.pe.gov.br\/portal\/wp-content\/uploads\/2021\/12\/WhatsApp-Image-2021-12-18-at-23.21.17.jpeg\" data-orig-size=\"853,1280\" data-comments-opened=\"1\" data-image-meta=\"{&quot;aperture&quot;:&quot;0&quot;,&quot;credit&quot;:&quot;&quot;,&quot;camera&quot;:&quot;&quot;,&quot;caption&quot;:&quot;&quot;,&quot;created_timestamp&quot;:&quot;0&quot;,&quot;copyright&quot;:&quot;&quot;,&quot;focal_length&quot;:&quot;0&quot;,&quot;iso&quot;:&quot;0&quot;,&quot;shutter_speed&quot;:&quot;0&quot;,&quot;title&quot;:&quot;&quot;,&quot;orientation&quot;:&quot;0&quot;}\" data-image-title=\"WhatsApp-Image-2021-12-18-at-23.21.17\" data-image-description=\"\" data-image-caption=\"\" data-medium-file=\"https:\/\/www.paudalho.pe.gov.br\/portal\/wp-content\/uploads\/2021\/12\/WhatsApp-Image-2021-12-18-at-23.21.17-350x230.jpeg\" data-large-file=\"https:\/\/www.paudalho.pe.gov.br\/portal\/wp-content\/uploads\/2021\/12\/WhatsApp-Image-2021-12-18-at-23.21.17-800x450.jpeg\" src=\"https:\/\/www.paudalho.pe.gov.br\/portal\/wp-content\/uploads\/2021\/12\/WhatsApp-Image-2021-12-18-at-23.21.17-800x450.jpeg\" alt=\"\" data-id=\"21415\" data-full-url=\"https:\/\/www.paudalho.pe.gov.br\/portal\/wp-content\/uploads\/2021\/12\/WhatsApp-Image-2021-12-18-at-23.21.17.jpeg\" data-link=\"https:\/\/www.paudalho.pe.gov.br\/portal\/?attachment_id=21415\" class=\"wp-image-21415\"\/><\/figure><\/li><li class=\"blocks-gallery-item\"><figure><img loading=\"lazy\" decoding=\"async\" width=\"800\" height=\"450\" data-attachment-id=\"21416\" data-permalink=\"https:\/\/www.paudalho.pe.gov.br\/portal\/em-clima-de-natal-prefeitura-do-paudalho-realiza-cantata-natalina\/whatsapp-image-2021-12-18-at-23-21-18-1\/\" data-orig-file=\"https:\/\/www.paudalho.pe.gov.br\/portal\/wp-content\/uploads\/2021\/12\/WhatsApp-Image-2021-12-18-at-23.21.18-1.jpeg\" data-orig-size=\"1280,853\" data-comments-opened=\"1\" data-image-meta=\"{&quot;aperture&quot;:&quot;0&quot;,&quot;credit&quot;:&quot;&quot;,&quot;camera&quot;:&quot;&quot;,&quot;caption&quot;:&quot;&quot;,&quot;created_timestamp&quot;:&quot;0&quot;,&quot;copyright&quot;:&quot;&quot;,&quot;focal_length&quot;:&quot;0&quot;,&quot;iso&quot;:&quot;0&quot;,&quot;shutter_speed&quot;:&quot;0&quot;,&quot;title&quot;:&quot;&quot;,&quot;orientation&quot;:&quot;0&quot;}\" data-image-title=\"WhatsApp-Image-2021-12-18-at-23.21.18-1\" data-image-description=\"\" data-image-caption=\"\" data-medium-file=\"https:\/\/www.paudalho.pe.gov.br\/portal\/wp-content\/uploads\/2021\/12\/WhatsApp-Image-2021-12-18-at-23.21.18-1-350x230.jpeg\" data-large-file=\"https:\/\/www.paudalho.pe.gov.br\/portal\/wp-content\/uploads\/2021\/12\/WhatsApp-Image-2021-12-18-at-23.21.18-1-800x450.jpeg\" src=\"https:\/\/www.paudalho.pe.gov.br\/portal\/wp-content\/uploads\/2021\/12\/WhatsApp-Image-2021-12-18-at-23.21.18-1-800x450.jpeg\" alt=\"\" data-id=\"21416\" data-full-url=\"https:\/\/www.paudalho.pe.gov.br\/portal\/wp-content\/uploads\/2021\/12\/WhatsApp-Image-2021-12-18-at-23.21.18-1.jpeg\" data-link=\"https:\/\/www.paudalho.pe.gov.br\/portal\/?attachment_id=21416\" class=\"wp-image-21416\"\/><\/figure><\/li><li class=\"blocks-gallery-item\"><figure><img loading=\"lazy\" decoding=\"async\" width=\"800\" height=\"450\" data-attachment-id=\"21417\" data-permalink=\"https:\/\/www.paudalho.pe.gov.br\/portal\/em-clima-de-natal-prefeitura-do-paudalho-realiza-cantata-natalina\/whatsapp-image-2021-12-18-at-23-21-18-2\/\" data-orig-file=\"https:\/\/www.paudalho.pe.gov.br\/portal\/wp-content\/uploads\/2021\/12\/WhatsApp-Image-2021-12-18-at-23.21.18-2.jpeg\" data-orig-size=\"1280,853\" data-comments-opened=\"1\" data-image-meta=\"{&quot;aperture&quot;:&quot;0&quot;,&quot;credit&quot;:&quot;&quot;,&quot;camera&quot;:&quot;&quot;,&quot;caption&quot;:&quot;&quot;,&quot;created_timestamp&quot;:&quot;0&quot;,&quot;copyright&quot;:&quot;&quot;,&quot;focal_length&quot;:&quot;0&quot;,&quot;iso&quot;:&quot;0&quot;,&quot;shutter_speed&quot;:&quot;0&quot;,&quot;title&quot;:&quot;&quot;,&quot;orientation&quot;:&quot;0&quot;}\" data-image-title=\"WhatsApp-Image-2021-12-18-at-23.21.18-2\" data-image-description=\"\" data-image-caption=\"\" data-medium-file=\"https:\/\/www.paudalho.pe.gov.br\/portal\/wp-content\/uploads\/2021\/12\/WhatsApp-Image-2021-12-18-at-23.21.18-2-350x230.jpeg\" data-large-file=\"https:\/\/www.paudalho.pe.gov.br\/portal\/wp-content\/uploads\/2021\/12\/WhatsApp-Image-2021-12-18-at-23.21.18-2-800x450.jpeg\" src=\"https:\/\/www.paudalho.pe.gov.br\/portal\/wp-content\/uploads\/2021\/12\/WhatsApp-Image-2021-12-18-at-23.21.18-2-800x450.jpeg\" alt=\"\" data-id=\"21417\" data-full-url=\"https:\/\/www.paudalho.pe.gov.br\/portal\/wp-content\/uploads\/2021\/12\/WhatsApp-Image-2021-12-18-at-23.21.18-2.jpeg\" data-link=\"https:\/\/www.paudalho.pe.gov.br\/portal\/?attachment_id=21417\" class=\"wp-image-21417\"\/><\/figure><\/li><li class=\"blocks-gallery-item\"><figure><img loading=\"lazy\" decoding=\"async\" width=\"800\" height=\"450\" data-attachment-id=\"21424\" data-permalink=\"https:\/\/www.paudalho.pe.gov.br\/portal\/em-clima-de-natal-prefeitura-do-paudalho-realiza-cantata-natalina\/whatsapp-image-2021-12-18-at-23-21-24-2\/\" data-orig-file=\"https:\/\/www.paudalho.pe.gov.br\/portal\/wp-content\/uploads\/2021\/12\/WhatsApp-Image-2021-12-18-at-23.21.24-2.jpeg\" data-orig-size=\"853,1280\" data-comments-opened=\"1\" data-image-meta=\"{&quot;aperture&quot;:&quot;0&quot;,&quot;credit&quot;:&quot;&quot;,&quot;camera&quot;:&quot;&quot;,&quot;caption&quot;:&quot;&quot;,&quot;created_timestamp&quot;:&quot;0&quot;,&quot;copyright&quot;:&quot;&quot;,&quot;focal_length&quot;:&quot;0&quot;,&quot;iso&quot;:&quot;0&quot;,&quot;shutter_speed&quot;:&quot;0&quot;,&quot;title&quot;:&quot;&quot;,&quot;orientation&quot;:&quot;0&quot;}\" data-image-title=\"WhatsApp-Image-2021-12-18-at-23.21.24-2\" data-image-description=\"\" data-image-caption=\"\" data-medium-file=\"https:\/\/www.paudalho.pe.gov.br\/portal\/wp-content\/uploads\/2021\/12\/WhatsApp-Image-2021-12-18-at-23.21.24-2-350x230.jpeg\" data-large-file=\"https:\/\/www.paudalho.pe.gov.br\/portal\/wp-content\/uploads\/2021\/12\/WhatsApp-Image-2021-12-18-at-23.21.24-2-800x450.jpeg\" src=\"https:\/\/www.paudalho.pe.gov.br\/portal\/wp-content\/uploads\/2021\/12\/WhatsApp-Image-2021-12-18-at-23.21.24-2-800x450.jpeg\" alt=\"\" data-id=\"21424\" data-full-url=\"https:\/\/www.paudalho.pe.gov.br\/portal\/wp-content\/uploads\/2021\/12\/WhatsApp-Image-2021-12-18-at-23.21.24-2.jpeg\" data-link=\"https:\/\/www.paudalho.pe.gov.br\/portal\/?attachment_id=21424\" class=\"wp-image-21424\"\/><\/figure><\/li><li class=\"blocks-gallery-item\"><figure><img loading=\"lazy\" decoding=\"async\" width=\"800\" height=\"450\" data-attachment-id=\"21418\" data-permalink=\"https:\/\/www.paudalho.pe.gov.br\/portal\/em-clima-de-natal-prefeitura-do-paudalho-realiza-cantata-natalina\/whatsapp-image-2021-12-18-at-23-21-18-3\/\" data-orig-file=\"https:\/\/www.paudalho.pe.gov.br\/portal\/wp-content\/uploads\/2021\/12\/WhatsApp-Image-2021-12-18-at-23.21.18-3.jpeg\" data-orig-size=\"1280,853\" data-comments-opened=\"1\" data-image-meta=\"{&quot;aperture&quot;:&quot;0&quot;,&quot;credit&quot;:&quot;&quot;,&quot;camera&quot;:&quot;&quot;,&quot;caption&quot;:&quot;&quot;,&quot;created_timestamp&quot;:&quot;0&quot;,&quot;copyright&quot;:&quot;&quot;,&quot;focal_length&quot;:&quot;0&quot;,&quot;iso&quot;:&quot;0&quot;,&quot;shutter_speed&quot;:&quot;0&quot;,&quot;title&quot;:&quot;&quot;,&quot;orientation&quot;:&quot;0&quot;}\" data-image-title=\"WhatsApp-Image-2021-12-18-at-23.21.18-3\" data-image-description=\"\" data-image-caption=\"\" data-medium-file=\"https:\/\/www.paudalho.pe.gov.br\/portal\/wp-content\/uploads\/2021\/12\/WhatsApp-Image-2021-12-18-at-23.21.18-3-350x230.jpeg\" data-large-file=\"https:\/\/www.paudalho.pe.gov.br\/portal\/wp-content\/uploads\/2021\/12\/WhatsApp-Image-2021-12-18-at-23.21.18-3-800x450.jpeg\" src=\"https:\/\/www.paudalho.pe.gov.br\/portal\/wp-content\/uploads\/2021\/12\/WhatsApp-Image-2021-12-18-at-23.21.18-3-800x450.jpeg\" alt=\"\" data-id=\"21418\" data-full-url=\"https:\/\/www.paudalho.pe.gov.br\/portal\/wp-content\/uploads\/2021\/12\/WhatsApp-Image-2021-12-18-at-23.21.18-3.jpeg\" data-link=\"https:\/\/www.paudalho.pe.gov.br\/portal\/?attachment_id=21418\" class=\"wp-image-21418\"\/><\/figure><\/li><li class=\"blocks-gallery-item\"><figure><img loading=\"lazy\" decoding=\"async\" width=\"800\" height=\"450\" data-attachment-id=\"21421\" data-permalink=\"https:\/\/www.paudalho.pe.gov.br\/portal\/em-clima-de-natal-prefeitura-do-paudalho-realiza-cantata-natalina\/whatsapp-image-2021-12-18-at-23-21-19\/\" data-orig-file=\"https:\/\/www.paudalho.pe.gov.br\/portal\/wp-content\/uploads\/2021\/12\/WhatsApp-Image-2021-12-18-at-23.21.19.jpeg\" data-orig-size=\"1280,853\" data-comments-opened=\"1\" data-image-meta=\"{&quot;aperture&quot;:&quot;0&quot;,&quot;credit&quot;:&quot;&quot;,&quot;camera&quot;:&quot;&quot;,&quot;caption&quot;:&quot;&quot;,&quot;created_timestamp&quot;:&quot;0&quot;,&quot;copyright&quot;:&quot;&quot;,&quot;focal_length&quot;:&quot;0&quot;,&quot;iso&quot;:&quot;0&quot;,&quot;shutter_speed&quot;:&quot;0&quot;,&quot;title&quot;:&quot;&quot;,&quot;orientation&quot;:&quot;0&quot;}\" data-image-title=\"WhatsApp-Image-2021-12-18-at-23.21.19\" data-image-description=\"\" data-image-caption=\"\" data-medium-file=\"https:\/\/www.paudalho.pe.gov.br\/portal\/wp-content\/uploads\/2021\/12\/WhatsApp-Image-2021-12-18-at-23.21.19-350x230.jpeg\" data-large-file=\"https:\/\/www.paudalho.pe.gov.br\/portal\/wp-content\/uploads\/2021\/12\/WhatsApp-Image-2021-12-18-at-23.21.19-800x450.jpeg\" src=\"https:\/\/www.paudalho.pe.gov.br\/portal\/wp-content\/uploads\/2021\/12\/WhatsApp-Image-2021-12-18-at-23.21.19-800x450.jpeg\" alt=\"\" data-id=\"21421\" data-full-url=\"https:\/\/www.paudalho.pe.gov.br\/portal\/wp-content\/uploads\/2021\/12\/WhatsApp-Image-2021-12-18-at-23.21.19.jpeg\" data-link=\"https:\/\/www.paudalho.pe.gov.br\/portal\/?attachment_id=21421\" class=\"wp-image-21421\"\/><\/figure><\/li><li class=\"blocks-gallery-item\"><figure><img loading=\"lazy\" decoding=\"async\" width=\"800\" height=\"450\" data-attachment-id=\"21422\" data-permalink=\"https:\/\/www.paudalho.pe.gov.br\/portal\/em-clima-de-natal-prefeitura-do-paudalho-realiza-cantata-natalina\/whatsapp-image-2021-12-18-at-23-21-23\/\" data-orig-file=\"https:\/\/www.paudalho.pe.gov.br\/portal\/wp-content\/uploads\/2021\/12\/WhatsApp-Image-2021-12-18-at-23.21.23.jpeg\" data-orig-size=\"1280,853\" data-comments-opened=\"1\" data-image-meta=\"{&quot;aperture&quot;:&quot;0&quot;,&quot;credit&quot;:&quot;&quot;,&quot;camera&quot;:&quot;&quot;,&quot;caption&quot;:&quot;&quot;,&quot;created_timestamp&quot;:&quot;0&quot;,&quot;copyright&quot;:&quot;&quot;,&quot;focal_length&quot;:&quot;0&quot;,&quot;iso&quot;:&quot;0&quot;,&quot;shutter_speed&quot;:&quot;0&quot;,&quot;title&quot;:&quot;&quot;,&quot;orientation&quot;:&quot;0&quot;}\" data-image-title=\"WhatsApp-Image-2021-12-18-at-23.21.23\" data-image-description=\"\" data-image-caption=\"\" data-medium-file=\"https:\/\/www.paudalho.pe.gov.br\/portal\/wp-content\/uploads\/2021\/12\/WhatsApp-Image-2021-12-18-at-23.21.23-350x230.jpeg\" data-large-file=\"https:\/\/www.paudalho.pe.gov.br\/portal\/wp-content\/uploads\/2021\/12\/WhatsApp-Image-2021-12-18-at-23.21.23-800x450.jpeg\" src=\"https:\/\/www.paudalho.pe.gov.br\/portal\/wp-content\/uploads\/2021\/12\/WhatsApp-Image-2021-12-18-at-23.21.23-800x450.jpeg\" alt=\"\" data-id=\"21422\" data-full-url=\"https:\/\/www.paudalho.pe.gov.br\/portal\/wp-content\/uploads\/2021\/12\/WhatsApp-Image-2021-12-18-at-23.21.23.jpeg\" data-link=\"https:\/\/www.paudalho.pe.gov.br\/portal\/?attachment_id=21422\" class=\"wp-image-21422\"\/><\/figure><\/li><li class=\"blocks-gallery-item\"><figure><img loading=\"lazy\" decoding=\"async\" width=\"800\" height=\"450\" data-attachment-id=\"21423\" data-permalink=\"https:\/\/www.paudalho.pe.gov.br\/portal\/em-clima-de-natal-prefeitura-do-paudalho-realiza-cantata-natalina\/whatsapp-image-2021-12-18-at-23-21-24-1\/\" data-orig-file=\"https:\/\/www.paudalho.pe.gov.br\/portal\/wp-content\/uploads\/2021\/12\/WhatsApp-Image-2021-12-18-at-23.21.24-1.jpeg\" data-orig-size=\"1280,853\" data-comments-opened=\"1\" data-image-meta=\"{&quot;aperture&quot;:&quot;0&quot;,&quot;credit&quot;:&quot;&quot;,&quot;camera&quot;:&quot;&quot;,&quot;caption&quot;:&quot;&quot;,&quot;created_timestamp&quot;:&quot;0&quot;,&quot;copyright&quot;:&quot;&quot;,&quot;focal_length&quot;:&quot;0&quot;,&quot;iso&quot;:&quot;0&quot;,&quot;shutter_speed&quot;:&quot;0&quot;,&quot;title&quot;:&quot;&quot;,&quot;orientation&quot;:&quot;0&quot;}\" data-image-title=\"WhatsApp-Image-2021-12-18-at-23.21.24-1\" data-image-description=\"\" data-image-caption=\"\" data-medium-file=\"https:\/\/www.paudalho.pe.gov.br\/portal\/wp-content\/uploads\/2021\/12\/WhatsApp-Image-2021-12-18-at-23.21.24-1-350x230.jpeg\" data-large-file=\"https:\/\/www.paudalho.pe.gov.br\/portal\/wp-content\/uploads\/2021\/12\/WhatsApp-Image-2021-12-18-at-23.21.24-1-800x450.jpeg\" src=\"https:\/\/www.paudalho.pe.gov.br\/portal\/wp-content\/uploads\/2021\/12\/WhatsApp-Image-2021-12-18-at-23.21.24-1-800x450.jpeg\" alt=\"\" data-id=\"21423\" data-full-url=\"https:\/\/www.paudalho.pe.gov.br\/portal\/wp-content\/uploads\/2021\/12\/WhatsApp-Image-2021-12-18-at-23.21.24-1.jpeg\" data-link=\"https:\/\/www.paudalho.pe.gov.br\/portal\/?attachment_id=21423\" class=\"wp-image-21423\"\/><\/figure><\/li><li class=\"blocks-gallery-item\"><figure><img loading=\"lazy\" decoding=\"async\" width=\"800\" height=\"450\" data-attachment-id=\"21426\" data-permalink=\"https:\/\/www.paudalho.pe.gov.br\/portal\/em-clima-de-natal-prefeitura-do-paudalho-realiza-cantata-natalina\/whatsapp-image-2021-12-18-at-23-21-24\/\" data-orig-file=\"https:\/\/www.paudalho.pe.gov.br\/portal\/wp-content\/uploads\/2021\/12\/WhatsApp-Image-2021-12-18-at-23.21.24.jpeg\" data-orig-size=\"1280,853\" data-comments-opened=\"1\" data-image-meta=\"{&quot;aperture&quot;:&quot;0&quot;,&quot;credit&quot;:&quot;&quot;,&quot;camera&quot;:&quot;&quot;,&quot;caption&quot;:&quot;&quot;,&quot;created_timestamp&quot;:&quot;0&quot;,&quot;copyright&quot;:&quot;&quot;,&quot;focal_length&quot;:&quot;0&quot;,&quot;iso&quot;:&quot;0&quot;,&quot;shutter_speed&quot;:&quot;0&quot;,&quot;title&quot;:&quot;&quot;,&quot;orientation&quot;:&quot;0&quot;}\" data-image-title=\"WhatsApp-Image-2021-12-18-at-23.21.24\" data-image-description=\"\" data-image-caption=\"\" data-medium-file=\"https:\/\/www.paudalho.pe.gov.br\/portal\/wp-content\/uploads\/2021\/12\/WhatsApp-Image-2021-12-18-at-23.21.24-350x230.jpeg\" data-large-file=\"https:\/\/www.paudalho.pe.gov.br\/portal\/wp-content\/uploads\/2021\/12\/WhatsApp-Image-2021-12-18-at-23.21.24-800x450.jpeg\" src=\"https:\/\/www.paudalho.pe.gov.br\/portal\/wp-content\/uploads\/2021\/12\/WhatsApp-Image-2021-12-18-at-23.21.24-800x450.jpeg\" alt=\"\" data-id=\"21426\" data-full-url=\"https:\/\/www.paudalho.pe.gov.br\/portal\/wp-content\/uploads\/2021\/12\/WhatsApp-Image-2021-12-18-at-23.21.24.jpeg\" data-link=\"https:\/\/www.paudalho.pe.gov.br\/portal\/?attachment_id=21426\" class=\"wp-image-21426\"\/><\/figure><\/li><li class=\"blocks-gallery-item\"><figure><img loading=\"lazy\" decoding=\"async\" width=\"800\" height=\"450\" data-attachment-id=\"21425\" data-permalink=\"https:\/\/www.paudalho.pe.gov.br\/portal\/em-clima-de-natal-prefeitura-do-paudalho-realiza-cantata-natalina\/whatsapp-image-2021-12-18-at-23-21-24-3\/\" data-orig-file=\"https:\/\/www.paudalho.pe.gov.br\/portal\/wp-content\/uploads\/2021\/12\/WhatsApp-Image-2021-12-18-at-23.21.24-3.jpeg\" data-orig-size=\"1280,719\" data-comments-opened=\"1\" data-image-meta=\"{&quot;aperture&quot;:&quot;0&quot;,&quot;credit&quot;:&quot;&quot;,&quot;camera&quot;:&quot;&quot;,&quot;caption&quot;:&quot;&quot;,&quot;created_timestamp&quot;:&quot;0&quot;,&quot;copyright&quot;:&quot;&quot;,&quot;focal_length&quot;:&quot;0&quot;,&quot;iso&quot;:&quot;0&quot;,&quot;shutter_speed&quot;:&quot;0&quot;,&quot;title&quot;:&quot;&quot;,&quot;orientation&quot;:&quot;0&quot;}\" data-image-title=\"WhatsApp-Image-2021-12-18-at-23.21.24-3\" data-image-description=\"\" data-image-caption=\"\" data-medium-file=\"https:\/\/www.paudalho.pe.gov.br\/portal\/wp-content\/uploads\/2021\/12\/WhatsApp-Image-2021-12-18-at-23.21.24-3-350x230.jpeg\" data-large-file=\"https:\/\/www.paudalho.pe.gov.br\/portal\/wp-content\/uploads\/2021\/12\/WhatsApp-Image-2021-12-18-at-23.21.24-3-800x450.jpeg\" src=\"https:\/\/www.paudalho.pe.gov.br\/portal\/wp-content\/uploads\/2021\/12\/WhatsApp-Image-2021-12-18-at-23.21.24-3-800x450.jpeg\" alt=\"\" data-id=\"21425\" data-full-url=\"https:\/\/www.paudalho.pe.gov.br\/portal\/wp-content\/uploads\/2021\/12\/WhatsApp-Image-2021-12-18-at-23.21.24-3.jpeg\" data-link=\"https:\/\/www.paudalho.pe.gov.br\/portal\/?attachment_id=21425\" class=\"wp-image-21425\" srcset=\"https:\/\/www.paudalho.pe.gov.br\/portal\/wp-content\/uploads\/2021\/12\/WhatsApp-Image-2021-12-18-at-23.21.24-3-800x450.jpeg 800w, https:\/\/www.paudalho.pe.gov.br\/portal\/wp-content\/uploads\/2021\/12\/WhatsApp-Image-2021-12-18-at-23.21.24-3-768x431.jpeg 768w, https:\/\/www.paudalho.pe.gov.br\/portal\/wp-content\/uploads\/2021\/12\/WhatsApp-Image-2021-12-18-at-23.21.24-3.jpeg 1280w\" sizes=\"auto, (max-width: 800px) 100vw, 800px\" \/><\/figure><\/li><li class=\"blocks-gallery-item\"><figure><img loading=\"lazy\" decoding=\"async\" width=\"800\" height=\"450\" data-attachment-id=\"21431\" data-permalink=\"https:\/\/www.paudalho.pe.gov.br\/portal\/em-clima-de-natal-prefeitura-do-paudalho-realiza-cantata-natalina\/whatsapp-image-2021-12-18-at-23-21-25\/\" data-orig-file=\"https:\/\/www.paudalho.pe.gov.br\/portal\/wp-content\/uploads\/2021\/12\/WhatsApp-Image-2021-12-18-at-23.21.25.jpeg\" data-orig-size=\"1280,719\" data-comments-opened=\"1\" data-image-meta=\"{&quot;aperture&quot;:&quot;0&quot;,&quot;credit&quot;:&quot;&quot;,&quot;camera&quot;:&quot;&quot;,&quot;caption&quot;:&quot;&quot;,&quot;created_timestamp&quot;:&quot;0&quot;,&quot;copyright&quot;:&quot;&quot;,&quot;focal_length&quot;:&quot;0&quot;,&quot;iso&quot;:&quot;0&quot;,&quot;shutter_speed&quot;:&quot;0&quot;,&quot;title&quot;:&quot;&quot;,&quot;orientation&quot;:&quot;0&quot;}\" data-image-title=\"WhatsApp-Image-2021-12-18-at-23.21.25\" data-image-description=\"\" data-image-caption=\"\" data-medium-file=\"https:\/\/www.paudalho.pe.gov.br\/portal\/wp-content\/uploads\/2021\/12\/WhatsApp-Image-2021-12-18-at-23.21.25-350x230.jpeg\" data-large-file=\"https:\/\/www.paudalho.pe.gov.br\/portal\/wp-content\/uploads\/2021\/12\/WhatsApp-Image-2021-12-18-at-23.21.25-800x450.jpeg\" src=\"https:\/\/www.paudalho.pe.gov.br\/portal\/wp-content\/uploads\/2021\/12\/WhatsApp-Image-2021-12-18-at-23.21.25-800x450.jpeg\" alt=\"\" data-id=\"21431\" data-full-url=\"https:\/\/www.paudalho.pe.gov.br\/portal\/wp-content\/uploads\/2021\/12\/WhatsApp-Image-2021-12-18-at-23.21.25.jpeg\" data-link=\"https:\/\/www.paudalho.pe.gov.br\/portal\/?attachment_id=21431\" class=\"wp-image-21431\" srcset=\"https:\/\/www.paudalho.pe.gov.br\/portal\/wp-content\/uploads\/2021\/12\/WhatsApp-Image-2021-12-18-at-23.21.25-800x450.jpeg 800w, https:\/\/www.paudalho.pe.gov.br\/portal\/wp-content\/uploads\/2021\/12\/WhatsApp-Image-2021-12-18-at-23.21.25-768x431.jpeg 768w, https:\/\/www.paudalho.pe.gov.br\/portal\/wp-content\/uploads\/2021\/12\/WhatsApp-Image-2021-12-18-at-23.21.25.jpeg 1280w\" sizes=\"auto, (max-width: 800px) 100vw, 800px\" \/><\/figure><\/li><li class=\"blocks-gallery-item\"><figure><img loading=\"lazy\" decoding=\"async\" width=\"800\" height=\"450\" data-attachment-id=\"21396\" data-permalink=\"https:\/\/www.paudalho.pe.gov.br\/portal\/em-clima-de-natal-prefeitura-do-paudalho-realiza-cantata-natalina\/01-6\/\" data-orig-file=\"https:\/\/www.paudalho.pe.gov.br\/portal\/wp-content\/uploads\/2021\/12\/01.jpeg\" data-orig-size=\"1280,719\" data-comments-opened=\"1\" data-image-meta=\"{&quot;aperture&quot;:&quot;0&quot;,&quot;credit&quot;:&quot;&quot;,&quot;camera&quot;:&quot;&quot;,&quot;caption&quot;:&quot;&quot;,&quot;created_timestamp&quot;:&quot;0&quot;,&quot;copyright&quot;:&quot;&quot;,&quot;focal_length&quot;:&quot;0&quot;,&quot;iso&quot;:&quot;0&quot;,&quot;shutter_speed&quot;:&quot;0&quot;,&quot;title&quot;:&quot;&quot;,&quot;orientation&quot;:&quot;0&quot;}\" data-image-title=\"01\" data-image-description=\"\" data-image-caption=\"\" data-medium-file=\"https:\/\/www.paudalho.pe.gov.br\/portal\/wp-content\/uploads\/2021\/12\/01-350x230.jpeg\" data-large-file=\"https:\/\/www.paudalho.pe.gov.br\/portal\/wp-content\/uploads\/2021\/12\/01-800x450.jpeg\" src=\"https:\/\/www.paudalho.pe.gov.br\/portal\/wp-content\/uploads\/2021\/12\/01-800x450.jpeg\" alt=\"\" data-id=\"21396\" data-full-url=\"https:\/\/www.paudalho.pe.gov.br\/portal\/wp-content\/uploads\/2021\/12\/01.jpeg\" data-link=\"https:\/\/www.paudalho.pe.gov.br\/portal\/?attachment_id=21396\" class=\"wp-image-21396\" srcset=\"https:\/\/www.paudalho.pe.gov.br\/portal\/wp-content\/uploads\/2021\/12\/01-800x450.jpeg 800w, https:\/\/www.paudalho.pe.gov.br\/portal\/wp-content\/uploads\/2021\/12\/01-768x431.jpeg 768w, https:\/\/www.paudalho.pe.gov.br\/portal\/wp-content\/uploads\/2021\/12\/01.jpeg 1280w\" sizes=\"auto, (max-width: 800px) 100vw, 800px\" \/><\/figure><\/li><li class=\"blocks-gallery-item\"><figure><img loading=\"lazy\" decoding=\"async\" width=\"800\" height=\"450\" data-attachment-id=\"21428\" data-permalink=\"https:\/\/www.paudalho.pe.gov.br\/portal\/em-clima-de-natal-prefeitura-do-paudalho-realiza-cantata-natalina\/whatsapp-image-2021-12-18-at-23-21-25-2\/\" data-orig-file=\"https:\/\/www.paudalho.pe.gov.br\/portal\/wp-content\/uploads\/2021\/12\/WhatsApp-Image-2021-12-18-at-23.21.25-2.jpeg\" data-orig-size=\"1280,853\" data-comments-opened=\"1\" data-image-meta=\"{&quot;aperture&quot;:&quot;0&quot;,&quot;credit&quot;:&quot;&quot;,&quot;camera&quot;:&quot;&quot;,&quot;caption&quot;:&quot;&quot;,&quot;created_timestamp&quot;:&quot;0&quot;,&quot;copyright&quot;:&quot;&quot;,&quot;focal_length&quot;:&quot;0&quot;,&quot;iso&quot;:&quot;0&quot;,&quot;shutter_speed&quot;:&quot;0&quot;,&quot;title&quot;:&quot;&quot;,&quot;orientation&quot;:&quot;0&quot;}\" data-image-title=\"WhatsApp-Image-2021-12-18-at-23.21.25-2\" data-image-description=\"\" data-image-caption=\"\" data-medium-file=\"https:\/\/www.paudalho.pe.gov.br\/portal\/wp-content\/uploads\/2021\/12\/WhatsApp-Image-2021-12-18-at-23.21.25-2-350x230.jpeg\" data-large-file=\"https:\/\/www.paudalho.pe.gov.br\/portal\/wp-content\/uploads\/2021\/12\/WhatsApp-Image-2021-12-18-at-23.21.25-2-800x450.jpeg\" src=\"https:\/\/www.paudalho.pe.gov.br\/portal\/wp-content\/uploads\/2021\/12\/WhatsApp-Image-2021-12-18-at-23.21.25-2-800x450.jpeg\" alt=\"\" data-id=\"21428\" data-full-url=\"https:\/\/www.paudalho.pe.gov.br\/portal\/wp-content\/uploads\/2021\/12\/WhatsApp-Image-2021-12-18-at-23.21.25-2.jpeg\" data-link=\"https:\/\/www.paudalho.pe.gov.br\/portal\/?attachment_id=21428\" class=\"wp-image-21428\"\/><\/figure><\/li><li class=\"blocks-gallery-item\"><figure><img loading=\"lazy\" decoding=\"async\" width=\"800\" height=\"450\" data-attachment-id=\"21429\" data-permalink=\"https:\/\/www.paudalho.pe.gov.br\/portal\/em-clima-de-natal-prefeitura-do-paudalho-realiza-cantata-natalina\/whatsapp-image-2021-12-18-at-23-21-25-3\/\" data-orig-file=\"https:\/\/www.paudalho.pe.gov.br\/portal\/wp-content\/uploads\/2021\/12\/WhatsApp-Image-2021-12-18-at-23.21.25-3.jpeg\" data-orig-size=\"1280,853\" data-comments-opened=\"1\" data-image-meta=\"{&quot;aperture&quot;:&quot;0&quot;,&quot;credit&quot;:&quot;&quot;,&quot;camera&quot;:&quot;&quot;,&quot;caption&quot;:&quot;&quot;,&quot;created_timestamp&quot;:&quot;0&quot;,&quot;copyright&quot;:&quot;&quot;,&quot;focal_length&quot;:&quot;0&quot;,&quot;iso&quot;:&quot;0&quot;,&quot;shutter_speed&quot;:&quot;0&quot;,&quot;title&quot;:&quot;&quot;,&quot;orientation&quot;:&quot;0&quot;}\" data-image-title=\"WhatsApp-Image-2021-12-18-at-23.21.25-3\" data-image-description=\"\" data-image-caption=\"\" data-medium-file=\"https:\/\/www.paudalho.pe.gov.br\/portal\/wp-content\/uploads\/2021\/12\/WhatsApp-Image-2021-12-18-at-23.21.25-3-350x230.jpeg\" data-large-file=\"https:\/\/www.paudalho.pe.gov.br\/portal\/wp-content\/uploads\/2021\/12\/WhatsApp-Image-2021-12-18-at-23.21.25-3-800x450.jpeg\" src=\"https:\/\/www.paudalho.pe.gov.br\/portal\/wp-content\/uploads\/2021\/12\/WhatsApp-Image-2021-12-18-at-23.21.25-3-800x450.jpeg\" alt=\"\" data-id=\"21429\" data-full-url=\"https:\/\/www.paudalho.pe.gov.br\/portal\/wp-content\/uploads\/2021\/12\/WhatsApp-Image-2021-12-18-at-23.21.25-3.jpeg\" data-link=\"https:\/\/www.paudalho.pe.gov.br\/portal\/?attachment_id=21429\" class=\"wp-image-21429\"\/><\/figure><\/li><li class=\"blocks-gallery-item\"><figure><img loading=\"lazy\" decoding=\"async\" width=\"800\" height=\"450\" data-attachment-id=\"21430\" data-permalink=\"https:\/\/www.paudalho.pe.gov.br\/portal\/em-clima-de-natal-prefeitura-do-paudalho-realiza-cantata-natalina\/whatsapp-image-2021-12-18-at-23-21-25-4\/\" data-orig-file=\"https:\/\/www.paudalho.pe.gov.br\/portal\/wp-content\/uploads\/2021\/12\/WhatsApp-Image-2021-12-18-at-23.21.25-4.jpeg\" data-orig-size=\"1280,853\" data-comments-opened=\"1\" data-image-meta=\"{&quot;aperture&quot;:&quot;0&quot;,&quot;credit&quot;:&quot;&quot;,&quot;camera&quot;:&quot;&quot;,&quot;caption&quot;:&quot;&quot;,&quot;created_timestamp&quot;:&quot;0&quot;,&quot;copyright&quot;:&quot;&quot;,&quot;focal_length&quot;:&quot;0&quot;,&quot;iso&quot;:&quot;0&quot;,&quot;shutter_speed&quot;:&quot;0&quot;,&quot;title&quot;:&quot;&quot;,&quot;orientation&quot;:&quot;0&quot;}\" data-image-title=\"WhatsApp-Image-2021-12-18-at-23.21.25-4\" data-image-description=\"\" data-image-caption=\"\" data-medium-file=\"https:\/\/www.paudalho.pe.gov.br\/portal\/wp-content\/uploads\/2021\/12\/WhatsApp-Image-2021-12-18-at-23.21.25-4-350x230.jpeg\" data-large-file=\"https:\/\/www.paudalho.pe.gov.br\/portal\/wp-content\/uploads\/2021\/12\/WhatsApp-Image-2021-12-18-at-23.21.25-4-800x450.jpeg\" src=\"https:\/\/www.paudalho.pe.gov.br\/portal\/wp-content\/uploads\/2021\/12\/WhatsApp-Image-2021-12-18-at-23.21.25-4-800x450.jpeg\" alt=\"\" data-id=\"21430\" data-full-url=\"https:\/\/www.paudalho.pe.gov.br\/portal\/wp-content\/uploads\/2021\/12\/WhatsApp-Image-2021-12-18-at-23.21.25-4.jpeg\" data-link=\"https:\/\/www.paudalho.pe.gov.br\/portal\/?attachment_id=21430\" class=\"wp-image-21430\"\/><\/figure><\/li><li class=\"blocks-gallery-item\"><figure><img loading=\"lazy\" decoding=\"async\" width=\"800\" height=\"450\" data-attachment-id=\"21432\" data-permalink=\"https:\/\/www.paudalho.pe.gov.br\/portal\/em-clima-de-natal-prefeitura-do-paudalho-realiza-cantata-natalina\/whatsapp-image-2021-12-18-at-23-21-26-1\/\" data-orig-file=\"https:\/\/www.paudalho.pe.gov.br\/portal\/wp-content\/uploads\/2021\/12\/WhatsApp-Image-2021-12-18-at-23.21.26-1.jpeg\" data-orig-size=\"1280,719\" data-comments-opened=\"1\" data-image-meta=\"{&quot;aperture&quot;:&quot;0&quot;,&quot;credit&quot;:&quot;&quot;,&quot;camera&quot;:&quot;&quot;,&quot;caption&quot;:&quot;&quot;,&quot;created_timestamp&quot;:&quot;0&quot;,&quot;copyright&quot;:&quot;&quot;,&quot;focal_length&quot;:&quot;0&quot;,&quot;iso&quot;:&quot;0&quot;,&quot;shutter_speed&quot;:&quot;0&quot;,&quot;title&quot;:&quot;&quot;,&quot;orientation&quot;:&quot;0&quot;}\" data-image-title=\"WhatsApp-Image-2021-12-18-at-23.21.26-1\" data-image-description=\"\" data-image-caption=\"\" data-medium-file=\"https:\/\/www.paudalho.pe.gov.br\/portal\/wp-content\/uploads\/2021\/12\/WhatsApp-Image-2021-12-18-at-23.21.26-1-350x230.jpeg\" data-large-file=\"https:\/\/www.paudalho.pe.gov.br\/portal\/wp-content\/uploads\/2021\/12\/WhatsApp-Image-2021-12-18-at-23.21.26-1-800x450.jpeg\" src=\"https:\/\/www.paudalho.pe.gov.br\/portal\/wp-content\/uploads\/2021\/12\/WhatsApp-Image-2021-12-18-at-23.21.26-1-800x450.jpeg\" alt=\"\" data-id=\"21432\" data-full-url=\"https:\/\/www.paudalho.pe.gov.br\/portal\/wp-content\/uploads\/2021\/12\/WhatsApp-Image-2021-12-18-at-23.21.26-1.jpeg\" data-link=\"https:\/\/www.paudalho.pe.gov.br\/portal\/?attachment_id=21432\" class=\"wp-image-21432\" srcset=\"https:\/\/www.paudalho.pe.gov.br\/portal\/wp-content\/uploads\/2021\/12\/WhatsApp-Image-2021-12-18-at-23.21.26-1-800x450.jpeg 800w, https:\/\/www.paudalho.pe.gov.br\/portal\/wp-content\/uploads\/2021\/12\/WhatsApp-Image-2021-12-18-at-23.21.26-1-768x431.jpeg 768w, https:\/\/www.paudalho.pe.gov.br\/portal\/wp-content\/uploads\/2021\/12\/WhatsApp-Image-2021-12-18-at-23.21.26-1.jpeg 1280w\" sizes=\"auto, (max-width: 800px) 100vw, 800px\" \/><\/figure><\/li><\/ul><\/figure>\n","protected":false},"excerpt":{"rendered":"<p>No \u00faltimo s\u00e1bado (18), a Prefeitura do Paudalho, por meio de sua Secretaria Municipal de Cultura, Turismo, Lazer e Juventude, realizou uma programa\u00e7\u00e3o especial em comemora\u00e7\u00e3o ao Natal, a Cantata Natalina. O evento teve in\u00edcio \u00e0s 18h e ocorreu na Pra\u00e7a do Ros\u00e1rio, localizada no centro da cidade. O encontro foi planejado com o intuito [&hellip;]<\/p>\n","protected":false},"author":6,"featured_media":21437,"comment_status":"open","ping_status":"open","sticky":false,"template":"","format":"standard","meta":{"_jetpack_newsletter_access":"","_jetpack_dont_email_post_to_subs":false,"_jetpack_newsletter_tier_id":0,"_jetpack_memberships_contains_paywalled_content":false,"_jetpack_memberships_contains_paid_content":false,"footnotes":""},"categories":[6,2,1],"tags":[846,232,22],"class_list":["post-21395","post","type-post","status-publish","format-standard","has-post-thumbnail","hentry","category-cultura","category-destaque","category-noticias","tag-cantata-natalina","tag-natal","tag-prefeitura-do-paudalho"],"jetpack_featured_media_url":"https:\/\/www.paudalho.pe.gov.br\/portal\/wp-content\/uploads\/2021\/12\/Cantata-Natalina-em-Paudalho-2021.jpeg","jetpack_sharing_enabled":true,"jetpack_shortlink":"https:\/\/wp.me\/p98mS2-5z5","_links":{"self":[{"href":"https:\/\/www.paudalho.pe.gov.br\/portal\/wp-json\/wp\/v2\/posts\/21395","targetHints":{"allow":["GET"]}}],"collection":[{"href":"https:\/\/www.paudalho.pe.gov.br\/portal\/wp-json\/wp\/v2\/posts"}],"about":[{"href":"https:\/\/www.paudalho.pe.gov.br\/portal\/wp-json\/wp\/v2\/types\/post"}],"author":[{"embeddable":true,"href":"https:\/\/www.paudalho.pe.gov.br\/portal\/wp-json\/wp\/v2\/users\/6"}],"replies":[{"embeddable":true,"href":"https:\/\/www.paudalho.pe.gov.br\/portal\/wp-json\/wp\/v2\/comments?post=21395"}],"version-history":[{"count":46,"href":"https:\/\/www.paudalho.pe.gov.br\/portal\/wp-json\/wp\/v2\/posts\/21395\/revisions"}],"predecessor-version":[{"id":21496,"href":"https:\/\/www.paudalho.pe.gov.br\/portal\/wp-json\/wp\/v2\/posts\/21395\/revisions\/21496"}],"wp:featuredmedia":[{"embeddable":true,"href":"https:\/\/www.paudalho.pe.gov.br\/portal\/wp-json\/wp\/v2\/media\/21437"}],"wp:attachment":[{"href":"https:\/\/www.paudalho.pe.gov.br\/portal\/wp-json\/wp\/v2\/media?parent=21395"}],"wp:term":[{"taxonomy":"category","embeddable":true,"href":"https:\/\/www.paudalho.pe.gov.br\/portal\/wp-json\/wp\/v2\/categories?post=21395"},{"taxonomy":"post_tag","embeddable":true,"href":"https:\/\/www.paudalho.pe.gov.br\/portal\/wp-json\/wp\/v2\/tags?post=21395"}],"curies":[{"name":"wp","href":"https:\/\/api.w.org\/{rel}","templated":true}]}}