{"id":21343,"date":"2021-12-16T11:09:04","date_gmt":"2021-12-16T14:09:04","guid":{"rendered":"https:\/\/www.paudalho.pe.gov.br\/portal\/?p=21343"},"modified":"2025-01-08T00:39:17","modified_gmt":"2025-01-08T03:39:17","slug":"prefeitura-do-paudalho-promovera-cantata-natalina-neste-sabado-18","status":"publish","type":"post","link":"https:\/\/www.paudalho.pe.gov.br\/portal\/prefeitura-do-paudalho-promovera-cantata-natalina-neste-sabado-18\/","title":{"rendered":"Prefeitura do Paudalho promover\u00e1 Cantata Natalina neste s\u00e1bado (18)"},"content":{"rendered":"\n<p>Neste s\u00e1bado (18), os paudalhenses poder\u00e3o vivenciar os encantos do per\u00edodo natalino em uma programa\u00e7\u00e3o especial preparada pela Prefeitura do Paudalho. A Secretaria Municipal de Cultura, Turismo, Lazer e Juventude, promover\u00e1 o evento <strong>Cantata Natalina<\/strong>, celebra\u00e7\u00e3o que ser\u00e1 realizada na Pra\u00e7a do Ros\u00e1rio, no Centro. O encontro contar\u00e1 com apresenta\u00e7\u00f5es art\u00edsticas, um parque de divers\u00e3o para crian\u00e7as, uma feira com exposi\u00e7\u00e3o de pe\u00e7as de artes\u00e3os locais, entre outras atividades.<\/p>\n\n\n\n<p>A celebra\u00e7\u00e3o ter\u00e1 in\u00edcio \u00e0s 18h com a chegada do Papai Noel pelas ruas da cidade. Logo em seguida, a partir das 19h, o p\u00fablico poder\u00e1 prestigiar o espet\u00e1culo teatral &#8220;Um Sonho de Crian\u00e7a&#8221;. J\u00e1 \u00e0s 20h, ser\u00e1 a vez de aproveitar a musicalidade da tradicional Orquestra Filarm\u00f4nica 22 de Novembro. E para abrilhantar ainda mais a noite, \u00e0s 20h40 ocorrer\u00e1 a apresenta\u00e7\u00e3o da turma do ballet municipal, composta por 60 crian\u00e7as inscritas na Casa das Juventudes Ma\u00edlson Francisco da Silva.<\/p>\n\n\n\n<p>Devido a pandemia da covid-19, durante os \u00faltimos meses os eventos culturais tiveram que ser cancelados. O principal objetivo da Cantata \u00e9 reviver o esp\u00edrito de celebra\u00e7\u00e3o conjunta durante o final do ano. <em>&#8220;O hist\u00f3rico de pandemia influenciou e repercutiu muito na vida pessoal de cada cidad\u00e3o paudalhense. Ent\u00e3o, para a gente conseguir trazer um pouco da alegria e da magia do natal e tamb\u00e9m mostrar a popula\u00e7\u00e3o a import\u00e2ncia desse momento, o nascimento do menino Jesus, n\u00f3s planejamos um evento muito bonito.&#8221;, <\/em>afirmou a secret\u00e1ria municipal de Cultura, Turismo, Lazer e Juventude, Carolina Gouveia.<\/p>\n","protected":false},"excerpt":{"rendered":"<p>Neste s\u00e1bado (18), os paudalhenses poder\u00e3o vivenciar os encantos do per\u00edodo natalino em uma programa\u00e7\u00e3o especial preparada pela Prefeitura do Paudalho. A Secretaria Municipal de Cultura, Turismo, Lazer e Juventude, promover\u00e1 o evento Cantata Natalina, celebra\u00e7\u00e3o que ser\u00e1 realizada na Pra\u00e7a do Ros\u00e1rio, no Centro. O encontro contar\u00e1 com apresenta\u00e7\u00f5es art\u00edsticas, um parque de divers\u00e3o [&hellip;]<\/p>\n","protected":false},"author":6,"featured_media":21376,"comment_status":"open","ping_status":"open","sticky":false,"template":"","format":"standard","meta":{"_jetpack_newsletter_access":"","_jetpack_dont_email_post_to_subs":false,"_jetpack_newsletter_tier_id":0,"_jetpack_memberships_contains_paywalled_content":false,"_jetpack_memberships_contains_paid_content":false,"footnotes":""},"categories":[6,2,1],"tags":[846,68,22],"class_list":["post-21343","post","type-post","status-publish","format-standard","has-post-thumbnail","hentry","category-cultura","category-destaque","category-noticias","tag-cantata-natalina","tag-cultura","tag-prefeitura-do-paudalho"],"jetpack_featured_media_url":"https:\/\/www.paudalho.pe.gov.br\/portal\/wp-content\/uploads\/2021\/12\/cantata-natalina.png","jetpack_sharing_enabled":true,"jetpack_shortlink":"https:\/\/wp.me\/p98mS2-5yf","_links":{"self":[{"href":"https:\/\/www.paudalho.pe.gov.br\/portal\/wp-json\/wp\/v2\/posts\/21343","targetHints":{"allow":["GET"]}}],"collection":[{"href":"https:\/\/www.paudalho.pe.gov.br\/portal\/wp-json\/wp\/v2\/posts"}],"about":[{"href":"https:\/\/www.paudalho.pe.gov.br\/portal\/wp-json\/wp\/v2\/types\/post"}],"author":[{"embeddable":true,"href":"https:\/\/www.paudalho.pe.gov.br\/portal\/wp-json\/wp\/v2\/users\/6"}],"replies":[{"embeddable":true,"href":"https:\/\/www.paudalho.pe.gov.br\/portal\/wp-json\/wp\/v2\/comments?post=21343"}],"version-history":[{"count":16,"href":"https:\/\/www.paudalho.pe.gov.br\/portal\/wp-json\/wp\/v2\/posts\/21343\/revisions"}],"predecessor-version":[{"id":21387,"href":"https:\/\/www.paudalho.pe.gov.br\/portal\/wp-json\/wp\/v2\/posts\/21343\/revisions\/21387"}],"wp:featuredmedia":[{"embeddable":true,"href":"https:\/\/www.paudalho.pe.gov.br\/portal\/wp-json\/wp\/v2\/media\/21376"}],"wp:attachment":[{"href":"https:\/\/www.paudalho.pe.gov.br\/portal\/wp-json\/wp\/v2\/media?parent=21343"}],"wp:term":[{"taxonomy":"category","embeddable":true,"href":"https:\/\/www.paudalho.pe.gov.br\/portal\/wp-json\/wp\/v2\/categories?post=21343"},{"taxonomy":"post_tag","embeddable":true,"href":"https:\/\/www.paudalho.pe.gov.br\/portal\/wp-json\/wp\/v2\/tags?post=21343"}],"curies":[{"name":"wp","href":"https:\/\/api.w.org\/{rel}","templated":true}]}}