{"id":21331,"date":"2021-12-14T16:18:15","date_gmt":"2021-12-14T19:18:15","guid":{"rendered":"https:\/\/www.paudalho.pe.gov.br\/portal\/?p=21331"},"modified":"2025-01-08T00:39:17","modified_gmt":"2025-01-08T03:39:17","slug":"prefeitura-do-paudalho-promovera-iv-conferencia-municipal-de-educacao-nos-dias-15-e-16-de-dezembro","status":"publish","type":"post","link":"https:\/\/www.paudalho.pe.gov.br\/portal\/prefeitura-do-paudalho-promovera-iv-conferencia-municipal-de-educacao-nos-dias-15-e-16-de-dezembro\/","title":{"rendered":"Prefeitura do Paudalho promover\u00e1 IV Confer\u00eancia Municipal de Educa\u00e7\u00e3o nos dias 15 e 16 de dezembro"},"content":{"rendered":"\n<p>A Prefeitura do Paudalho, atrav\u00e9s de sua Secretaria Municipal de Educa\u00e7\u00e3o e Esportes, em parceria com Conselho Municipal de Educa\u00e7\u00e3o, promover\u00e1 nos dias 15 e 16 de dezembro a<strong> IV Confer\u00eancia Municipal de Educa\u00e7\u00e3o do Paudalho<\/strong>. O evento ocorrer\u00e1 de forma presencial na Escola T\u00e9cnica Estadual (ETE) Senador Wilson Campos, localizada \u00e0s margens da BR 408. <\/p>\n\n\n\n<p>Amanh\u00e3 (15), a confer\u00eancia ter\u00e1 in\u00edcio \u00e0s 14h e, na quinta-feira, \u00e0s 8h. A edi\u00e7\u00e3o deste ano ter\u00e1 como tema &#8220;O Plano Municipal de Educa\u00e7\u00e3o do Paudalho 2015\/2025: instrumento de planejamento, gest\u00e3o, desenvolvimento da Educa\u00e7\u00e3o e garantia de direitos&#8221;. O uso de m\u00e1scara ser\u00e1 obrigat\u00f3rio durante a ocasi\u00e3o, em conformidade com as medidas de preven\u00e7\u00e3o ao cont\u00e1gio da covid-19.<\/p>\n\n\n\n<p>O objetivo do encontro \u00e9 fomentar a an\u00e1lise dos primeiros cinco anos do Plano Municipal de Educa\u00e7\u00e3o (PME) e os encaminhamentos para a execu\u00e7\u00e3o das metas e estrat\u00e9gias que impactar\u00e3o positivamente a Educa\u00e7\u00e3o paudalhense at\u00e9 o ano de 2025. A confer\u00eancia tamb\u00e9m busca promover a garantia da participa\u00e7\u00e3o democr\u00e1tica de setores p\u00fablicos e privados de ensino, de entidades da \u00e1rea de educa\u00e7\u00e3o e tamb\u00e9m da sociedade civil.<\/p>\n\n\n\n<p>O debate ser\u00e1 dividido em cinco eixos, s\u00e3o eles: Eixo I: Universaliza\u00e7\u00e3o da Educa\u00e7\u00e3o B\u00e1sica, Eixo II: Equidade nas Oportunidades e na Qualidade da Aprendizagem, Eixo III: Corre\u00e7\u00e3o de Desigualdades e Garantia do Direito \u00e0 Educa\u00e7\u00e3o, Eixo IV: Papel do Munic\u00edpio no Est\u00edmulo \u00e0 Educa\u00e7\u00e3o Superior e Eixo V: Observ\u00e2ncia aos Direitos dos Profissionais da Educa\u00e7\u00e3o.<\/p>\n\n\n\n<p><em>Em caso de d\u00favidas, a Secretaria de Educa\u00e7\u00e3o e Esportes disponibiliza o e-mail secretaria@seduc.paudalho.pe.gov.br e o telefone (81) 3636-4949 para mais informa\u00e7\u00f5es.<\/em><\/p>\n\n\n\n<p><strong>Confira abaixo a programa\u00e7\u00e3o completa da IV Confer\u00eancia Municipal de Educa\u00e7\u00e3o do Paudalho:<\/strong><\/p>\n\n\n\n<p><strong>QUARTA-FEIRA, DIA 15 DE DEZEMBRO<\/strong><\/p>\n\n\n\n<p><strong>14h<\/strong> &#8211; Apresenta\u00e7\u00e3o cultural e abertura com mesa solene<br><strong>15h<\/strong> &#8211; Plen\u00e1ria de Aprova\u00e7\u00e3o do Regimento Interno (Representante do F\u00f3rum Prof\u00aa Jucedi Silva)<br><strong>16h<\/strong> &#8211; Palestra Magna: &#8220;O Monitoramento e a Avalia\u00e7\u00e3o do PME como instrumentos do Planejamento Estrat\u00e9gico \u00e0 Gest\u00e3o Sustent\u00e1vel da Educa\u00e7\u00e3o Municipal at\u00e9 o final do Dec\u00eanio 2015\/2025&#8221; (Palestrante Me. Gustavo Amaral)<br><strong>16h30<\/strong> &#8211; Encerramento (Coffee Break)<\/p>\n\n\n\n<p><strong>QUINTA-FEIRA, 16 DE DEZEMBRO<\/strong><\/p>\n\n\n\n<p><strong>8h<\/strong> &#8211; Boas Vindas (Apresenta\u00e7\u00e3o Cultural)<br><strong>8h30<\/strong> &#8211; Intervalo (Coffee Break)<br><strong>9h<\/strong> &#8211; Plen\u00e1rias de Discuss\u00e3o dos Eixos (Aprova\u00e7\u00e3o da Avalia\u00e7\u00e3o das Metas, Estrat\u00e9gias e Notas T\u00e9cnicas)<br><strong>12h <\/strong>&#8211; Intervalo (Almo\u00e7o)<br><strong>13h30<\/strong> &#8211; Plen\u00e1ria Geral &#8211; Socializa\u00e7\u00e3o das discuss\u00f5es estabelecidas nas Plen\u00e1rias dos Eixos e Aprova\u00e7\u00e3o Geral dos Documentos de Monitoramento e Avalia\u00e7\u00e3o e Notas T\u00e9cnicas.<br><strong>16h<\/strong> &#8211; Elei\u00e7\u00e3o para escolha dos Representantes Eleitos \u00e0 Confer\u00eancia Estadual de Educa\u00e7\u00e3o<br><strong>16h30<\/strong> &#8211; Encerramento (Coffee Break)<\/p>\n","protected":false},"excerpt":{"rendered":"<p>A Prefeitura do Paudalho, atrav\u00e9s de sua Secretaria Municipal de Educa\u00e7\u00e3o e Esportes, em parceria com Conselho Municipal de Educa\u00e7\u00e3o, promover\u00e1 nos dias 15 e 16 de dezembro a IV Confer\u00eancia Municipal de Educa\u00e7\u00e3o do Paudalho. O evento ocorrer\u00e1 de forma presencial na Escola T\u00e9cnica Estadual (ETE) Senador Wilson Campos, localizada \u00e0s margens da BR [&hellip;]<\/p>\n","protected":false},"author":6,"featured_media":21342,"comment_status":"open","ping_status":"open","sticky":false,"template":"","format":"standard","meta":{"_jetpack_newsletter_access":"","_jetpack_dont_email_post_to_subs":false,"_jetpack_newsletter_tier_id":0,"_jetpack_memberships_contains_paywalled_content":false,"_jetpack_memberships_contains_paid_content":false,"footnotes":""},"categories":[2,520,1],"tags":[845,22,826],"class_list":["post-21331","post","type-post","status-publish","format-standard","has-post-thumbnail","hentry","category-destaque","category-educacao-2","category-noticias","tag-iv-conferencia-municipal-de-educacao","tag-prefeitura-do-paudalho","tag-secretaria-municipal-de-educacao-e-esportes"],"jetpack_featured_media_url":"https:\/\/www.paudalho.pe.gov.br\/portal\/wp-content\/uploads\/2021\/12\/FEED_page-0001.jpg","jetpack_sharing_enabled":true,"jetpack_shortlink":"https:\/\/wp.me\/p98mS2-5y3","_links":{"self":[{"href":"https:\/\/www.paudalho.pe.gov.br\/portal\/wp-json\/wp\/v2\/posts\/21331","targetHints":{"allow":["GET"]}}],"collection":[{"href":"https:\/\/www.paudalho.pe.gov.br\/portal\/wp-json\/wp\/v2\/posts"}],"about":[{"href":"https:\/\/www.paudalho.pe.gov.br\/portal\/wp-json\/wp\/v2\/types\/post"}],"author":[{"embeddable":true,"href":"https:\/\/www.paudalho.pe.gov.br\/portal\/wp-json\/wp\/v2\/users\/6"}],"replies":[{"embeddable":true,"href":"https:\/\/www.paudalho.pe.gov.br\/portal\/wp-json\/wp\/v2\/comments?post=21331"}],"version-history":[{"count":8,"href":"https:\/\/www.paudalho.pe.gov.br\/portal\/wp-json\/wp\/v2\/posts\/21331\/revisions"}],"predecessor-version":[{"id":21341,"href":"https:\/\/www.paudalho.pe.gov.br\/portal\/wp-json\/wp\/v2\/posts\/21331\/revisions\/21341"}],"wp:featuredmedia":[{"embeddable":true,"href":"https:\/\/www.paudalho.pe.gov.br\/portal\/wp-json\/wp\/v2\/media\/21342"}],"wp:attachment":[{"href":"https:\/\/www.paudalho.pe.gov.br\/portal\/wp-json\/wp\/v2\/media?parent=21331"}],"wp:term":[{"taxonomy":"category","embeddable":true,"href":"https:\/\/www.paudalho.pe.gov.br\/portal\/wp-json\/wp\/v2\/categories?post=21331"},{"taxonomy":"post_tag","embeddable":true,"href":"https:\/\/www.paudalho.pe.gov.br\/portal\/wp-json\/wp\/v2\/tags?post=21331"}],"curies":[{"name":"wp","href":"https:\/\/api.w.org\/{rel}","templated":true}]}}