{"id":21259,"date":"2021-12-15T13:26:53","date_gmt":"2021-12-15T16:26:53","guid":{"rendered":"https:\/\/www.paudalho.pe.gov.br\/portal\/?p=21259"},"modified":"2025-01-08T00:39:17","modified_gmt":"2025-01-08T03:39:17","slug":"em-paudalho-livro-sobre-experiencias-exitosas-na-escola-municipal-manoel-da-rosa-foi-lancado-nesta-terca-feira-14","status":"publish","type":"post","link":"https:\/\/www.paudalho.pe.gov.br\/portal\/em-paudalho-livro-sobre-experiencias-exitosas-na-escola-municipal-manoel-da-rosa-foi-lancado-nesta-terca-feira-14\/","title":{"rendered":"Em Paudalho, livro sobre projetos e experi\u00eancias exitosas na Escola Municipal Manoel da Rosa foi lan\u00e7ado nesta ter\u00e7a-feira (14)"},"content":{"rendered":"\n<p>Ao longo dos \u00faltimos cinco anos, a Escola Municipal Manoel da Rosa, em Paudalho, passou por uma verdadeira transforma\u00e7\u00e3o. De uma unidade de ensino que enfrentava uma s\u00e9rie de problemas, como a viol\u00eancia local e a evas\u00e3o de estudantes, para um exemplo de como a Educa\u00e7\u00e3o pode mudar vidas. Toda essa trajet\u00f3ria de supera\u00e7\u00e3o foi retratada por meio do livro <strong>Caderno de Viv\u00eancias em Rede &#8211; Projetos e experi\u00eancias exitosas na Escola Municipal Manoel da Rosa<\/strong>, obra que foi lan\u00e7ada durante essa ter\u00e7a-feira (14).  <\/p>\n\n\n\n<p>A cerim\u00f4nia de lan\u00e7amento do exemplar ocorreu no edif\u00edcio da escola, localizado na Rua Pedro Bento, na comunidade Alto Dois Irm\u00e3os. O evento teve in\u00edcio \u00e0s 15h e contou com a presen\u00e7a da secret\u00e1ria municipal de Educa\u00e7\u00e3o e Esportes, Paula Frassinette, da gestora da unidade, M\u00e1rcia Lima, de representantes da Ger\u00eancia Municipal de Ensino (GDE), de integrantes do projeto de extens\u00e3o Resid\u00eancia Docente nas Ci\u00eancias (ReDEC) da Universidade Federal de Pernambuco (UFPE), de pais, alunos, professores e demais funcion\u00e1rios da institui\u00e7\u00e3o.<\/p>\n\n\n\n<figure class=\"wp-block-gallery columns-1 is-cropped wp-block-gallery-1 is-layout-flex wp-block-gallery-is-layout-flex\"><ul class=\"blocks-gallery-grid\"><li class=\"blocks-gallery-item\"><figure><img loading=\"lazy\" decoding=\"async\" width=\"800\" height=\"450\" data-attachment-id=\"21347\" data-permalink=\"https:\/\/www.paudalho.pe.gov.br\/portal\/em-paudalho-livro-sobre-experiencias-exitosas-na-escola-municipal-manoel-da-rosa-foi-lancado-nesta-terca-feira-14\/lancamento-do-livro-vivencias-em-rede\/\" data-orig-file=\"https:\/\/www.paudalho.pe.gov.br\/portal\/wp-content\/uploads\/2021\/12\/Lancamento-do-livro-Vivencias-em-Rede.jpeg\" data-orig-size=\"1080,499\" data-comments-opened=\"1\" data-image-meta=\"{&quot;aperture&quot;:&quot;0&quot;,&quot;credit&quot;:&quot;&quot;,&quot;camera&quot;:&quot;&quot;,&quot;caption&quot;:&quot;&quot;,&quot;created_timestamp&quot;:&quot;0&quot;,&quot;copyright&quot;:&quot;&quot;,&quot;focal_length&quot;:&quot;0&quot;,&quot;iso&quot;:&quot;0&quot;,&quot;shutter_speed&quot;:&quot;0&quot;,&quot;title&quot;:&quot;&quot;,&quot;orientation&quot;:&quot;0&quot;}\" data-image-title=\"Lancamento-do-livro-Vivencias-em-Rede\" data-image-description=\"\" data-image-caption=\"\" data-medium-file=\"https:\/\/www.paudalho.pe.gov.br\/portal\/wp-content\/uploads\/2021\/12\/Lancamento-do-livro-Vivencias-em-Rede-350x230.jpeg\" data-large-file=\"https:\/\/www.paudalho.pe.gov.br\/portal\/wp-content\/uploads\/2021\/12\/Lancamento-do-livro-Vivencias-em-Rede-800x450.jpeg\" src=\"https:\/\/www.paudalho.pe.gov.br\/portal\/wp-content\/uploads\/2021\/12\/Lancamento-do-livro-Vivencias-em-Rede-800x450.jpeg\" alt=\"\" data-id=\"21347\" data-full-url=\"https:\/\/www.paudalho.pe.gov.br\/portal\/wp-content\/uploads\/2021\/12\/Lancamento-do-livro-Vivencias-em-Rede.jpeg\" data-link=\"https:\/\/www.paudalho.pe.gov.br\/portal\/?attachment_id=21347\" class=\"wp-image-21347\"\/><figcaption class=\"blocks-gallery-item__caption\"><em>Evento de lan\u00e7amento do livro Caderno de Viv\u00eancias em Rede &#8211; Projetos e experi\u00eancias exitosas na Escola Municipal Manoel da Rosa. Foto: Divulga\u00e7\u00e3o\/PMP.<\/em><\/figcaption><\/figure><\/li><\/ul><\/figure>\n\n\n\n<p>O livro re\u00fane registros sobre projetos desenvolvidos pela gest\u00e3o da escola junto com professores, alunos e seus respons\u00e1veis, com o intuito de criar uma realidade diferente, melhor e mais acolhedora na institui\u00e7\u00e3o. O primeiro passo tomado foi a busca ativa de estudantes para mant\u00ea-los na sala de aula. Em seguida, novas a\u00e7\u00f5es foram criadas, como o Projeto Monitor da Leitura, o Projeto Solid\u00e1rio Baile das Debutantes Sonho de Cristal, a Semana Liter\u00e1ria, a Formatura do ABC para crian\u00e7as e adolescentes em situa\u00e7\u00e3o de vulnerabilidade social, entre v\u00e1rias outras iniciativas.<\/p>\n\n\n\n<p>A gestora da unidade, M\u00e1rcia Lima, contou sobre a import\u00e2ncia do trabalho conjunto para a mudan\u00e7a.<em> &#8220;N\u00f3s somos uma escola onde do porteiro ao gestor, todos s\u00e3o iguais. Se um cair o outro cai, se um se levantar, todos levantam juntos. A nossa escola vem com esse trabalho de formiguinha. Hoje, 1.112 alunos, uma escola que vem aos pouco mudando a realidade da nossa comunidade.&#8221;<\/em> E ainda afirmou: <em>&#8220;A comunidade abra\u00e7ou a escola e se faz parte dela. Estamos mostrando o que \u00e9 cidadania e o que \u00e9 realmente agregar Educa\u00e7\u00e3o e fam\u00edlia.&#8221;<\/em><\/p>\n\n\n\n<figure class=\"wp-block-gallery columns-2 is-cropped wp-block-gallery-2 is-layout-flex wp-block-gallery-is-layout-flex\"><ul class=\"blocks-gallery-grid\"><li class=\"blocks-gallery-item\"><figure><img loading=\"lazy\" decoding=\"async\" width=\"800\" height=\"450\" data-attachment-id=\"21362\" data-permalink=\"https:\/\/www.paudalho.pe.gov.br\/portal\/em-paudalho-livro-sobre-experiencias-exitosas-na-escola-municipal-manoel-da-rosa-foi-lancado-nesta-terca-feira-14\/whatsapp-image-2021-12-14-at-20-34-30-2\/\" data-orig-file=\"https:\/\/www.paudalho.pe.gov.br\/portal\/wp-content\/uploads\/2021\/12\/WhatsApp-Image-2021-12-14-at-20.34.30-2.jpeg\" data-orig-size=\"1600,1200\" data-comments-opened=\"1\" data-image-meta=\"{&quot;aperture&quot;:&quot;0&quot;,&quot;credit&quot;:&quot;&quot;,&quot;camera&quot;:&quot;&quot;,&quot;caption&quot;:&quot;&quot;,&quot;created_timestamp&quot;:&quot;0&quot;,&quot;copyright&quot;:&quot;&quot;,&quot;focal_length&quot;:&quot;0&quot;,&quot;iso&quot;:&quot;0&quot;,&quot;shutter_speed&quot;:&quot;0&quot;,&quot;title&quot;:&quot;&quot;,&quot;orientation&quot;:&quot;0&quot;}\" data-image-title=\"WhatsApp-Image-2021-12-14-at-20.34.30-2\" data-image-description=\"\" data-image-caption=\"\" data-medium-file=\"https:\/\/www.paudalho.pe.gov.br\/portal\/wp-content\/uploads\/2021\/12\/WhatsApp-Image-2021-12-14-at-20.34.30-2-350x230.jpeg\" data-large-file=\"https:\/\/www.paudalho.pe.gov.br\/portal\/wp-content\/uploads\/2021\/12\/WhatsApp-Image-2021-12-14-at-20.34.30-2-800x450.jpeg\" src=\"https:\/\/www.paudalho.pe.gov.br\/portal\/wp-content\/uploads\/2021\/12\/WhatsApp-Image-2021-12-14-at-20.34.30-2-800x450.jpeg\" alt=\"\" data-id=\"21362\" data-full-url=\"https:\/\/www.paudalho.pe.gov.br\/portal\/wp-content\/uploads\/2021\/12\/WhatsApp-Image-2021-12-14-at-20.34.30-2.jpeg\" data-link=\"https:\/\/www.paudalho.pe.gov.br\/portal\/?attachment_id=21362\" class=\"wp-image-21362\"\/><figcaption class=\"blocks-gallery-item__caption\"><em>Foto: Divulga\u00e7\u00e3o\/PMP<\/em>.<\/figcaption><\/figure><\/li><li class=\"blocks-gallery-item\"><figure><img loading=\"lazy\" decoding=\"async\" width=\"800\" height=\"450\" data-attachment-id=\"21364\" data-permalink=\"https:\/\/www.paudalho.pe.gov.br\/portal\/em-paudalho-livro-sobre-experiencias-exitosas-na-escola-municipal-manoel-da-rosa-foi-lancado-nesta-terca-feira-14\/whatsapp-image-2021-12-14-at-20-34-30\/\" data-orig-file=\"https:\/\/www.paudalho.pe.gov.br\/portal\/wp-content\/uploads\/2021\/12\/WhatsApp-Image-2021-12-14-at-20.34.30.jpeg\" data-orig-size=\"1319,1599\" data-comments-opened=\"1\" data-image-meta=\"{&quot;aperture&quot;:&quot;0&quot;,&quot;credit&quot;:&quot;&quot;,&quot;camera&quot;:&quot;&quot;,&quot;caption&quot;:&quot;&quot;,&quot;created_timestamp&quot;:&quot;0&quot;,&quot;copyright&quot;:&quot;&quot;,&quot;focal_length&quot;:&quot;0&quot;,&quot;iso&quot;:&quot;0&quot;,&quot;shutter_speed&quot;:&quot;0&quot;,&quot;title&quot;:&quot;&quot;,&quot;orientation&quot;:&quot;0&quot;}\" data-image-title=\"WhatsApp-Image-2021-12-14-at-20.34.30\" data-image-description=\"\" data-image-caption=\"\" data-medium-file=\"https:\/\/www.paudalho.pe.gov.br\/portal\/wp-content\/uploads\/2021\/12\/WhatsApp-Image-2021-12-14-at-20.34.30-350x230.jpeg\" data-large-file=\"https:\/\/www.paudalho.pe.gov.br\/portal\/wp-content\/uploads\/2021\/12\/WhatsApp-Image-2021-12-14-at-20.34.30-800x450.jpeg\" src=\"https:\/\/www.paudalho.pe.gov.br\/portal\/wp-content\/uploads\/2021\/12\/WhatsApp-Image-2021-12-14-at-20.34.30-800x450.jpeg\" alt=\"\" data-id=\"21364\" data-full-url=\"https:\/\/www.paudalho.pe.gov.br\/portal\/wp-content\/uploads\/2021\/12\/WhatsApp-Image-2021-12-14-at-20.34.30.jpeg\" data-link=\"https:\/\/www.paudalho.pe.gov.br\/portal\/?attachment_id=21364\" class=\"wp-image-21364\"\/><figcaption class=\"blocks-gallery-item__caption\"><em>Foto: Divulga\u00e7\u00e3o\/PMP<\/em>.<\/figcaption><\/figure><\/li><\/ul><\/figure>\n\n\n\n<p>Durante o lan\u00e7amento, a residente da ReDEC e uma das idealizadora do livro, Jessikl\u00e9cia Siqueira, tamb\u00e9m demonstrou sua gratid\u00e3o e orgulho pelo resultado alcan\u00e7ado.<em> &#8220;Hoje, estar fazendo parte da constru\u00e7\u00e3o desse livro e estar fazendo parte da fam\u00edlia Manoel da Rosa para mim \u00e9 muito honroso e eu fico muito feliz em ver o resultado que voc\u00eas fazem todos os dias.<\/em>&#8220;<\/p>\n\n\n\n<p>A Escola Municipal Manoel da Rosa \u00e9 formada por 120 funcion\u00e1rio e atende cerca de 1.112 alunos. Durante o per\u00edodo da manh\u00e3, a institui\u00e7\u00e3o conta com 22 salas de aula e inclui turmas da Educa\u00e7\u00e3o Infantil ao 5\u00ba ano. J\u00e1 no per\u00edodo da tarde, acolhe da Educa\u00e7\u00e3o Infantil ao 9\u00ba ano. A institui\u00e7\u00e3o tamb\u00e9m oferece aulas durante o per\u00edodo da noite para oito turmas da Educa\u00e7\u00e3o para Jovens e Adultos (EJA), nas etapas I, II, III e IV.<\/p>\n\n\n\n<p><strong>Confira abaixo o Volume 1 do livro Caderno de Viv\u00eancias em Rede &#8211; Projetos e experi\u00eancias exitosas na Escola Municipal Manoel da Rosa: <\/strong><\/p>\n\n\n\n<div data-wp-interactive=\"core\/file\" class=\"wp-block-file\"><object data-wp-bind--hidden=\"!state.hasPdfPreview\" hidden class=\"wp-block-file__embed\" data=\"https:\/\/www.paudalho.pe.gov.br\/portal\/wp-content\/uploads\/2021\/12\/Livro-Vivencias-em-Rede.pdf\" type=\"application\/pdf\" style=\"width:100%;height:600px\" aria-label=\"Incorporado de Incorporado de FA\u00c7A AQUI O DOWNLOAD DO LIVRO CADERNO DE VIV\u00caNCIAS EM REDE - PROJETOS E EXPERI\u00caNCIAS EXITOSAS NA ESCOLA MUNICIPAL MANOEL DA ROSA...\"><\/object><a href=\"https:\/\/www.paudalho.pe.gov.br\/portal\/wp-content\/uploads\/2021\/12\/Livro-Vivencias-em-Rede.pdf\">FA\u00c7A AQUI O DOWNLOAD DO LIVRO CADERNO DE VIV\u00caNCIAS EM REDE &#8211; PROJETOS E EXPERI\u00caNCIAS EXITOSAS NA ESCOLA MUNICIPAL MANOEL DA ROSA.<\/a><a href=\"https:\/\/www.paudalho.pe.gov.br\/portal\/wp-content\/uploads\/2021\/12\/Livro-Vivencias-em-Rede.pdf\" class=\"wp-block-file__button\" download>Baixar<\/a><\/div>\n","protected":false},"excerpt":{"rendered":"<p>Ao longo dos \u00faltimos cinco anos, a Escola Municipal Manoel da Rosa, em Paudalho, passou por uma verdadeira transforma\u00e7\u00e3o. De uma unidade de ensino que enfrentava uma s\u00e9rie de problemas, como a viol\u00eancia local e a evas\u00e3o de estudantes, para um exemplo de como a Educa\u00e7\u00e3o pode mudar vidas. Toda essa trajet\u00f3ria de supera\u00e7\u00e3o foi [&hellip;]<\/p>\n","protected":false},"author":6,"featured_media":21356,"comment_status":"open","ping_status":"open","sticky":false,"template":"","format":"standard","meta":{"_jetpack_newsletter_access":"","_jetpack_dont_email_post_to_subs":false,"_jetpack_newsletter_tier_id":0,"_jetpack_memberships_contains_paywalled_content":false,"_jetpack_memberships_contains_paid_content":false,"footnotes":""},"categories":[2,4,1],"tags":[847,22,826],"class_list":["post-21259","post","type-post","status-publish","format-standard","has-post-thumbnail","hentry","category-destaque","category-educacao","category-noticias","tag-escola-municipal-manoel-da-rosa","tag-prefeitura-do-paudalho","tag-secretaria-municipal-de-educacao-e-esportes"],"jetpack_featured_media_url":"https:\/\/www.paudalho.pe.gov.br\/portal\/wp-content\/uploads\/2021\/12\/Caderno-de-Vivencias.jpeg","jetpack_sharing_enabled":true,"jetpack_shortlink":"https:\/\/wp.me\/p98mS2-5wT","_links":{"self":[{"href":"https:\/\/www.paudalho.pe.gov.br\/portal\/wp-json\/wp\/v2\/posts\/21259","targetHints":{"allow":["GET"]}}],"collection":[{"href":"https:\/\/www.paudalho.pe.gov.br\/portal\/wp-json\/wp\/v2\/posts"}],"about":[{"href":"https:\/\/www.paudalho.pe.gov.br\/portal\/wp-json\/wp\/v2\/types\/post"}],"author":[{"embeddable":true,"href":"https:\/\/www.paudalho.pe.gov.br\/portal\/wp-json\/wp\/v2\/users\/6"}],"replies":[{"embeddable":true,"href":"https:\/\/www.paudalho.pe.gov.br\/portal\/wp-json\/wp\/v2\/comments?post=21259"}],"version-history":[{"count":27,"href":"https:\/\/www.paudalho.pe.gov.br\/portal\/wp-json\/wp\/v2\/posts\/21259\/revisions"}],"predecessor-version":[{"id":21389,"href":"https:\/\/www.paudalho.pe.gov.br\/portal\/wp-json\/wp\/v2\/posts\/21259\/revisions\/21389"}],"wp:featuredmedia":[{"embeddable":true,"href":"https:\/\/www.paudalho.pe.gov.br\/portal\/wp-json\/wp\/v2\/media\/21356"}],"wp:attachment":[{"href":"https:\/\/www.paudalho.pe.gov.br\/portal\/wp-json\/wp\/v2\/media?parent=21259"}],"wp:term":[{"taxonomy":"category","embeddable":true,"href":"https:\/\/www.paudalho.pe.gov.br\/portal\/wp-json\/wp\/v2\/categories?post=21259"},{"taxonomy":"post_tag","embeddable":true,"href":"https:\/\/www.paudalho.pe.gov.br\/portal\/wp-json\/wp\/v2\/tags?post=21259"}],"curies":[{"name":"wp","href":"https:\/\/api.w.org\/{rel}","templated":true}]}}