{"id":21225,"date":"2021-12-13T15:39:43","date_gmt":"2021-12-13T18:39:43","guid":{"rendered":"https:\/\/www.paudalho.pe.gov.br\/portal\/?p=21225"},"modified":"2025-01-08T00:39:17","modified_gmt":"2025-01-08T03:39:17","slug":"novos-membros-do-conselho-municipal-de-defesa-do-meio-ambiente-de-paudalho-tomam-posse-para-o-bienio-2022-2024","status":"publish","type":"post","link":"https:\/\/www.paudalho.pe.gov.br\/portal\/novos-membros-do-conselho-municipal-de-defesa-do-meio-ambiente-de-paudalho-tomam-posse-para-o-bienio-2022-2024\/","title":{"rendered":"Novos membros do Conselho Municipal de Defesa do Meio Ambiente de Paudalho tomam posse para o bi\u00eanio 2022-2024"},"content":{"rendered":"\n<p>A preserva\u00e7\u00e3o do meio ambiente \u00e9 uma medida cada dia mais necess\u00e1ria. Para refor\u00e7ar as pol\u00edticas p\u00fablicas voltadas para as quest\u00f5es ambientais, a Prefeitura do Paudalho realizou na manh\u00e3 desta segunda-feira (13) a cerim\u00f4nia de posse dos conselheiros do <strong>Conselho Municipal de Defesa do Meio Ambiente (CONDEMA)<\/strong>. O mandato dos 20 novos integrantes ter\u00e1 vig\u00eancia durante o bi\u00eanio 2022-2024.&nbsp;<\/p>\n\n\n\n<p>A solenidade ocorreu no edif\u00edcio da C\u00e2mara Municipal de Paudalho, localizada na Rua Jo\u00e3o Alfredo, n\u00famero 100, no Centro. Ao todo, foram nomeados por meio da Portaria N\u00ba 249, de 29 de novembro de 2021, 10 conselheiros titulares e 10 suplentes representantes tanto do Governo Municipal como da sociedade civil.&nbsp;<\/p>\n\n\n\n<p>O evento contou com a presen\u00e7a do secret\u00e1rio de Desenvolvimento Urbano e Meio Ambiente, Luiz Carlos, do secret\u00e1rio executivo de Desenvolvimento Econ\u00f4mico, Meio Ambiente e Qualifica\u00e7\u00e3o Profissional, Josim\u00e1rio Marques, e do secret\u00e1rio executivo da Secretaria de Chefia de Gabinete, Edmauro Andrade.<\/p>\n\n\n\n<figure class=\"wp-block-gallery columns-1 is-cropped wp-block-gallery-1 is-layout-flex wp-block-gallery-is-layout-flex\"><ul class=\"blocks-gallery-grid\"><li class=\"blocks-gallery-item\"><figure><img loading=\"lazy\" decoding=\"async\" width=\"800\" height=\"450\" data-attachment-id=\"21244\" data-permalink=\"https:\/\/www.paudalho.pe.gov.br\/portal\/novos-membros-do-conselho-municipal-de-defesa-do-meio-ambiente-de-paudalho-tomam-posse-para-o-bienio-2022-2024\/condema-paudalho\/\" data-orig-file=\"https:\/\/www.paudalho.pe.gov.br\/portal\/wp-content\/uploads\/2021\/12\/CONDEMA-PAUDALHO-scaled.jpg\" data-orig-size=\"2560,1920\" data-comments-opened=\"1\" data-image-meta=\"{&quot;aperture&quot;:&quot;2&quot;,&quot;credit&quot;:&quot;&quot;,&quot;camera&quot;:&quot;SM-A515F&quot;,&quot;caption&quot;:&quot;&quot;,&quot;created_timestamp&quot;:&quot;1639391945&quot;,&quot;copyright&quot;:&quot;&quot;,&quot;focal_length&quot;:&quot;4.6&quot;,&quot;iso&quot;:&quot;320&quot;,&quot;shutter_speed&quot;:&quot;0.016666666666667&quot;,&quot;title&quot;:&quot;&quot;,&quot;orientation&quot;:&quot;1&quot;}\" data-image-title=\"CONDEMA-PAUDALHO\" data-image-description=\"\" data-image-caption=\"\" data-medium-file=\"https:\/\/www.paudalho.pe.gov.br\/portal\/wp-content\/uploads\/2021\/12\/CONDEMA-PAUDALHO-350x230.jpg\" data-large-file=\"https:\/\/www.paudalho.pe.gov.br\/portal\/wp-content\/uploads\/2021\/12\/CONDEMA-PAUDALHO-800x450.jpg\" src=\"https:\/\/www.paudalho.pe.gov.br\/portal\/wp-content\/uploads\/2021\/12\/CONDEMA-PAUDALHO-800x450.jpg\" alt=\"\" data-id=\"21244\" data-full-url=\"https:\/\/www.paudalho.pe.gov.br\/portal\/wp-content\/uploads\/2021\/12\/CONDEMA-PAUDALHO-scaled.jpg\" data-link=\"https:\/\/www.paudalho.pe.gov.br\/portal\/?attachment_id=21244\" class=\"wp-image-21244\"\/><figcaption class=\"blocks-gallery-item__caption\"><em>Cerim\u00f4nia de posse dos conselheiros do Conselho Municipal de Defesa do Meio Ambiente (CONDEMA), em Paudalho. Foto: Maria Clara Carneiro\/PMP.<\/em><\/figcaption><\/figure><\/li><\/ul><\/figure>\n\n\n\n<p>O Conselho Municipal de Defesa do Meio Ambiente \u00e9 um \u00f3rg\u00e3o parit\u00e1rio, deliberativo, consultivo e normativo institu\u00eddo em Paudalho desde 2008. Entre suas principais fun\u00e7\u00f5es, o CONDEMA \u00e9 respons\u00e1vel por atender todas as demandas relacionadas \u00e0 causa ambiental da cidade, por identificar as problem\u00e1ticas relativas a esse \u00e2mbito e criar poss\u00edveis solu\u00e7\u00f5es. Tamb\u00e9m cabe \u00e0 entidade tra\u00e7ar a\u00e7\u00f5es que promovam a educa\u00e7\u00e3o ambiental.<\/p>\n\n\n\n<p><em>\u201cO Conselho \u00e9 um espa\u00e7o prop\u00edcio para poder discutir as pol\u00edticas p\u00fablicas voltadas para o meio ambiente que a nossa cidade tanto precisa. O \u00f3rg\u00e3o une a sociedade civil e o poder p\u00fablico para refletir sobre solu\u00e7\u00f5es para quest\u00f5es ambientais.\u201d, destacou o secret\u00e1rio Josim\u00e1rio Marques.<\/em><\/p>\n\n\n\n<p>Durante a ocasi\u00e3o, os conselheiros elencaram pautas que dever\u00e3o ser inclu\u00eddas nas estrat\u00e9gias do Conselho, como a prote\u00e7\u00e3o da mata atl\u00e2ntica, a preserva\u00e7\u00e3o dos rios, o fortalecimento da coleta seletiva, entre outros importantes pontos. O secret\u00e1rio tamb\u00e9m destacou a necessidade da atualiza\u00e7\u00e3o da legisla\u00e7\u00e3o j\u00e1 existente. <em>&#8220;Uma das tarefas do CONDEMA \u00e9 aprimorar o nosso arcabou\u00e7o jur\u00eddico. A legisla\u00e7\u00e3o municipal que n\u00f3s temos que trata sobre o meio ambiente est\u00e1 ultrapassada, pois data da d\u00e9cada de 80. A gente precisa fazer uma adequa\u00e7\u00e3o ao momento atual.&#8221;<\/em><\/p>\n\n\n\n<figure class=\"wp-block-gallery columns-0 is-cropped wp-block-gallery-2 is-layout-flex wp-block-gallery-is-layout-flex\"><ul class=\"blocks-gallery-grid\"><\/ul><\/figure>\n\n\n\n<p><strong>Confira abaixo a lista dos eleitos para o Conselho Municipal de Defesa do Meio Ambiente (CONDEMA) do Bi\u00eanio 2022-2024:<\/strong><\/p>\n\n\n\n<p><strong>SOCIEDADE CIVIL<\/strong><\/p>\n\n\n\n<p><strong>Escola Waldorf Rural Turmalina<br><\/strong>Felipe Andrade Lima Lins \u2013 Titular<br>Patr\u00edcia P\u00edfano de Moura Martins \u2013 Suplente<\/p>\n\n\n\n<p><strong>Projeto Patinhas<br><\/strong>Luciane Pereira do Nascimento \u2013 Titular<br>Gabriel Nascimento Pinho \u2013 Suplente<\/p>\n\n\n\n<p><strong>Fo\u0301rum Socioambiental de Aldeia<br><\/strong>Ludmila Marques Portela \u2013 Titular<br>Rodrigo Jos\u00e9 Lyra Leite \u2013 Suplente<\/p>\n\n\n\n<p><strong>Cooperativa de Catadores de Materiais Recicl\u00e1veis de Paudalho (COOPCAPA)<br><\/strong>Rom\u00e1rio Marques de Lima \u2013 Titular<br>Simone Maria Barbosa Ol\u00edmpio \u2013 Suplente<\/p>\n\n\n\n<p><strong>Instituto De Desenvolvimento Econ\u00f4mico Socioambiental Sustent\u00e1vel (IDESS)<br><\/strong>Romero Silva Melo \u2013 Titular<br>Gilson Jos\u00e9 Loyola da Silva \u2013 Suplente<\/p>\n\n\n\n<p><\/p>\n\n\n\n<p><strong>PODER P\u00daBLICO<\/strong><\/p>\n\n\n\n<p><strong>Secretaria Executiva de Desenvolvimento Econ\u00f4mico, Meio Ambiente e Qualifica\u00e7\u00e3o Profissional (SEDEMAQ)<\/strong> Wanessa Kamily Bezerra dos Santos \u2013 Titular<br>Denicio Jos\u00e9 Jacinto Ribeiro Filho \u2013 Suplente<\/p>\n\n\n\n<p><strong>Procuradoria Geral do Munic\u00edpio<br><\/strong>Cosme Frederico Cruz Albino de Souza \u2013 Titular<br>Mayanne Ruth de Oliveira \u2013 Suplente<\/p>\n\n\n\n<p><strong>Secretaria de Sa\u00fade<br><\/strong>Gilliard Henrique da Silva \u2013 Titular<br>Kelly Fab\u00edola Rangel Lago Machado \u2013 Suplente<\/p>\n\n\n\n<p><strong>Secretaria de Educa\u00e7\u00e3o e Esportes<br><\/strong>Andr\u00e9 Felipe Gomes do Nascimento \u2013 Titular<br>Girlene da Concei\u00e7\u00e3o Vieira de Fran\u00e7a Gon\u00e7alves \u2013 Suplente<\/p>\n\n\n\n<p><strong>Secretaria de Desenvolvimento Urbano e Meio Ambiente<br><\/strong>Izael Even de Ara\u00fajo \u2013 Titular<br>Robson Rodrigues de Holanda Cavalcanti \u2013 Suplente<\/p>\n","protected":false},"excerpt":{"rendered":"<p>A preserva\u00e7\u00e3o do meio ambiente \u00e9 uma medida cada dia mais necess\u00e1ria. Para refor\u00e7ar as pol\u00edticas p\u00fablicas voltadas para as quest\u00f5es ambientais, a Prefeitura do Paudalho realizou na manh\u00e3 desta segunda-feira (13) a cerim\u00f4nia de posse dos conselheiros do Conselho Municipal de Defesa do Meio Ambiente (CONDEMA). O mandato dos 20 novos integrantes ter\u00e1 vig\u00eancia [&hellip;]<\/p>\n","protected":false},"author":6,"featured_media":21241,"comment_status":"open","ping_status":"open","sticky":false,"template":"","format":"standard","meta":{"_jetpack_newsletter_access":"","_jetpack_dont_email_post_to_subs":false,"_jetpack_newsletter_tier_id":0,"_jetpack_memberships_contains_paywalled_content":false,"_jetpack_memberships_contains_paid_content":false,"footnotes":""},"categories":[2,765,1],"tags":[843,190,22],"class_list":["post-21225","post","type-post","status-publish","format-standard","has-post-thumbnail","hentry","category-destaque","category-meio-ambiente","category-noticias","tag-conselho-municipal-de-defesa-do-meio-ambiente","tag-meio-ambiente","tag-prefeitura-do-paudalho"],"jetpack_featured_media_url":"https:\/\/www.paudalho.pe.gov.br\/portal\/wp-content\/uploads\/2021\/12\/conselheiros-CONDEMA.jpg","jetpack_sharing_enabled":true,"jetpack_shortlink":"https:\/\/wp.me\/p98mS2-5wl","_links":{"self":[{"href":"https:\/\/www.paudalho.pe.gov.br\/portal\/wp-json\/wp\/v2\/posts\/21225","targetHints":{"allow":["GET"]}}],"collection":[{"href":"https:\/\/www.paudalho.pe.gov.br\/portal\/wp-json\/wp\/v2\/posts"}],"about":[{"href":"https:\/\/www.paudalho.pe.gov.br\/portal\/wp-json\/wp\/v2\/types\/post"}],"author":[{"embeddable":true,"href":"https:\/\/www.paudalho.pe.gov.br\/portal\/wp-json\/wp\/v2\/users\/6"}],"replies":[{"embeddable":true,"href":"https:\/\/www.paudalho.pe.gov.br\/portal\/wp-json\/wp\/v2\/comments?post=21225"}],"version-history":[{"count":25,"href":"https:\/\/www.paudalho.pe.gov.br\/portal\/wp-json\/wp\/v2\/posts\/21225\/revisions"}],"predecessor-version":[{"id":21257,"href":"https:\/\/www.paudalho.pe.gov.br\/portal\/wp-json\/wp\/v2\/posts\/21225\/revisions\/21257"}],"wp:featuredmedia":[{"embeddable":true,"href":"https:\/\/www.paudalho.pe.gov.br\/portal\/wp-json\/wp\/v2\/media\/21241"}],"wp:attachment":[{"href":"https:\/\/www.paudalho.pe.gov.br\/portal\/wp-json\/wp\/v2\/media?parent=21225"}],"wp:term":[{"taxonomy":"category","embeddable":true,"href":"https:\/\/www.paudalho.pe.gov.br\/portal\/wp-json\/wp\/v2\/categories?post=21225"},{"taxonomy":"post_tag","embeddable":true,"href":"https:\/\/www.paudalho.pe.gov.br\/portal\/wp-json\/wp\/v2\/tags?post=21225"}],"curies":[{"name":"wp","href":"https:\/\/api.w.org\/{rel}","templated":true}]}}