{"id":2121,"date":"2017-12-05T21:09:55","date_gmt":"2017-12-06T00:09:55","guid":{"rendered":"http:\/\/www.paudalho.pe.gov.br\/portal\/?p=2121"},"modified":"2017-12-15T12:33:25","modified_gmt":"2017-12-15T15:33:25","slug":"depois-do-colegio-municipal-de-guadalajara-gestao-anuncia-mais-obras-em-paudalho","status":"publish","type":"post","link":"https:\/\/www.paudalho.pe.gov.br\/portal\/depois-do-colegio-municipal-de-guadalajara-gestao-anuncia-mais-obras-em-paudalho\/","title":{"rendered":"Depois do Col\u00e9gio Municipal de Guadalajara, gest\u00e3o anuncia mais obras em Paudalho"},"content":{"rendered":"<p>A reinaugura\u00e7\u00e3o do Col\u00e9gio Municipal de Guadalajara, no \u00faltimo s\u00e1bado (2), mostrou que a gest\u00e3o continua avan\u00e7ando. Mas, as novidades na cidade n\u00e3o param por a\u00ed. O prefeito do Munic\u00edpio, Marcelo Gouveia, anunciou mais obras e a perspectiva \u00e9 que outras unidades p\u00fablicas sejam reinauguradas. \u201cAcredito que at\u00e9 o fim de dezembro, in\u00edcio de janeiro a gente deve estar dando a ordem de servi\u00e7o de mais duas obras, duas creches de R$ 2,5 milh\u00f5es, cada. Uma no loteamento Bel\u00e9m e uma no loteamento Primavera e no in\u00edcio do ano, eu acredito que n\u00f3s conseguiremos emplacar mais tr\u00eas grandes escolas no nosso Munic\u00edpio. Uma entre a Asa Branca e Santa M\u00f4nica, outra em Primavera e outra em Bel\u00e9m. H\u00e1 20 anos n\u00e3o se constr\u00f3i uma escola em Paudalho, a popula\u00e7\u00e3o duplicou e o n\u00famero de escolas s\u00e3o os mesmos \u201d, comentou.<\/p>\n<h2>Assinatura de ordens de servi\u00e7o<\/h2>\n<p>Em visita no \u00faltimo s\u00e1bado ao Munic\u00edpio, o ministro da Educa\u00e7\u00e3o, Mendon\u00e7a Filho, participou da reinaugura\u00e7\u00e3o da unidade de ensino e assinou algumas ordens de servi\u00e7o. Ser\u00e3o constru\u00eddas creches nos bairros do Bel\u00e9m e Primavera, e ainda v\u00e3o ser retomadas as obras das quadras das escolas Manoel da Rosa, Genilda Martins. Mendon\u00e7a ainda anunciou a cobertura da quadra da Escola Jos\u00e9 Bonif\u00e1cio.<\/p>\n<h2>Ruas pavimentadas<\/h2>\n<p>As obras na rua 10 do bairro do Bel\u00e9m seguem a todo vapor. Na rua um, a pavimenta\u00e7\u00e3o j\u00e1 est\u00e1 com o processo bastante adiantado. Segundo o prefeito do Paudalho, Marcelo Gouveia, outras ruas do munic\u00edpio ser\u00e3o pavimentadas. Em menos de um ano de gest\u00e3o, a Prefeitura j\u00e1 transformou mais de 20 unidades p\u00fablicas. As ordens de servi\u00e7o das obras para as obras foram assinadas no dia 26 de novembro. O secret\u00e1rio de Obras e Servi\u00e7os P\u00fablicos, Gustavo Gouveia, comentou que o principal objetivo da obra \u00e9 proporcionar o bem-estar da popula\u00e7\u00e3o. \u201c\u00c9 muito importante para poder melhorar a qualidade de vida, para poder dignificar essa popula\u00e7\u00e3o, essa comunidade \u201c, esclareceu.<strong> Confira as fotos:<\/strong><\/p>\n<div id=\"attachment_2126\" style=\"width: 310px\" class=\"wp-caption alignnone\"><img loading=\"lazy\" decoding=\"async\" aria-describedby=\"caption-attachment-2126\" data-attachment-id=\"2126\" data-permalink=\"https:\/\/www.paudalho.pe.gov.br\/portal\/depois-do-colegio-municipal-de-guadalajara-gestao-anuncia-mais-obras-em-paudalho\/a643e0ed-e976-4d76-92a9-1786e9d1309b\/\" data-orig-file=\"https:\/\/www.paudalho.pe.gov.br\/portal\/wp-content\/uploads\/2017\/12\/a643e0ed-e976-4d76-92a9-1786e9d1309b.jpg\" data-orig-size=\"960,539\" data-comments-opened=\"1\" data-image-meta=\"{&quot;aperture&quot;:&quot;0&quot;,&quot;credit&quot;:&quot;&quot;,&quot;camera&quot;:&quot;&quot;,&quot;caption&quot;:&quot;&quot;,&quot;created_timestamp&quot;:&quot;0&quot;,&quot;copyright&quot;:&quot;&quot;,&quot;focal_length&quot;:&quot;0&quot;,&quot;iso&quot;:&quot;0&quot;,&quot;shutter_speed&quot;:&quot;0&quot;,&quot;title&quot;:&quot;&quot;,&quot;orientation&quot;:&quot;0&quot;}\" data-image-title=\"a643e0ed-e976-4d76-92a9-1786e9d1309b\" data-image-description=\"\" data-image-caption=\"&lt;p&gt;Foto: Lucas Morais&lt;\/p&gt;\n\" data-medium-file=\"https:\/\/www.paudalho.pe.gov.br\/portal\/wp-content\/uploads\/2017\/12\/a643e0ed-e976-4d76-92a9-1786e9d1309b-350x230.jpg\" data-large-file=\"https:\/\/www.paudalho.pe.gov.br\/portal\/wp-content\/uploads\/2017\/12\/a643e0ed-e976-4d76-92a9-1786e9d1309b.jpg\" class=\"size-medium wp-image-2126\" src=\"http:\/\/www.paudalho.pe.gov.br\/portal\/wp-content\/uploads\/2017\/12\/a643e0ed-e976-4d76-92a9-1786e9d1309b-350x230.jpg\" alt=\"\" width=\"300\" height=\"197\" \/><p id=\"caption-attachment-2126\" class=\"wp-caption-text\">Foto: Lucas Morais<\/p><\/div>\n<div id=\"attachment_2122\" style=\"width: 310px\" class=\"wp-caption alignnone\"><img loading=\"lazy\" decoding=\"async\" aria-describedby=\"caption-attachment-2122\" data-attachment-id=\"2122\" data-permalink=\"https:\/\/www.paudalho.pe.gov.br\/portal\/depois-do-colegio-municipal-de-guadalajara-gestao-anuncia-mais-obras-em-paudalho\/cdecc123-a2a7-4a2c-b43c-8076e627007b\/\" data-orig-file=\"https:\/\/www.paudalho.pe.gov.br\/portal\/wp-content\/uploads\/2017\/12\/cdecc123-a2a7-4a2c-b43c-8076e627007b.jpg\" data-orig-size=\"960,539\" data-comments-opened=\"1\" data-image-meta=\"{&quot;aperture&quot;:&quot;0&quot;,&quot;credit&quot;:&quot;&quot;,&quot;camera&quot;:&quot;&quot;,&quot;caption&quot;:&quot;&quot;,&quot;created_timestamp&quot;:&quot;0&quot;,&quot;copyright&quot;:&quot;&quot;,&quot;focal_length&quot;:&quot;0&quot;,&quot;iso&quot;:&quot;0&quot;,&quot;shutter_speed&quot;:&quot;0&quot;,&quot;title&quot;:&quot;&quot;,&quot;orientation&quot;:&quot;0&quot;}\" data-image-title=\"cdecc123-a2a7-4a2c-b43c-8076e627007b\" data-image-description=\"\" data-image-caption=\"&lt;p&gt;Foto: Lucas Morais&lt;\/p&gt;\n\" data-medium-file=\"https:\/\/www.paudalho.pe.gov.br\/portal\/wp-content\/uploads\/2017\/12\/cdecc123-a2a7-4a2c-b43c-8076e627007b-350x230.jpg\" data-large-file=\"https:\/\/www.paudalho.pe.gov.br\/portal\/wp-content\/uploads\/2017\/12\/cdecc123-a2a7-4a2c-b43c-8076e627007b-800x450.jpg\" class=\"size-medium wp-image-2122\" src=\"http:\/\/www.paudalho.pe.gov.br\/portal\/wp-content\/uploads\/2017\/12\/cdecc123-a2a7-4a2c-b43c-8076e627007b-350x230.jpg\" alt=\"\" width=\"300\" height=\"197\" \/><p id=\"caption-attachment-2122\" class=\"wp-caption-text\">Foto: Lucas Morais<\/p><\/div>\n<p>&nbsp;<\/p>\n","protected":false},"excerpt":{"rendered":"<p>A reinaugura\u00e7\u00e3o do Col\u00e9gio Municipal de Guadalajara, no \u00faltimo s\u00e1bado (2), mostrou que a gest\u00e3o continua avan\u00e7ando. Mas, as novidades na cidade n\u00e3o param por a\u00ed. O prefeito do Munic\u00edpio, Marcelo Gouveia, anunciou mais obras e a perspectiva \u00e9 que outras unidades p\u00fablicas sejam reinauguradas. \u201cAcredito que at\u00e9 o fim de dezembro, in\u00edcio de janeiro [&hellip;]<\/p>\n","protected":false},"author":4,"featured_media":1818,"comment_status":"open","ping_status":"open","sticky":false,"template":"","format":"standard","meta":{"_jetpack_newsletter_access":"","_jetpack_dont_email_post_to_subs":false,"_jetpack_newsletter_tier_id":0,"_jetpack_memberships_contains_paywalled_content":false,"_jetpack_memberships_contains_paid_content":false,"footnotes":""},"categories":[2,35],"tags":[213,211,22,217,218],"class_list":["post-2121","post","type-post","status-publish","format-standard","has-post-thumbnail","hentry","category-destaque","category-obras","tag-belem","tag-pavimentacao","tag-prefeitura-do-paudalho","tag-ruas","tag-secretaria-de-obras-e-servicos-publicos"],"jetpack_featured_media_url":"https:\/\/www.paudalho.pe.gov.br\/portal\/wp-content\/uploads\/2017\/11\/0377b1ef-a0c4-4772-bf5c-507506c8e93b.jpg","jetpack_sharing_enabled":true,"jetpack_shortlink":"https:\/\/wp.me\/p98mS2-yd","_links":{"self":[{"href":"https:\/\/www.paudalho.pe.gov.br\/portal\/wp-json\/wp\/v2\/posts\/2121","targetHints":{"allow":["GET"]}}],"collection":[{"href":"https:\/\/www.paudalho.pe.gov.br\/portal\/wp-json\/wp\/v2\/posts"}],"about":[{"href":"https:\/\/www.paudalho.pe.gov.br\/portal\/wp-json\/wp\/v2\/types\/post"}],"author":[{"embeddable":true,"href":"https:\/\/www.paudalho.pe.gov.br\/portal\/wp-json\/wp\/v2\/users\/4"}],"replies":[{"embeddable":true,"href":"https:\/\/www.paudalho.pe.gov.br\/portal\/wp-json\/wp\/v2\/comments?post=2121"}],"version-history":[{"count":4,"href":"https:\/\/www.paudalho.pe.gov.br\/portal\/wp-json\/wp\/v2\/posts\/2121\/revisions"}],"predecessor-version":[{"id":2133,"href":"https:\/\/www.paudalho.pe.gov.br\/portal\/wp-json\/wp\/v2\/posts\/2121\/revisions\/2133"}],"wp:featuredmedia":[{"embeddable":true,"href":"https:\/\/www.paudalho.pe.gov.br\/portal\/wp-json\/wp\/v2\/media\/1818"}],"wp:attachment":[{"href":"https:\/\/www.paudalho.pe.gov.br\/portal\/wp-json\/wp\/v2\/media?parent=2121"}],"wp:term":[{"taxonomy":"category","embeddable":true,"href":"https:\/\/www.paudalho.pe.gov.br\/portal\/wp-json\/wp\/v2\/categories?post=2121"},{"taxonomy":"post_tag","embeddable":true,"href":"https:\/\/www.paudalho.pe.gov.br\/portal\/wp-json\/wp\/v2\/tags?post=2121"}],"curies":[{"name":"wp","href":"https:\/\/api.w.org\/{rel}","templated":true}]}}