{"id":21170,"date":"2021-12-09T12:04:01","date_gmt":"2021-12-09T15:04:01","guid":{"rendered":"https:\/\/www.paudalho.pe.gov.br\/portal\/?p=21170"},"modified":"2025-01-08T00:39:17","modified_gmt":"2025-01-08T03:39:17","slug":"cerimonia-de-posse-dos-conselheiros-do-conselho-municipal-de-meio-ambiente-sera-realizada-na-proxima-segunda-feira-13","status":"publish","type":"post","link":"https:\/\/www.paudalho.pe.gov.br\/portal\/cerimonia-de-posse-dos-conselheiros-do-conselho-municipal-de-meio-ambiente-sera-realizada-na-proxima-segunda-feira-13\/","title":{"rendered":"Cerim\u00f4nia de posse dos conselheiros do Conselho Municipal de Meio Ambiente ser\u00e1 realizada na pr\u00f3xima segunda-feira (13)"},"content":{"rendered":"\n<p>A Prefeitura do Paudalho, por meio da Secretaria Municipal de Desenvolvimento Econ\u00f4mico, Meio Ambiente e Qualifica\u00e7\u00e3o Profissional (SEDEMAQ), realizar\u00e1 na pr\u00f3xima segunda-feira (13) a cerim\u00f4nia de posse dos conselheiros do <strong>Conselho Municipal de Defesa do Meio Ambiente (CONDEMA) <\/strong>do bi\u00eanio 2022\/2024. A solenidade ter\u00e1 in\u00edcio \u00e0s 9h e ocorrer\u00e1 no edif\u00edcio da C\u00e2mara Municipal de Paudalho, localizada na Rua Jo\u00e3o Alfredo, n\u00famero 100, no Centro. <\/p>\n\n\n\n<p>O Conselho Municipal de Meio Ambiente \u00e9 um \u00f3rg\u00e3o parit\u00e1rio institu\u00eddo em Paudalho desde 2008. A organiza\u00e7\u00e3o \u00e9 formada por cinco representantes do poder p\u00fablico e cinco da sociedade civil. Entre suas fun\u00e7\u00f5es, o Conselho \u00e9 respons\u00e1vel por atender todas as demandas relacionadas \u00e0 causa ambiental da cidade, por identificar as problem\u00e1ticas relativas a esse \u00e2mbito e criar poss\u00edveis solu\u00e7\u00f5es.<\/p>\n\n\n\n<p>O <a href=\"https:\/\/www.paudalho.pe.gov.br\/portal\/prefeitura-divulga-edital-de-convocacao-de-entidades-nao-governamentais-para-a-composicao-do-conselho-municipal-de-meio-ambiente\/\" target=\"_blank\" rel=\"noreferrer noopener\">edital de convoca\u00e7\u00e3o<\/a> de entidades da sociedade civil para composi\u00e7\u00e3o do \u00f3rg\u00e3o foi divulgado no dia 23 de agosto e a elei\u00e7\u00e3o ocorreu no dia 22 de setembro. Puderam se candidatar ao pleito representantes de institui\u00e7\u00f5es n\u00e3o governamentais fundadas no territ\u00f3rio municipal e entidades externas que possu\u00edssem atua\u00e7\u00e3o comprovada dentro do munic\u00edpio por no m\u00ednimo dois anos.&nbsp;<\/p>\n","protected":false},"excerpt":{"rendered":"<p>A Prefeitura do Paudalho, por meio da Secretaria Municipal de Desenvolvimento Econ\u00f4mico, Meio Ambiente e Qualifica\u00e7\u00e3o Profissional (SEDEMAQ), realizar\u00e1 na pr\u00f3xima segunda-feira (13) a cerim\u00f4nia de posse dos conselheiros do Conselho Municipal de Defesa do Meio Ambiente (CONDEMA) do bi\u00eanio 2022\/2024. A solenidade ter\u00e1 in\u00edcio \u00e0s 9h e ocorrer\u00e1 no edif\u00edcio da C\u00e2mara Municipal de [&hellip;]<\/p>\n","protected":false},"author":6,"featured_media":21178,"comment_status":"open","ping_status":"open","sticky":false,"template":"","format":"standard","meta":{"_jetpack_newsletter_access":"","_jetpack_dont_email_post_to_subs":false,"_jetpack_newsletter_tier_id":0,"_jetpack_memberships_contains_paywalled_content":false,"_jetpack_memberships_contains_paid_content":false,"footnotes":""},"categories":[2,765,1],"tags":[784,190,22],"class_list":["post-21170","post","type-post","status-publish","format-standard","has-post-thumbnail","hentry","category-destaque","category-meio-ambiente","category-noticias","tag-conselho-municipal-de-meio-ambiente","tag-meio-ambiente","tag-prefeitura-do-paudalho"],"jetpack_featured_media_url":"https:\/\/www.paudalho.pe.gov.br\/portal\/wp-content\/uploads\/2021\/12\/pexels-scott-webb-1048033-scaled.jpg","jetpack_sharing_enabled":true,"jetpack_shortlink":"https:\/\/wp.me\/p98mS2-5vs","_links":{"self":[{"href":"https:\/\/www.paudalho.pe.gov.br\/portal\/wp-json\/wp\/v2\/posts\/21170","targetHints":{"allow":["GET"]}}],"collection":[{"href":"https:\/\/www.paudalho.pe.gov.br\/portal\/wp-json\/wp\/v2\/posts"}],"about":[{"href":"https:\/\/www.paudalho.pe.gov.br\/portal\/wp-json\/wp\/v2\/types\/post"}],"author":[{"embeddable":true,"href":"https:\/\/www.paudalho.pe.gov.br\/portal\/wp-json\/wp\/v2\/users\/6"}],"replies":[{"embeddable":true,"href":"https:\/\/www.paudalho.pe.gov.br\/portal\/wp-json\/wp\/v2\/comments?post=21170"}],"version-history":[{"count":12,"href":"https:\/\/www.paudalho.pe.gov.br\/portal\/wp-json\/wp\/v2\/posts\/21170\/revisions"}],"predecessor-version":[{"id":21238,"href":"https:\/\/www.paudalho.pe.gov.br\/portal\/wp-json\/wp\/v2\/posts\/21170\/revisions\/21238"}],"wp:featuredmedia":[{"embeddable":true,"href":"https:\/\/www.paudalho.pe.gov.br\/portal\/wp-json\/wp\/v2\/media\/21178"}],"wp:attachment":[{"href":"https:\/\/www.paudalho.pe.gov.br\/portal\/wp-json\/wp\/v2\/media?parent=21170"}],"wp:term":[{"taxonomy":"category","embeddable":true,"href":"https:\/\/www.paudalho.pe.gov.br\/portal\/wp-json\/wp\/v2\/categories?post=21170"},{"taxonomy":"post_tag","embeddable":true,"href":"https:\/\/www.paudalho.pe.gov.br\/portal\/wp-json\/wp\/v2\/tags?post=21170"}],"curies":[{"name":"wp","href":"https:\/\/api.w.org\/{rel}","templated":true}]}}