{"id":2091,"date":"2017-12-05T01:33:31","date_gmt":"2017-12-05T04:33:31","guid":{"rendered":"http:\/\/www.paudalho.pe.gov.br\/portal\/?p=2091"},"modified":"2018-01-11T21:13:07","modified_gmt":"2018-01-12T00:13:07","slug":"colegio-municipal-de-guadalajara-e-inaugurado-e-obra-impressiona-populacao","status":"publish","type":"post","link":"https:\/\/www.paudalho.pe.gov.br\/portal\/colegio-municipal-de-guadalajara-e-inaugurado-e-obra-impressiona-populacao\/","title":{"rendered":"Col\u00e9gio Municipal de Guadalajara \u00e9 inaugurado e obra impressiona popula\u00e7\u00e3o"},"content":{"rendered":"<p>\u201c\u00d3timo, maravilha, \u00e9 outra escola&#8230; N\u00e3o tenho palavras&#8230;Nota 10\u201d, disse a moradora de Guadalajara Maria Jos\u00e9 sobre a reinaugura\u00e7\u00e3o do Col\u00e9gio Municipal de Guadalajara que ocorreu no \u00faltimo s\u00e1bado (2). Centenas de pessoas lotaram a unidade e ficaram impressionadas com a nova estrutura que vai oferecer aos mais de 700 alunos, ensino de qualidade. O espa\u00e7o totalmente reconstru\u00eddo oferta salas de aula climatizadas, laborat\u00f3rios de inform\u00e1tica, rob\u00f3tica, ci\u00eancias, biblioteca e ainda um audit\u00f3rio, entre outros espa\u00e7os.<\/p>\n<div id=\"attachment_2105\" style=\"width: 310px\" class=\"wp-caption alignnone\"><img loading=\"lazy\" decoding=\"async\" aria-describedby=\"caption-attachment-2105\" data-attachment-id=\"2105\" data-permalink=\"https:\/\/www.paudalho.pe.gov.br\/portal\/colegio-municipal-de-guadalajara-e-inaugurado-e-obra-impressiona-populacao\/ae482974-71be-469d-be5c-be6a392b3c42\/\" data-orig-file=\"https:\/\/www.paudalho.pe.gov.br\/portal\/wp-content\/uploads\/2017\/12\/ae482974-71be-469d-be5c-be6a392b3c42.jpg\" data-orig-size=\"1280,853\" data-comments-opened=\"1\" data-image-meta=\"{&quot;aperture&quot;:&quot;0&quot;,&quot;credit&quot;:&quot;&quot;,&quot;camera&quot;:&quot;&quot;,&quot;caption&quot;:&quot;&quot;,&quot;created_timestamp&quot;:&quot;0&quot;,&quot;copyright&quot;:&quot;&quot;,&quot;focal_length&quot;:&quot;0&quot;,&quot;iso&quot;:&quot;0&quot;,&quot;shutter_speed&quot;:&quot;0&quot;,&quot;title&quot;:&quot;&quot;,&quot;orientation&quot;:&quot;0&quot;}\" data-image-title=\"ae482974-71be-469d-be5c-be6a392b3c42\" data-image-description=\"\" data-image-caption=\"&lt;p&gt;Foto: Isak de Castro\/PMP&lt;\/p&gt;\n\" data-medium-file=\"https:\/\/www.paudalho.pe.gov.br\/portal\/wp-content\/uploads\/2017\/12\/ae482974-71be-469d-be5c-be6a392b3c42-350x230.jpg\" data-large-file=\"https:\/\/www.paudalho.pe.gov.br\/portal\/wp-content\/uploads\/2017\/12\/ae482974-71be-469d-be5c-be6a392b3c42-800x450.jpg\" class=\"size-medium wp-image-2105\" src=\"http:\/\/www.paudalho.pe.gov.br\/portal\/wp-content\/uploads\/2017\/12\/ae482974-71be-469d-be5c-be6a392b3c42-350x230.jpg\" alt=\"\" width=\"300\" height=\"197\" \/><p id=\"caption-attachment-2105\" class=\"wp-caption-text\">Foto: Isak de Castro\/PMP<\/p><\/div>\n<div id=\"attachment_2097\" style=\"width: 310px\" class=\"wp-caption alignnone\"><img loading=\"lazy\" decoding=\"async\" aria-describedby=\"caption-attachment-2097\" data-attachment-id=\"2097\" data-permalink=\"https:\/\/www.paudalho.pe.gov.br\/portal\/colegio-municipal-de-guadalajara-e-inaugurado-e-obra-impressiona-populacao\/09bb4cca-2061-4e8a-9dc6-a28a06900592\/\" data-orig-file=\"https:\/\/www.paudalho.pe.gov.br\/portal\/wp-content\/uploads\/2017\/12\/09bb4cca-2061-4e8a-9dc6-a28a06900592.jpg\" data-orig-size=\"1280,853\" data-comments-opened=\"1\" data-image-meta=\"{&quot;aperture&quot;:&quot;0&quot;,&quot;credit&quot;:&quot;&quot;,&quot;camera&quot;:&quot;&quot;,&quot;caption&quot;:&quot;&quot;,&quot;created_timestamp&quot;:&quot;0&quot;,&quot;copyright&quot;:&quot;&quot;,&quot;focal_length&quot;:&quot;0&quot;,&quot;iso&quot;:&quot;0&quot;,&quot;shutter_speed&quot;:&quot;0&quot;,&quot;title&quot;:&quot;&quot;,&quot;orientation&quot;:&quot;0&quot;}\" data-image-title=\"09bb4cca-2061-4e8a-9dc6-a28a06900592\" data-image-description=\"\" data-image-caption=\"&lt;p&gt;Foto: Isak de Castro\/PMP&lt;\/p&gt;\n\" data-medium-file=\"https:\/\/www.paudalho.pe.gov.br\/portal\/wp-content\/uploads\/2017\/12\/09bb4cca-2061-4e8a-9dc6-a28a06900592-350x230.jpg\" data-large-file=\"https:\/\/www.paudalho.pe.gov.br\/portal\/wp-content\/uploads\/2017\/12\/09bb4cca-2061-4e8a-9dc6-a28a06900592-800x450.jpg\" class=\"size-medium wp-image-2097\" src=\"http:\/\/www.paudalho.pe.gov.br\/portal\/wp-content\/uploads\/2017\/12\/09bb4cca-2061-4e8a-9dc6-a28a06900592-350x230.jpg\" alt=\"\" width=\"300\" height=\"197\" \/><p id=\"caption-attachment-2097\" class=\"wp-caption-text\">Foto: Isak de Castro\/PMP<\/p><\/div>\n<div id=\"attachment_2098\" style=\"width: 310px\" class=\"wp-caption alignnone\"><img loading=\"lazy\" decoding=\"async\" aria-describedby=\"caption-attachment-2098\" data-attachment-id=\"2098\" data-permalink=\"https:\/\/www.paudalho.pe.gov.br\/portal\/colegio-municipal-de-guadalajara-e-inaugurado-e-obra-impressiona-populacao\/658a48ad-34c0-4be8-befc-8a606af8e06c\/\" data-orig-file=\"https:\/\/www.paudalho.pe.gov.br\/portal\/wp-content\/uploads\/2017\/12\/658a48ad-34c0-4be8-befc-8a606af8e06c.jpg\" data-orig-size=\"960,640\" data-comments-opened=\"1\" data-image-meta=\"{&quot;aperture&quot;:&quot;0&quot;,&quot;credit&quot;:&quot;&quot;,&quot;camera&quot;:&quot;&quot;,&quot;caption&quot;:&quot;&quot;,&quot;created_timestamp&quot;:&quot;0&quot;,&quot;copyright&quot;:&quot;&quot;,&quot;focal_length&quot;:&quot;0&quot;,&quot;iso&quot;:&quot;0&quot;,&quot;shutter_speed&quot;:&quot;0&quot;,&quot;title&quot;:&quot;&quot;,&quot;orientation&quot;:&quot;0&quot;}\" data-image-title=\"658a48ad-34c0-4be8-befc-8a606af8e06c\" data-image-description=\"\" data-image-caption=\"&lt;p&gt;Foto: Isak de Castro\/PMP&lt;\/p&gt;\n\" data-medium-file=\"https:\/\/www.paudalho.pe.gov.br\/portal\/wp-content\/uploads\/2017\/12\/658a48ad-34c0-4be8-befc-8a606af8e06c-350x230.jpg\" data-large-file=\"https:\/\/www.paudalho.pe.gov.br\/portal\/wp-content\/uploads\/2017\/12\/658a48ad-34c0-4be8-befc-8a606af8e06c-800x450.jpg\" class=\"size-medium wp-image-2098\" src=\"http:\/\/www.paudalho.pe.gov.br\/portal\/wp-content\/uploads\/2017\/12\/658a48ad-34c0-4be8-befc-8a606af8e06c-350x230.jpg\" alt=\"\" width=\"300\" height=\"197\" \/><p id=\"caption-attachment-2098\" class=\"wp-caption-text\">Foto: Isak de Castro\/PMP<\/p><\/div>\n<div id=\"attachment_2093\" style=\"width: 310px\" class=\"wp-caption alignnone\"><img loading=\"lazy\" decoding=\"async\" aria-describedby=\"caption-attachment-2093\" data-attachment-id=\"2093\" data-permalink=\"https:\/\/www.paudalho.pe.gov.br\/portal\/colegio-municipal-de-guadalajara-e-inaugurado-e-obra-impressiona-populacao\/af0bd10b-1423-487a-b069-5d8923b273e2\/\" data-orig-file=\"https:\/\/www.paudalho.pe.gov.br\/portal\/wp-content\/uploads\/2017\/12\/af0bd10b-1423-487a-b069-5d8923b273e2.jpg\" data-orig-size=\"1280,853\" data-comments-opened=\"1\" data-image-meta=\"{&quot;aperture&quot;:&quot;0&quot;,&quot;credit&quot;:&quot;&quot;,&quot;camera&quot;:&quot;&quot;,&quot;caption&quot;:&quot;&quot;,&quot;created_timestamp&quot;:&quot;0&quot;,&quot;copyright&quot;:&quot;&quot;,&quot;focal_length&quot;:&quot;0&quot;,&quot;iso&quot;:&quot;0&quot;,&quot;shutter_speed&quot;:&quot;0&quot;,&quot;title&quot;:&quot;&quot;,&quot;orientation&quot;:&quot;0&quot;}\" data-image-title=\"af0bd10b-1423-487a-b069-5d8923b273e2\" data-image-description=\"\" data-image-caption=\"&lt;p&gt;Foto: Diego Lira&lt;\/p&gt;\n\" data-medium-file=\"https:\/\/www.paudalho.pe.gov.br\/portal\/wp-content\/uploads\/2017\/12\/af0bd10b-1423-487a-b069-5d8923b273e2-350x230.jpg\" data-large-file=\"https:\/\/www.paudalho.pe.gov.br\/portal\/wp-content\/uploads\/2017\/12\/af0bd10b-1423-487a-b069-5d8923b273e2-800x450.jpg\" class=\"size-medium wp-image-2093\" src=\"http:\/\/www.paudalho.pe.gov.br\/portal\/wp-content\/uploads\/2017\/12\/af0bd10b-1423-487a-b069-5d8923b273e2-350x230.jpg\" alt=\"\" width=\"300\" height=\"197\" \/><p id=\"caption-attachment-2093\" class=\"wp-caption-text\">Foto: Diego Lira<\/p><\/div>\n<div id=\"attachment_2094\" style=\"width: 310px\" class=\"wp-caption alignnone\"><img loading=\"lazy\" decoding=\"async\" aria-describedby=\"caption-attachment-2094\" data-attachment-id=\"2094\" data-permalink=\"https:\/\/www.paudalho.pe.gov.br\/portal\/colegio-municipal-de-guadalajara-e-inaugurado-e-obra-impressiona-populacao\/61809c8c-e82c-4e9e-9761-cef48a54b6ce\/\" data-orig-file=\"https:\/\/www.paudalho.pe.gov.br\/portal\/wp-content\/uploads\/2017\/12\/61809c8c-e82c-4e9e-9761-cef48a54b6ce.jpg\" data-orig-size=\"1280,853\" data-comments-opened=\"1\" data-image-meta=\"{&quot;aperture&quot;:&quot;0&quot;,&quot;credit&quot;:&quot;&quot;,&quot;camera&quot;:&quot;&quot;,&quot;caption&quot;:&quot;&quot;,&quot;created_timestamp&quot;:&quot;0&quot;,&quot;copyright&quot;:&quot;&quot;,&quot;focal_length&quot;:&quot;0&quot;,&quot;iso&quot;:&quot;0&quot;,&quot;shutter_speed&quot;:&quot;0&quot;,&quot;title&quot;:&quot;&quot;,&quot;orientation&quot;:&quot;0&quot;}\" data-image-title=\"61809c8c-e82c-4e9e-9761-cef48a54b6ce\" data-image-description=\"\" data-image-caption=\"&lt;p&gt;Foto: Diego Lira&lt;\/p&gt;\n\" data-medium-file=\"https:\/\/www.paudalho.pe.gov.br\/portal\/wp-content\/uploads\/2017\/12\/61809c8c-e82c-4e9e-9761-cef48a54b6ce-350x230.jpg\" data-large-file=\"https:\/\/www.paudalho.pe.gov.br\/portal\/wp-content\/uploads\/2017\/12\/61809c8c-e82c-4e9e-9761-cef48a54b6ce-800x450.jpg\" class=\"wp-image-2094 size-medium\" src=\"http:\/\/www.paudalho.pe.gov.br\/portal\/wp-content\/uploads\/2017\/12\/61809c8c-e82c-4e9e-9761-cef48a54b6ce-350x230.jpg\" alt=\"\" width=\"300\" height=\"197\" \/><p id=\"caption-attachment-2094\" class=\"wp-caption-text\">Foto: Isak de Castro\/PMP<\/p><\/div>\n<div id=\"attachment_2096\" style=\"width: 310px\" class=\"wp-caption alignnone\"><img loading=\"lazy\" decoding=\"async\" aria-describedby=\"caption-attachment-2096\" data-attachment-id=\"2096\" data-permalink=\"https:\/\/www.paudalho.pe.gov.br\/portal\/colegio-municipal-de-guadalajara-e-inaugurado-e-obra-impressiona-populacao\/e9cf81b7-f905-4d69-abb7-a09f5fd1ba94\/\" data-orig-file=\"https:\/\/www.paudalho.pe.gov.br\/portal\/wp-content\/uploads\/2017\/12\/e9cf81b7-f905-4d69-abb7-a09f5fd1ba94.jpg\" data-orig-size=\"1280,853\" data-comments-opened=\"1\" data-image-meta=\"{&quot;aperture&quot;:&quot;0&quot;,&quot;credit&quot;:&quot;&quot;,&quot;camera&quot;:&quot;&quot;,&quot;caption&quot;:&quot;&quot;,&quot;created_timestamp&quot;:&quot;0&quot;,&quot;copyright&quot;:&quot;&quot;,&quot;focal_length&quot;:&quot;0&quot;,&quot;iso&quot;:&quot;0&quot;,&quot;shutter_speed&quot;:&quot;0&quot;,&quot;title&quot;:&quot;&quot;,&quot;orientation&quot;:&quot;0&quot;}\" data-image-title=\"e9cf81b7-f905-4d69-abb7-a09f5fd1ba94\" data-image-description=\"\" data-image-caption=\"&lt;p&gt;Foto: Diego Lira&lt;\/p&gt;\n\" data-medium-file=\"https:\/\/www.paudalho.pe.gov.br\/portal\/wp-content\/uploads\/2017\/12\/e9cf81b7-f905-4d69-abb7-a09f5fd1ba94-350x230.jpg\" data-large-file=\"https:\/\/www.paudalho.pe.gov.br\/portal\/wp-content\/uploads\/2017\/12\/e9cf81b7-f905-4d69-abb7-a09f5fd1ba94-800x450.jpg\" class=\"wp-image-2096 size-medium\" src=\"http:\/\/www.paudalho.pe.gov.br\/portal\/wp-content\/uploads\/2017\/12\/e9cf81b7-f905-4d69-abb7-a09f5fd1ba94-350x230.jpg\" alt=\"\" width=\"300\" height=\"197\" \/><p id=\"caption-attachment-2096\" class=\"wp-caption-text\">Foto: Isak de Castro\/PMP<\/p><\/div>\n<p>A estudante Alice Vit\u00f3ria, de 11 anos, participou do coral que se apresentou na ocasi\u00e3o e agradeceu pela reconstru\u00e7\u00e3o. Sobre a expectativa, ela comentou: \u201cEst\u00e1 grande&#8230;Achei \u00f3timo, melhorou tudo&#8230;Fica (o cora\u00e7\u00e3o) feliz\u201d, comentou.<\/p>\n<div id=\"attachment_2100\" style=\"width: 310px\" class=\"wp-caption alignnone\"><img loading=\"lazy\" decoding=\"async\" aria-describedby=\"caption-attachment-2100\" data-attachment-id=\"2100\" data-permalink=\"https:\/\/www.paudalho.pe.gov.br\/portal\/colegio-municipal-de-guadalajara-e-inaugurado-e-obra-impressiona-populacao\/c3de0bc7-489d-4740-85cd-0145d8172ede\/\" data-orig-file=\"https:\/\/www.paudalho.pe.gov.br\/portal\/wp-content\/uploads\/2017\/12\/c3de0bc7-489d-4740-85cd-0145d8172ede.jpg\" data-orig-size=\"1280,960\" data-comments-opened=\"1\" data-image-meta=\"{&quot;aperture&quot;:&quot;0&quot;,&quot;credit&quot;:&quot;&quot;,&quot;camera&quot;:&quot;&quot;,&quot;caption&quot;:&quot;&quot;,&quot;created_timestamp&quot;:&quot;0&quot;,&quot;copyright&quot;:&quot;&quot;,&quot;focal_length&quot;:&quot;0&quot;,&quot;iso&quot;:&quot;0&quot;,&quot;shutter_speed&quot;:&quot;0&quot;,&quot;title&quot;:&quot;&quot;,&quot;orientation&quot;:&quot;0&quot;}\" data-image-title=\"c3de0bc7-489d-4740-85cd-0145d8172ede\" data-image-description=\"\" data-image-caption=\"&lt;p&gt;Foto: Isak de Castro\/PMP&lt;\/p&gt;\n\" data-medium-file=\"https:\/\/www.paudalho.pe.gov.br\/portal\/wp-content\/uploads\/2017\/12\/c3de0bc7-489d-4740-85cd-0145d8172ede-350x230.jpg\" data-large-file=\"https:\/\/www.paudalho.pe.gov.br\/portal\/wp-content\/uploads\/2017\/12\/c3de0bc7-489d-4740-85cd-0145d8172ede-800x450.jpg\" class=\"size-medium wp-image-2100\" src=\"http:\/\/www.paudalho.pe.gov.br\/portal\/wp-content\/uploads\/2017\/12\/c3de0bc7-489d-4740-85cd-0145d8172ede-350x230.jpg\" alt=\"\" width=\"300\" height=\"197\" \/><p id=\"caption-attachment-2100\" class=\"wp-caption-text\">Foto: Isak de Castro\/PMP<\/p><\/div>\n<p>Em menos de um ano de gest\u00e3o, mais de 20 unidades p\u00fablicas foram reconstru\u00eddas e transformadas. O secret\u00e1rio de Obras e Servi\u00e7os P\u00fablicos Gustavo Gouveia lembrou como a prefeitura encontrou a obra. \u201cQuando a gente chegou aqui, em 2017, assim que come\u00e7amos, tivemos a oportunidade de visitar a escola e estava entregue, um descaso total e as crian\u00e7as estudando em uma escola improvisada que, diga-se de passagem, de escola s\u00f3 tinha realmente o nome e hoje a gente est\u00e1 aqui, com responsabilidade entregando o local para os nosso filhos\u201d, disse.<\/p>\n<div id=\"attachment_2101\" style=\"width: 310px\" class=\"wp-caption alignnone\"><img loading=\"lazy\" decoding=\"async\" aria-describedby=\"caption-attachment-2101\" data-attachment-id=\"2101\" data-permalink=\"https:\/\/www.paudalho.pe.gov.br\/portal\/colegio-municipal-de-guadalajara-e-inaugurado-e-obra-impressiona-populacao\/7038d473-e9c1-483e-b1a4-688012e80373\/\" data-orig-file=\"https:\/\/www.paudalho.pe.gov.br\/portal\/wp-content\/uploads\/2017\/12\/7038d473-e9c1-483e-b1a4-688012e80373.jpg\" data-orig-size=\"960,640\" data-comments-opened=\"1\" data-image-meta=\"{&quot;aperture&quot;:&quot;0&quot;,&quot;credit&quot;:&quot;&quot;,&quot;camera&quot;:&quot;&quot;,&quot;caption&quot;:&quot;&quot;,&quot;created_timestamp&quot;:&quot;0&quot;,&quot;copyright&quot;:&quot;&quot;,&quot;focal_length&quot;:&quot;0&quot;,&quot;iso&quot;:&quot;0&quot;,&quot;shutter_speed&quot;:&quot;0&quot;,&quot;title&quot;:&quot;&quot;,&quot;orientation&quot;:&quot;0&quot;}\" data-image-title=\"7038d473-e9c1-483e-b1a4-688012e80373\" data-image-description=\"\" data-image-caption=\"&lt;p&gt;Foto: Isak de Castro\/PMP&lt;\/p&gt;\n\" data-medium-file=\"https:\/\/www.paudalho.pe.gov.br\/portal\/wp-content\/uploads\/2017\/12\/7038d473-e9c1-483e-b1a4-688012e80373-350x230.jpg\" data-large-file=\"https:\/\/www.paudalho.pe.gov.br\/portal\/wp-content\/uploads\/2017\/12\/7038d473-e9c1-483e-b1a4-688012e80373-800x450.jpg\" class=\"size-medium wp-image-2101\" src=\"http:\/\/www.paudalho.pe.gov.br\/portal\/wp-content\/uploads\/2017\/12\/7038d473-e9c1-483e-b1a4-688012e80373-350x230.jpg\" alt=\"\" width=\"300\" height=\"197\" \/><p id=\"caption-attachment-2101\" class=\"wp-caption-text\">Foto: Isak de Castro\/PMP<\/p><\/div>\n<p>Emocionado, o prefeito Marcelo Gouveia, comentou sobre as conquistas em t\u00e3o pouco tempo. \u201cMuito satisfat\u00f3rio, realmente \u00e9 muito importante, muito gratificante a gente ver nossos sonhos, os sonhos da comunidade, nossas promessas, se tornarem realidade. A gente conseguir concretizar esses sonhos \u00e9 realmente um sentimento indescrit\u00edvel\u201d, afirmou.<\/p>\n<p>&nbsp;<\/p>\n<div id=\"attachment_2102\" style=\"width: 310px\" class=\"wp-caption alignnone\"><img loading=\"lazy\" decoding=\"async\" aria-describedby=\"caption-attachment-2102\" class=\"size-medium wp-image-2102\" src=\"http:\/\/www.paudalho.pe.gov.br\/portal\/wp-content\/uploads\/2017\/12\/731517ad-4867-4cff-aae9-3a776f0ebcd5-350x230.jpg\" alt=\"\" width=\"300\" height=\"197\" \/><p id=\"caption-attachment-2102\" class=\"wp-caption-text\">Foto: Isak de Castro\/PMP<\/p><\/div>\n<div id=\"attachment_2106\" style=\"width: 310px\" class=\"wp-caption alignnone\"><img loading=\"lazy\" decoding=\"async\" aria-describedby=\"caption-attachment-2106\" data-attachment-id=\"2106\" data-permalink=\"https:\/\/www.paudalho.pe.gov.br\/portal\/colegio-municipal-de-guadalajara-e-inaugurado-e-obra-impressiona-populacao\/2accc5f3-177d-4a41-8626-ad1eebb4030e\/\" data-orig-file=\"https:\/\/www.paudalho.pe.gov.br\/portal\/wp-content\/uploads\/2017\/12\/2accc5f3-177d-4a41-8626-ad1eebb4030e.jpg\" data-orig-size=\"1280,853\" data-comments-opened=\"1\" data-image-meta=\"{&quot;aperture&quot;:&quot;0&quot;,&quot;credit&quot;:&quot;&quot;,&quot;camera&quot;:&quot;&quot;,&quot;caption&quot;:&quot;&quot;,&quot;created_timestamp&quot;:&quot;0&quot;,&quot;copyright&quot;:&quot;&quot;,&quot;focal_length&quot;:&quot;0&quot;,&quot;iso&quot;:&quot;0&quot;,&quot;shutter_speed&quot;:&quot;0&quot;,&quot;title&quot;:&quot;&quot;,&quot;orientation&quot;:&quot;0&quot;}\" data-image-title=\"2accc5f3-177d-4a41-8626-ad1eebb4030e\" data-image-description=\"\" data-image-caption=\"&lt;p&gt;Foto: Isak de Castro\/PMP&lt;\/p&gt;\n\" data-medium-file=\"https:\/\/www.paudalho.pe.gov.br\/portal\/wp-content\/uploads\/2017\/12\/2accc5f3-177d-4a41-8626-ad1eebb4030e-350x230.jpg\" data-large-file=\"https:\/\/www.paudalho.pe.gov.br\/portal\/wp-content\/uploads\/2017\/12\/2accc5f3-177d-4a41-8626-ad1eebb4030e-800x450.jpg\" class=\"size-medium wp-image-2106\" src=\"http:\/\/www.paudalho.pe.gov.br\/portal\/wp-content\/uploads\/2017\/12\/2accc5f3-177d-4a41-8626-ad1eebb4030e-350x230.jpg\" alt=\"\" width=\"300\" height=\"197\" \/><p id=\"caption-attachment-2106\" class=\"wp-caption-text\">Foto: Isak de Castro\/PMP<\/p><\/div>\n<div id=\"attachment_2103\" style=\"width: 310px\" class=\"wp-caption alignnone\"><img loading=\"lazy\" decoding=\"async\" aria-describedby=\"caption-attachment-2103\" data-attachment-id=\"2103\" data-permalink=\"https:\/\/www.paudalho.pe.gov.br\/portal\/colegio-municipal-de-guadalajara-e-inaugurado-e-obra-impressiona-populacao\/cd44e914-1edc-4779-9159-fbf8fabd00be\/\" data-orig-file=\"https:\/\/www.paudalho.pe.gov.br\/portal\/wp-content\/uploads\/2017\/12\/cd44e914-1edc-4779-9159-fbf8fabd00be.jpg\" data-orig-size=\"1280,853\" data-comments-opened=\"1\" data-image-meta=\"{&quot;aperture&quot;:&quot;0&quot;,&quot;credit&quot;:&quot;&quot;,&quot;camera&quot;:&quot;&quot;,&quot;caption&quot;:&quot;&quot;,&quot;created_timestamp&quot;:&quot;0&quot;,&quot;copyright&quot;:&quot;&quot;,&quot;focal_length&quot;:&quot;0&quot;,&quot;iso&quot;:&quot;0&quot;,&quot;shutter_speed&quot;:&quot;0&quot;,&quot;title&quot;:&quot;&quot;,&quot;orientation&quot;:&quot;0&quot;}\" data-image-title=\"cd44e914-1edc-4779-9159-fbf8fabd00be\" data-image-description=\"\" data-image-caption=\"&lt;p&gt;Foto: Isak de Castro\/PMP&lt;\/p&gt;\n\" data-medium-file=\"https:\/\/www.paudalho.pe.gov.br\/portal\/wp-content\/uploads\/2017\/12\/cd44e914-1edc-4779-9159-fbf8fabd00be-350x230.jpg\" data-large-file=\"https:\/\/www.paudalho.pe.gov.br\/portal\/wp-content\/uploads\/2017\/12\/cd44e914-1edc-4779-9159-fbf8fabd00be-800x450.jpg\" class=\"size-medium wp-image-2103\" src=\"http:\/\/www.paudalho.pe.gov.br\/portal\/wp-content\/uploads\/2017\/12\/cd44e914-1edc-4779-9159-fbf8fabd00be-350x230.jpg\" alt=\"\" width=\"300\" height=\"197\" \/><p id=\"caption-attachment-2103\" class=\"wp-caption-text\">Foto: Isak de Castro\/PMP<\/p><\/div>\n<h2><strong>Tem mais obras<\/strong><\/h2>\n<p>O gestor da cidade ainda anunciou que outras obras v\u00e3o ser iniciadas na cidade. \u201cNossas perspectivas s\u00e3o muito positivas, acredito que fim de dezembro e in\u00edcio de janeiro a gente estar\u00e1 dando ordem de servi\u00e7o para mais duas obras: duas creches de R$ 2,5 milh\u00f5es cada, uma no Bel\u00e9m e outra no Loteamento primavera; no in\u00edcio do ano acho que a gente conseguir\u00e1 emplacar mais tr\u00eas novas escolas no nosso munic\u00edpio\u201d, esclareceu.<\/p>\n<p>A solenidade contou com participa\u00e7\u00e3o de diversas autoridades, entre elas o ministro da Educa\u00e7\u00e3o, Mendon\u00e7a Filho. Na ocasi\u00e3o, o representante federal assinou ordens de servi\u00e7o da constru\u00e7\u00e3o das creches nos bairros do Bel\u00e9m e Primavera. A retomada das obras das quadras das escolas Manoel da Rosa, Genilda Martins e da cobertura da quadra da Escola Jos\u00e9 Bonif\u00e1cio tamb\u00e9m foram anunciadas por eles.<\/p>\n<div id=\"attachment_2107\" style=\"width: 310px\" class=\"wp-caption alignnone\"><img loading=\"lazy\" decoding=\"async\" aria-describedby=\"caption-attachment-2107\" class=\"size-medium wp-image-2107\" src=\"http:\/\/www.paudalho.pe.gov.br\/portal\/wp-content\/uploads\/2017\/12\/8e346a60-52b8-43bf-b685-141743b666dd-350x230.jpg\" alt=\"\" width=\"300\" height=\"197\" \/><p id=\"caption-attachment-2107\" class=\"wp-caption-text\">Foto: Isak de Castro\/PMP<\/p><\/div>\n<p>A celebra\u00e7\u00e3o ainda contou com a participa\u00e7\u00e3o da Banda 22 de Novembro, coral e da popula\u00e7\u00e3o que n\u00e3o tirava os olhos de cada pequeno detalhe do local. A Prefeitura segue avan\u00e7ando no compromisso com o bem-estar dos paudalhenses.<\/p>\n<p>&nbsp;<\/p>\n","protected":false},"excerpt":{"rendered":"<p>\u201c\u00d3timo, maravilha, \u00e9 outra escola&#8230; N\u00e3o tenho palavras&#8230;Nota 10\u201d, disse a moradora de Guadalajara Maria Jos\u00e9 sobre a reinaugura\u00e7\u00e3o do Col\u00e9gio Municipal de Guadalajara que ocorreu no \u00faltimo s\u00e1bado (2). Centenas de pessoas lotaram a unidade e ficaram impressionadas com a nova estrutura que vai oferecer aos mais de 700 alunos, ensino de qualidade. O [&hellip;]<\/p>\n","protected":false},"author":4,"featured_media":2092,"comment_status":"open","ping_status":"open","sticky":false,"template":"","format":"standard","meta":{"_jetpack_newsletter_access":"","_jetpack_dont_email_post_to_subs":false,"_jetpack_newsletter_tier_id":0,"_jetpack_memberships_contains_paywalled_content":false,"_jetpack_memberships_contains_paid_content":false,"footnotes":""},"categories":[2,35],"tags":[],"class_list":["post-2091","post","type-post","status-publish","format-standard","has-post-thumbnail","hentry","category-destaque","category-obras"],"jetpack_featured_media_url":"https:\/\/www.paudalho.pe.gov.br\/portal\/wp-content\/uploads\/2017\/12\/576dd676-8118-4f49-b499-cc6ed997b138.jpg","jetpack_sharing_enabled":true,"jetpack_shortlink":"https:\/\/wp.me\/p98mS2-xJ","_links":{"self":[{"href":"https:\/\/www.paudalho.pe.gov.br\/portal\/wp-json\/wp\/v2\/posts\/2091","targetHints":{"allow":["GET"]}}],"collection":[{"href":"https:\/\/www.paudalho.pe.gov.br\/portal\/wp-json\/wp\/v2\/posts"}],"about":[{"href":"https:\/\/www.paudalho.pe.gov.br\/portal\/wp-json\/wp\/v2\/types\/post"}],"author":[{"embeddable":true,"href":"https:\/\/www.paudalho.pe.gov.br\/portal\/wp-json\/wp\/v2\/users\/4"}],"replies":[{"embeddable":true,"href":"https:\/\/www.paudalho.pe.gov.br\/portal\/wp-json\/wp\/v2\/comments?post=2091"}],"version-history":[{"count":5,"href":"https:\/\/www.paudalho.pe.gov.br\/portal\/wp-json\/wp\/v2\/posts\/2091\/revisions"}],"predecessor-version":[{"id":2339,"href":"https:\/\/www.paudalho.pe.gov.br\/portal\/wp-json\/wp\/v2\/posts\/2091\/revisions\/2339"}],"wp:featuredmedia":[{"embeddable":true,"href":"https:\/\/www.paudalho.pe.gov.br\/portal\/wp-json\/wp\/v2\/media\/2092"}],"wp:attachment":[{"href":"https:\/\/www.paudalho.pe.gov.br\/portal\/wp-json\/wp\/v2\/media?parent=2091"}],"wp:term":[{"taxonomy":"category","embeddable":true,"href":"https:\/\/www.paudalho.pe.gov.br\/portal\/wp-json\/wp\/v2\/categories?post=2091"},{"taxonomy":"post_tag","embeddable":true,"href":"https:\/\/www.paudalho.pe.gov.br\/portal\/wp-json\/wp\/v2\/tags?post=2091"}],"curies":[{"name":"wp","href":"https:\/\/api.w.org\/{rel}","templated":true}]}}