{"id":20777,"date":"2021-11-29T14:40:52","date_gmt":"2021-11-29T17:40:52","guid":{"rendered":"https:\/\/www.paudalho.pe.gov.br\/portal\/?p=20777"},"modified":"2025-01-08T00:39:18","modified_gmt":"2025-01-08T03:39:18","slug":"prefeitura-promovera-palestras-gratuitas-durante-programacao-da-iii-feira-de-natal-de-paudalho-fenapa","status":"publish","type":"post","link":"https:\/\/www.paudalho.pe.gov.br\/portal\/prefeitura-promovera-palestras-gratuitas-durante-programacao-da-iii-feira-de-natal-de-paudalho-fenapa\/","title":{"rendered":"Prefeitura promover\u00e1 palestras gratuitas durante programa\u00e7\u00e3o da III Feira de Natal de Paudalho (FENAPA)"},"content":{"rendered":"\n<p>A <strong>III Feira de Natal de Paudalho (FENAPA)<\/strong> est\u00e1 cada dia mais pr\u00f3xima. A edi\u00e7\u00e3o de 2021 ter\u00e1 in\u00edcio nesta quinta-feira (02) e prosseguir\u00e1 at\u00e9 o domingo, dia 05 de dezembro. Al\u00e9m da exposi\u00e7\u00e3o de produtos com qualidade e pre\u00e7o justo, a FENAPA tamb\u00e9m disponibilizar\u00e1 oito palestras gratuitas e abertas ao p\u00fablico. A feira \u00e9 uma realiza\u00e7\u00e3o da Prefeitura do Paudalho em parceria com o Servi\u00e7o Brasileiro de Apoio \u00e0s Micro e Pequenas Empresas (Sebrae). <\/p>\n\n\n\n<p>Em cada dia do evento ser\u00e3o oferecidas duas palestras com carga hor\u00e1ria de duas horas. Os temas abordados ser\u00e3o: &#8220;Atendimento que Faz a Diferen\u00e7a&#8221;; &#8220;Como Conquistar e Manter Clientes&#8221;; &#8220;Potencializando as Vendas com o WhatsApp Business&#8221;; &#8220;Primeiros Passos para Colocar o Seu Neg\u00f3cio na Internet&#8221;; &#8220;Aumentando suas Vendas com Criatividade&#8221;; &#8220;O Novo Perfil do Consumidor&#8221;; &#8220;Entendendo Custos, Despesas e Pre\u00e7o de Venda&#8221; e &#8220;Estoque \u2013 Sem Sobrar Nem Faltar&#8221;.<\/p>\n\n\n\n<figure class=\"wp-block-gallery columns-1 is-cropped wp-block-gallery-1 is-layout-flex wp-block-gallery-is-layout-flex\"><ul class=\"blocks-gallery-grid\"><li class=\"blocks-gallery-item\"><figure><img loading=\"lazy\" decoding=\"async\" width=\"800\" height=\"450\" data-attachment-id=\"20841\" data-permalink=\"https:\/\/www.paudalho.pe.gov.br\/portal\/prefeitura-promovera-palestras-gratuitas-durante-programacao-da-iii-feira-de-natal-de-paudalho-fenapa\/davi7665\/\" data-orig-file=\"https:\/\/www.paudalho.pe.gov.br\/portal\/wp-content\/uploads\/2021\/11\/DAVI7665-scaled.jpg\" data-orig-size=\"2560,1707\" data-comments-opened=\"1\" data-image-meta=\"{&quot;aperture&quot;:&quot;4&quot;,&quot;credit&quot;:&quot;&quot;,&quot;camera&quot;:&quot;Canon EOS 5D Mark III&quot;,&quot;caption&quot;:&quot;&quot;,&quot;created_timestamp&quot;:&quot;1544210727&quot;,&quot;copyright&quot;:&quot;&quot;,&quot;focal_length&quot;:&quot;85&quot;,&quot;iso&quot;:&quot;3200&quot;,&quot;shutter_speed&quot;:&quot;0.016666666666667&quot;,&quot;title&quot;:&quot;&quot;,&quot;orientation&quot;:&quot;0&quot;}\" data-image-title=\"DAVI7665\" data-image-description=\"\" data-image-caption=\"\" data-medium-file=\"https:\/\/www.paudalho.pe.gov.br\/portal\/wp-content\/uploads\/2021\/11\/DAVI7665-350x230.jpg\" data-large-file=\"https:\/\/www.paudalho.pe.gov.br\/portal\/wp-content\/uploads\/2021\/11\/DAVI7665-800x450.jpg\" src=\"https:\/\/www.paudalho.pe.gov.br\/portal\/wp-content\/uploads\/2021\/11\/DAVI7665-800x450.jpg\" alt=\"\" data-id=\"20841\" data-full-url=\"https:\/\/www.paudalho.pe.gov.br\/portal\/wp-content\/uploads\/2021\/11\/DAVI7665-scaled.jpg\" data-link=\"https:\/\/www.paudalho.pe.gov.br\/portal\/?attachment_id=20841\" class=\"wp-image-20841\"\/><figcaption class=\"blocks-gallery-item__caption\"><em>Os visitantes da III Feira de Natal de Paudalho poder\u00e3o ter acesso a produtos variados e com pre\u00e7o justo. Foto: Josu\u00e9 J\u00fanior\/PMP.<\/em><\/figcaption><\/figure><\/li><\/ul><\/figure>\n\n\n\n<p>Para garantir uma vaga, os interessados dever\u00e3o se cadastrar de forma presencial na sede da Secretaria Executiva de Desenvolvimento Econ\u00f4mico, Meio Ambiente e Qualifica\u00e7\u00e3o Profissional (SEDEMAQ), localizada no P\u00e1tio da Feira Prefeito Ulisses Roque, popularmente conhecido como P\u00e1tio da Feira Livre, no centro da cidade. O atendimento no local funciona de segunda a sexta, das 8h \u00e0s 14h. <\/p>\n\n\n\n<p>No momento da inscri\u00e7\u00e3o ser\u00e1 preciso apresentar alguns dados pessoais como o nome completo, o RG e o CPF. A SEDEMAQ informa que ser\u00e1 poss\u00edvel realizar o cadastro durante o evento, entretanto, o n\u00famero de vagas \u00e9 limitado para 30 pessoas por turma. A secretaria tamb\u00e9m refor\u00e7a que o uso de m\u00e1scara ser\u00e1 obrigat\u00f3rio. Todos os inscritos que comparecerem nas palestras ir\u00e3o receber certificados de participa\u00e7\u00e3o.<\/p>\n\n\n\n<p><strong>Confira o cronograma de palestras na tabela abaixo:<\/strong><\/p>\n\n\n\n<figure class=\"wp-block-table is-style-stripes\"><table><tbody><tr><td><strong>TEMA<\/strong><\/td><td class=\"has-text-align-center\" data-align=\"center\"><strong>CARGA HOR\u00c1RIA<\/strong><\/td><td class=\"has-text-align-center\" data-align=\"center\"><strong>DATA<\/strong><\/td><td class=\"has-text-align-center\" data-align=\"center\"><strong>HOR\u00c1RIO<\/strong><\/td><\/tr><tr><td> Atendimento que Faz a Diferen\u00e7a<\/td><td class=\"has-text-align-center\" data-align=\"center\">2h<\/td><td class=\"has-text-align-center\" data-align=\"center\">02\/12<\/td><td class=\"has-text-align-center\" data-align=\"center\">18h<\/td><\/tr><tr><td> Como Conquistar e Manter Clientes <\/td><td class=\"has-text-align-center\" data-align=\"center\">2h<\/td><td class=\"has-text-align-center\" data-align=\"center\">02\/12<\/td><td class=\"has-text-align-center\" data-align=\"center\">20h<\/td><\/tr><tr><td> Potencializando as Vendas com o WhatsApp Business <\/td><td class=\"has-text-align-center\" data-align=\"center\">2h<\/td><td class=\"has-text-align-center\" data-align=\"center\">03\/12<\/td><td class=\"has-text-align-center\" data-align=\"center\">18h<\/td><\/tr><tr><td> Primeiros Passos para Colocar o Seu Neg\u00f3cio na Internet <\/td><td class=\"has-text-align-center\" data-align=\"center\">2h<\/td><td class=\"has-text-align-center\" data-align=\"center\">03\/12<\/td><td class=\"has-text-align-center\" data-align=\"center\">20h<\/td><\/tr><tr><td>Aumentando suas Vendas com Criatividade<\/td><td class=\"has-text-align-center\" data-align=\"center\">2h<\/td><td class=\"has-text-align-center\" data-align=\"center\">04\/12<\/td><td class=\"has-text-align-center\" data-align=\"center\">18h<\/td><\/tr><tr><td>O Novo Perfil do Consumidor<\/td><td class=\"has-text-align-center\" data-align=\"center\">2h<\/td><td class=\"has-text-align-center\" data-align=\"center\">04\/12<\/td><td class=\"has-text-align-center\" data-align=\"center\">20h<\/td><\/tr><tr><td>Entendendo Custos, Despesas e Pre\u00e7o de Venda<\/td><td class=\"has-text-align-center\" data-align=\"center\">2h<\/td><td class=\"has-text-align-center\" data-align=\"center\">05\/12<\/td><td class=\"has-text-align-center\" data-align=\"center\">18h<\/td><\/tr><tr><td>Estoque \u2013 Sem Sobrar Nem Faltar<\/td><td class=\"has-text-align-center\" data-align=\"center\">2h<\/td><td class=\"has-text-align-center\" data-align=\"center\">05\/12<\/td><td class=\"has-text-align-center\" data-align=\"center\">20h<\/td><\/tr><\/tbody><\/table><\/figure>\n\n\n\n<figure class=\"wp-block-gallery columns-2 is-cropped wp-block-gallery-2 is-layout-flex wp-block-gallery-is-layout-flex\"><ul class=\"blocks-gallery-grid\"><li class=\"blocks-gallery-item\"><figure><img loading=\"lazy\" decoding=\"async\" width=\"800\" height=\"450\" data-attachment-id=\"20865\" data-permalink=\"https:\/\/www.paudalho.pe.gov.br\/portal\/prefeitura-promovera-palestras-gratuitas-durante-programacao-da-iii-feira-de-natal-de-paudalho-fenapa\/davi7643\/\" data-orig-file=\"https:\/\/www.paudalho.pe.gov.br\/portal\/wp-content\/uploads\/2021\/11\/DAVI7643-scaled.jpg\" data-orig-size=\"2560,1707\" data-comments-opened=\"1\" data-image-meta=\"{&quot;aperture&quot;:&quot;4&quot;,&quot;credit&quot;:&quot;&quot;,&quot;camera&quot;:&quot;Canon EOS 5D Mark III&quot;,&quot;caption&quot;:&quot;&quot;,&quot;created_timestamp&quot;:&quot;1544210306&quot;,&quot;copyright&quot;:&quot;&quot;,&quot;focal_length&quot;:&quot;24&quot;,&quot;iso&quot;:&quot;5000&quot;,&quot;shutter_speed&quot;:&quot;0.02&quot;,&quot;title&quot;:&quot;&quot;,&quot;orientation&quot;:&quot;0&quot;}\" data-image-title=\"DAVI7643\" data-image-description=\"\" data-image-caption=\"&lt;p&gt;Foto: Josu\u00e9 J\u00fanior\/PMP.&lt;\/p&gt;\n\" data-medium-file=\"https:\/\/www.paudalho.pe.gov.br\/portal\/wp-content\/uploads\/2021\/11\/DAVI7643-350x230.jpg\" data-large-file=\"https:\/\/www.paudalho.pe.gov.br\/portal\/wp-content\/uploads\/2021\/11\/DAVI7643-800x450.jpg\" src=\"https:\/\/www.paudalho.pe.gov.br\/portal\/wp-content\/uploads\/2021\/11\/DAVI7643-800x450.jpg\" alt=\"\" data-id=\"20865\" data-full-url=\"https:\/\/www.paudalho.pe.gov.br\/portal\/wp-content\/uploads\/2021\/11\/DAVI7643-scaled.jpg\" data-link=\"https:\/\/www.paudalho.pe.gov.br\/portal\/?attachment_id=20865\" class=\"wp-image-20865\"\/><figcaption class=\"blocks-gallery-item__caption\"><em>Foto: Josu\u00e9 J\u00fanior\/PMP.<\/em><\/figcaption><\/figure><\/li><li class=\"blocks-gallery-item\"><figure><img loading=\"lazy\" decoding=\"async\" width=\"800\" height=\"450\" data-attachment-id=\"20824\" data-permalink=\"https:\/\/www.paudalho.pe.gov.br\/portal\/prefeitura-promovera-palestras-gratuitas-durante-programacao-da-iii-feira-de-natal-de-paudalho-fenapa\/davi7711\/\" data-orig-file=\"https:\/\/www.paudalho.pe.gov.br\/portal\/wp-content\/uploads\/2021\/11\/DAVI7711-scaled.jpg\" data-orig-size=\"2560,1707\" data-comments-opened=\"1\" data-image-meta=\"{&quot;aperture&quot;:&quot;5&quot;,&quot;credit&quot;:&quot;&quot;,&quot;camera&quot;:&quot;Canon EOS 5D Mark III&quot;,&quot;caption&quot;:&quot;&quot;,&quot;created_timestamp&quot;:&quot;1544216126&quot;,&quot;copyright&quot;:&quot;&quot;,&quot;focal_length&quot;:&quot;28&quot;,&quot;iso&quot;:&quot;3200&quot;,&quot;shutter_speed&quot;:&quot;0.0125&quot;,&quot;title&quot;:&quot;&quot;,&quot;orientation&quot;:&quot;0&quot;}\" data-image-title=\"DAVI7711\" data-image-description=\"\" data-image-caption=\"&lt;p&gt;Foto: Josu\u00e9 J\u00fanior\/PMP.&lt;\/p&gt;\n\" data-medium-file=\"https:\/\/www.paudalho.pe.gov.br\/portal\/wp-content\/uploads\/2021\/11\/DAVI7711-350x230.jpg\" data-large-file=\"https:\/\/www.paudalho.pe.gov.br\/portal\/wp-content\/uploads\/2021\/11\/DAVI7711-800x450.jpg\" src=\"https:\/\/www.paudalho.pe.gov.br\/portal\/wp-content\/uploads\/2021\/11\/DAVI7711-800x450.jpg\" alt=\"\" data-id=\"20824\" data-full-url=\"https:\/\/www.paudalho.pe.gov.br\/portal\/wp-content\/uploads\/2021\/11\/DAVI7711-scaled.jpg\" data-link=\"https:\/\/www.paudalho.pe.gov.br\/portal\/?attachment_id=20824\" class=\"wp-image-20824\"\/><figcaption class=\"blocks-gallery-item__caption\"><em>Foto: Josu\u00e9 J\u00fanior\/PMP.<\/em><\/figcaption><\/figure><\/li><\/ul><\/figure>\n\n\n\n<h3 class=\"wp-block-heading\"><strong>Sobre a Feira de Natal de Paudalho (FENAPA)<\/strong><\/h3>\n\n\n\n<p>Desde 2018, a Prefeitura do Paudalho, atrav\u00e9s da Secretaria Executiva de Desenvolvimento Econ\u00f4mico, Meio Ambiente e Qualifica\u00e7\u00e3o Profissional (SEDEMAQ), realiza durante o m\u00eas de dezembro um evento especial: a Feira de Natal de Paudalho (FENAPA). A iniciativa tem como principal finalidade gerar oportunidades de neg\u00f3cios durante o final do ano para comerciantes, artes\u00e3os e prestadores de servi\u00e7os do munic\u00edpio e da regi\u00e3o, atrav\u00e9s do contato direto com os consumidores.<\/p>\n\n\n\n<p>No contexto da pandemia, a feira tamb\u00e9m \u00e9 uma importante a\u00e7\u00e3o que ir\u00e1 colaborar com a retomada gradual da atividade econ\u00f4mica. E diante do sucesso alcan\u00e7ado nas edi\u00e7\u00f5es anteriores, este ano a III FENAPA contar\u00e1 com um n\u00famero maior de estandes. No total, ser\u00e3o 66 pontos para exposi\u00e7\u00e3o e comercializa\u00e7\u00e3o de produtos. <\/p>\n\n\n\n<p>O p\u00fablico ter\u00e1 acesso a uma diversidade de itens como: acess\u00f3rios, confec\u00e7\u00e3o, \u00f3culos, artesanato, artigos personalizados, perfumes, esmalteria, presta\u00e7\u00e3o de servi\u00e7os de est\u00e9tica, inform\u00e1tica, seguran\u00e7a, gastronomia, entre outros.\u00a0Al\u00e9m dessa variedade, os visitantes poder\u00e3o prestigiar apresenta\u00e7\u00f5es art\u00edsticas da cultura paudalhense, espet\u00e1culos que ser\u00e3o promovidos em parceria com a Secretaria Municipal de Cultura, Turismo, Lazer e Juventude.<\/p>\n\n\n\n<p><\/p>\n\n\n\n<p><\/p>\n","protected":false},"excerpt":{"rendered":"<p>A III Feira de Natal de Paudalho (FENAPA) est\u00e1 cada dia mais pr\u00f3xima. A edi\u00e7\u00e3o de 2021 ter\u00e1 in\u00edcio nesta quinta-feira (02) e prosseguir\u00e1 at\u00e9 o domingo, dia 05 de dezembro. Al\u00e9m da exposi\u00e7\u00e3o de produtos com qualidade e pre\u00e7o justo, a FENAPA tamb\u00e9m disponibilizar\u00e1 oito palestras gratuitas e abertas ao p\u00fablico. A feira \u00e9 [&hellip;]<\/p>\n","protected":false},"author":6,"featured_media":20821,"comment_status":"open","ping_status":"open","sticky":false,"template":"","format":"standard","meta":{"_jetpack_newsletter_access":"","_jetpack_dont_email_post_to_subs":false,"_jetpack_newsletter_tier_id":0,"_jetpack_memberships_contains_paywalled_content":false,"_jetpack_memberships_contains_paid_content":false,"footnotes":""},"categories":[2,837,1,753],"tags":[823,232,22],"class_list":["post-20777","post","type-post","status-publish","format-standard","has-post-thumbnail","hentry","category-destaque","category-fenapa","category-noticias","category-qualificacao-profissional","tag-feira-de-natal-de-paudalho","tag-natal","tag-prefeitura-do-paudalho"],"jetpack_featured_media_url":"https:\/\/www.paudalho.pe.gov.br\/portal\/wp-content\/uploads\/2021\/11\/DAVI7698-1-scaled.jpg","jetpack_sharing_enabled":true,"jetpack_shortlink":"https:\/\/wp.me\/p98mS2-5p7","_links":{"self":[{"href":"https:\/\/www.paudalho.pe.gov.br\/portal\/wp-json\/wp\/v2\/posts\/20777","targetHints":{"allow":["GET"]}}],"collection":[{"href":"https:\/\/www.paudalho.pe.gov.br\/portal\/wp-json\/wp\/v2\/posts"}],"about":[{"href":"https:\/\/www.paudalho.pe.gov.br\/portal\/wp-json\/wp\/v2\/types\/post"}],"author":[{"embeddable":true,"href":"https:\/\/www.paudalho.pe.gov.br\/portal\/wp-json\/wp\/v2\/users\/6"}],"replies":[{"embeddable":true,"href":"https:\/\/www.paudalho.pe.gov.br\/portal\/wp-json\/wp\/v2\/comments?post=20777"}],"version-history":[{"count":63,"href":"https:\/\/www.paudalho.pe.gov.br\/portal\/wp-json\/wp\/v2\/posts\/20777\/revisions"}],"predecessor-version":[{"id":20877,"href":"https:\/\/www.paudalho.pe.gov.br\/portal\/wp-json\/wp\/v2\/posts\/20777\/revisions\/20877"}],"wp:featuredmedia":[{"embeddable":true,"href":"https:\/\/www.paudalho.pe.gov.br\/portal\/wp-json\/wp\/v2\/media\/20821"}],"wp:attachment":[{"href":"https:\/\/www.paudalho.pe.gov.br\/portal\/wp-json\/wp\/v2\/media?parent=20777"}],"wp:term":[{"taxonomy":"category","embeddable":true,"href":"https:\/\/www.paudalho.pe.gov.br\/portal\/wp-json\/wp\/v2\/categories?post=20777"},{"taxonomy":"post_tag","embeddable":true,"href":"https:\/\/www.paudalho.pe.gov.br\/portal\/wp-json\/wp\/v2\/tags?post=20777"}],"curies":[{"name":"wp","href":"https:\/\/api.w.org\/{rel}","templated":true}]}}